{"id":2706,"date":"2026-07-03T11:33:17","date_gmt":"2026-07-03T11:33:17","guid":{"rendered":"https:\/\/gundem59.com.tr\/?p=2706"},"modified":"2026-07-03T11:33:17","modified_gmt":"2026-07-03T11:33:17","slug":"kapaklida-eglence-mekaninda-silahli-kavga-1i-agir-4-yarali","status":"publish","type":"post","link":"https:\/\/gundem59.com.tr\/?p=2706","title":{"rendered":"Kapakl\u0131&#8217;da E\u011flence Mekan\u0131nda Silahl\u0131 Kavga: 1&#8217;i A\u011f\u0131r 4 Yaral\u0131"},"content":{"rendered":"\n<p class=\"wp-block-paragraph\"><strong>TEK\u0130RDA\u011e \u2013<\/strong> Tekirda\u011f&#8217;\u0131n Kapakl\u0131 il\u00e7esinde bir e\u011flence mekan\u0131nda \u00e7\u0131kan silahl\u0131 kavgada 1&#8217;i a\u011f\u0131r olmak \u00fczere 4 ki\u015fi yaraland\u0131. Olay\u0131n ard\u0131ndan ka\u00e7an \u015f\u00fcpheli, \u0130stanbul&#8217;da d\u00fczenlenen operasyonla yakalan\u0131rken, emniyetteki i\u015flemleri s\u00fcr\u00fcyor.<\/p>\n\n\n\n<p class=\"wp-block-paragraph\">Olay, <strong>\u0130smetpa\u015fa Mahallesi<\/strong>&#8216;nde bulunan bir e\u011flence mekan\u0131nda meydana geldi.<\/p>\n\n\n\n<p class=\"wp-block-paragraph\">Edinilen bilgilere g\u00f6re, iki grup aras\u0131nda hen\u00fcz belirlenemeyen nedenle ba\u015flayan tart\u0131\u015fma k\u0131sa s\u00fcrede b\u00fcy\u00fcyerek silahl\u0131 kavgaya d\u00f6n\u00fc\u015ft\u00fc. Kavga s\u0131ras\u0131nda <strong>F.P.<\/strong>, yan\u0131nda bulunan tabancayla ate\u015f a\u00e7t\u0131.<\/p>\n\n\n\n<p class=\"wp-block-paragraph\">A\u00e7\u0131lan ate\u015f sonucu <strong>O.A., U.E., E.O. ve Y.C.<\/strong> \u00e7e\u015fitli yerlerinden yaraland\u0131.<\/p>\n\n\n\n<h2 class=\"wp-block-heading\">Yaral\u0131lardan Birinin Durumu A\u011f\u0131r<\/h2>\n\n\n\n<p class=\"wp-block-paragraph\">\u0130hbar \u00fczerine olay yerine \u00e7ok say\u0131da polis ve sa\u011fl\u0131k ekibi sevk edildi. Sa\u011fl\u0131k ekiplerinin ilk m\u00fcdahalesinin ard\u0131ndan yaral\u0131lar ambulanslarla <strong>Kapakl\u0131 Devlet Hastanesi<\/strong> ve <strong>\u00c7erkezk\u00f6y Devlet Hastanesi<\/strong>&#8216;ne kald\u0131r\u0131ld\u0131.<\/p>\n\n\n\n<p class=\"wp-block-paragraph\">Tedavi alt\u0131na al\u0131nan yaral\u0131lardan <strong>O.A.<\/strong>&#8216;n\u0131n hayati tehlikesinin bulundu\u011fu \u00f6\u011frenildi.<\/p>\n\n\n\n<h2 class=\"wp-block-heading\">\u015e\u00fcpheli \u0130stanbul&#8217;da Yakaland\u0131<\/h2>\n\n\n\n<p class=\"wp-block-paragraph\">Silahl\u0131 sald\u0131r\u0131n\u0131n ard\u0131ndan olay yerinden ka\u00e7an \u015f\u00fcpheli <strong>F.P.<\/strong>&#8216;nin yakalanmas\u0131 i\u00e7in Kapakl\u0131 \u0130l\u00e7e Emniyet M\u00fcd\u00fcrl\u00fc\u011f\u00fc ekipleri \u00e7al\u0131\u015fma ba\u015flatt\u0131.<\/p>\n\n\n\n<p class=\"wp-block-paragraph\">Yap\u0131lan ara\u015ft\u0131rmalarda \u015f\u00fcphelinin \u0130stanbul&#8217;da oldu\u011fu tespit edildi. D\u00fczenlenen operasyonla g\u00f6zalt\u0131na al\u0131nan zanl\u0131, i\u015flemleri i\u00e7in <strong>Kapakl\u0131 \u0130l\u00e7e Emniyet M\u00fcd\u00fcrl\u00fc\u011f\u00fc<\/strong>&#8216;ne g\u00f6t\u00fcr\u00fcld\u00fc.<\/p>\n\n\n\n<p class=\"wp-block-paragraph\">Olayla ilgili soru\u015fturma s\u00fcr\u00fcyor.<\/p>\n","protected":false},"excerpt":{"rendered":"<p>TEK\u0130RDA\u011e \u2013 Tekirda\u011f&#8217;\u0131n Kapakl\u0131 il\u00e7esinde bir e\u011flence mekan\u0131nda \u00e7\u0131kan silahl\u0131 kavgada 1&#8217;i a\u011f\u0131r olmak \u00fczere&#8230;<\/p>\n","protected":false},"author":1,"featured_media":2707,"comment_status":"closed","ping_status":"closed","sticky":false,"template":"","format":"standard","meta":{"footnotes":""},"categories":[7],"tags":[],"ppma_author":[57],"class_list":["post-2706","post","type-post","status-publish","format-standard","has-post-thumbnail","hentry","category-kapakli"],"authors":[{"term_id":57,"user_id":1,"is_guest":0,"slug":"admin","display_name":"Alp Aslan","avatar_url":"https:\/\/secure.gravatar.com\/avatar\/07c18c5ad3350b025db8f3328450e071acb435c703e565899c880c63362f137a?s=96&d=mm&r=g","author_category":"1","first_name":"Alp Aslan","last_name":"ER\u0130N","user_url":"http:\/\/www.gundem59.com.tr","job_title":"","description":""}],"_links":{"self":[{"href":"https:\/\/gundem59.com.tr\/index.php?rest_route=\/wp\/v2\/posts\/2706","targetHints":{"allow":["GET"]}}],"collection":[{"href":"https:\/\/gundem59.com.tr\/index.php?rest_route=\/wp\/v2\/posts"}],"about":[{"href":"https:\/\/gundem59.com.tr\/index.php?rest_route=\/wp\/v2\/types\/post"}],"author":[{"embeddable":true,"href":"https:\/\/gundem59.com.tr\/index.php?rest_route=\/wp\/v2\/users\/1"}],"replies":[{"embeddable":true,"href":"https:\/\/gundem59.com.tr\/index.php?rest_route=%2Fwp%2Fv2%2Fcomments&post=2706"}],"version-history":[{"count":1,"href":"https:\/\/gundem59.com.tr\/index.php?rest_route=\/wp\/v2\/posts\/2706\/revisions"}],"predecessor-version":[{"id":2708,"href":"https:\/\/gundem59.com.tr\/index.php?rest_route=\/wp\/v2\/posts\/2706\/revisions\/2708"}],"wp:featuredmedia":[{"embeddable":true,"href":"https:\/\/gundem59.com.tr\/index.php?rest_route=\/wp\/v2\/media\/2707"}],"wp:attachment":[{"href":"https:\/\/gundem59.com.tr\/index.php?rest_route=%2Fwp%2Fv2%2Fmedia&parent=2706"}],"wp:term":[{"taxonomy":"category","embeddable":true,"href":"https:\/\/gundem59.com.tr\/index.php?rest_route=%2Fwp%2Fv2%2Fcategories&post=2706"},{"taxonomy":"post_tag","embeddable":true,"href":"https:\/\/gundem59.com.tr\/index.php?rest_route=%2Fwp%2Fv2%2Ftags&post=2706"},{"taxonomy":"author","embeddable":true,"href":"https:\/\/gundem59.com.tr\/index.php?rest_route=%2Fwp%2Fv2%2Fppma_author&post=2706"}],"curies":[{"name":"wp","href":"https:\/\/api.w.org\/{rel}","templated":true}]}}