{"id":2703,"date":"2026-07-03T09:10:33","date_gmt":"2026-07-03T09:10:33","guid":{"rendered":"https:\/\/gundem59.com.tr\/?p=2703"},"modified":"2026-07-03T09:10:34","modified_gmt":"2026-07-03T09:10:34","slug":"tekirdag-emniyetinden-sahilde-huzuru-birlikte-koruyalim-uygulamasi","status":"publish","type":"post","link":"https:\/\/gundem59.com.tr\/?p=2703","title":{"rendered":"Tekirda\u011f Emniyeti&#8217;nden Sahilde &#8220;Huzuru Birlikte Koruyal\u0131m&#8221; Uygulamas\u0131"},"content":{"rendered":"\n<p class=\"wp-block-paragraph\"><strong>TEK\u0130RDA\u011e \u2013<\/strong> Tekirda\u011f \u0130l Emniyet M\u00fcd\u00fcrl\u00fc\u011f\u00fc ekipleri, yaz sezonunda artan yo\u011funluk nedeniyle S\u00fcleymanpa\u015fa il\u00e7esi De\u011firmenalt\u0131 Sahili&#8217;nde geni\u015f \u00e7apl\u0131 huzur uygulamas\u0131 ger\u00e7ekle\u015ftirdi. Denetimlerde Genel Bilgi Toplama (GBT) sorgular\u0131 yap\u0131l\u0131rken, vatanda\u015flara Kabahatler Kanunu kapsam\u0131nda uygulanacak idari para cezalar\u0131n\u0131 i\u00e7eren bilgilendirme bro\u015f\u00fcrleri da\u011f\u0131t\u0131ld\u0131.<\/p>\n\n\n\n<p class=\"wp-block-paragraph\">Ak\u015fam saatlerinde ba\u015flayan uygulamaya S\u00fcleymanpa\u015fa \u0130l\u00e7e Emniyet M\u00fcd\u00fcrl\u00fc\u011f\u00fc devriye ekiplerinin yan\u0131 s\u0131ra \u00c7evik Kuvvet \u015eube M\u00fcd\u00fcrl\u00fc\u011f\u00fc, G\u00fcvenlik \u015eube M\u00fcd\u00fcrl\u00fc\u011f\u00fc ve farkl\u0131 birimlerden \u00e7ok say\u0131da polis kat\u0131ld\u0131.<\/p>\n\n\n\n<h2 class=\"wp-block-heading\">GBT Denetimi ve Bilgilendirme Yap\u0131ld\u0131<\/h2>\n\n\n\n<p class=\"wp-block-paragraph\">Polis ekipleri, De\u011firmenalt\u0131 Mahallesi sahilinde ger\u00e7ekle\u015ftirdikleri uygulama kapsam\u0131nda vatanda\u015flar\u0131n kimlik kontrollerini yaparak Genel Bilgi Toplama (GBT) sorgular\u0131n\u0131 ger\u00e7ekle\u015ftirdi.<\/p>\n\n\n\n<p class=\"wp-block-paragraph\">Denetimlerin yan\u0131 s\u0131ra &#8220;Huzuru Birlikte Koruyal\u0131m&#8221; slogan\u0131yla haz\u0131rlanan bilgilendirme bro\u015f\u00fcrleri da\u011f\u0131t\u0131larak vatanda\u015flara yaz sezonunda uyulmas\u0131 gereken kurallar hat\u0131rlat\u0131ld\u0131.<\/p>\n\n\n\n<h2 class=\"wp-block-heading\">Ate\u015f Yakmak ve G\u00fcr\u00fclt\u00fc Yapmak Yasak<\/h2>\n\n\n\n<p class=\"wp-block-paragraph\">Emniyet ekipleri, sahilde ate\u015f yakman\u0131n, y\u00fcksek sesle m\u00fczik dinleyerek \u00e7evreyi rahats\u0131z etmenin ve ses \u00e7\u0131karan patlay\u0131c\u0131 maddelerin kullan\u0131lmas\u0131n\u0131n yasak oldu\u011funu belirterek vatanda\u015flara uyar\u0131larda bulundu.<\/p>\n\n\n\n<p class=\"wp-block-paragraph\">Yetkililer, kamu d\u00fczeninin korunmas\u0131 ve vatanda\u015flar\u0131n huzurlu bir yaz sezonu ge\u00e7irebilmesi i\u00e7in kurallara uyulmas\u0131n\u0131n \u00f6nemine dikkat \u00e7ekti.<\/p>\n\n\n\n<h2 class=\"wp-block-heading\">2026 Y\u0131l\u0131 \u0130dari Para Cezalar\u0131 Hat\u0131rlat\u0131ld\u0131<\/h2>\n\n\n\n<p class=\"wp-block-paragraph\">Da\u011f\u0131t\u0131lan bro\u015f\u00fcrlerde, <strong>Kabahatler Kanunu<\/strong> kapsam\u0131nda 2026 y\u0131l\u0131 i\u00e7in uygulanacak idari para cezalar\u0131na da yer verildi.<\/p>\n\n\n\n<p class=\"wp-block-paragraph\">Buna g\u00f6re;<\/p>\n\n\n\n<ul class=\"wp-block-list\">\n<li>Valilik, kaymakaml\u0131k ve belediye kararlar\u0131na ayk\u0131r\u0131 hareket edenlere <strong>3 bin 705 TL<\/strong>,<\/li>\n\n\n\n<li>\u00c7evreyi rahats\u0131z edecek \u015fekilde g\u00fcr\u00fclt\u00fc yapan ki\u015filere <strong>1.764 TL<\/strong>,<\/li>\n\n\n\n<li>Ticari i\u015fletmelerden kaynaklanan g\u00fcr\u00fclt\u00fc nedeniyle <strong>38 bin 246 TL ile 191 bin 867 TL<\/strong> aras\u0131nda,<\/li>\n\n\n\n<li>Kimlik veya adres bilgisi vermekten ka\u00e7\u0131nanlara <strong>1.764 TL<\/strong>,<\/li>\n\n\n\n<li>\u00c7evreye \u00e7\u00f6p veya sigara izmariti atanlara <strong>564 TL<\/strong>,<\/li>\n\n\n\n<li>Kullan\u0131lamaz durumdaki ev e\u015fyalar\u0131n\u0131 soka\u011fa b\u0131rakanlara <strong>1.764 TL<\/strong>,<\/li>\n\n\n\n<li>Hafriyat ve in\u015faat at\u0131klar\u0131n\u0131 \u00e7evreye b\u0131rakanlara ise ihlalin niteli\u011fine g\u00f6re <strong>3 bin 705 TL ile 115 bin 21 TL<\/strong> aras\u0131nda idari para cezas\u0131 uygulanaca\u011f\u0131 bildirildi.<\/li>\n<\/ul>\n\n\n\n<h2 class=\"wp-block-heading\">Denetimler Yaz Boyunca S\u00fcrecek<\/h2>\n\n\n\n<p class=\"wp-block-paragraph\">Tekirda\u011f \u0130l Emniyet M\u00fcd\u00fcrl\u00fc\u011f\u00fc yetkilileri, yaz sezonu boyunca \u00f6zellikle sahil b\u00f6lgelerinde huzur ve g\u00fcvenli\u011fin sa\u011flanmas\u0131na y\u00f6nelik denetimlerin aral\u0131ks\u0131z devam edece\u011fini a\u00e7\u0131klad\u0131.<\/p>\n\n\n\n<p class=\"wp-block-paragraph\">Yetkililer, kamu d\u00fczenini bozan ve \u00e7evreyi rahats\u0131z eden ki\u015filer hakk\u0131nda gerekli idari i\u015flemlerin kararl\u0131l\u0131kla uygulanaca\u011f\u0131n\u0131 belirterek, vatanda\u015flar\u0131n kar\u015f\u0131la\u015ft\u0131klar\u0131 olumsuzluklar\u0131 <strong>112 Acil \u00c7a\u011fr\u0131 Merkezi<\/strong> \u00fczerinden g\u00fcvenlik g\u00fc\u00e7lerine bildirmelerini istedi.<\/p>\n","protected":false},"excerpt":{"rendered":"<p>TEK\u0130RDA\u011e \u2013 Tekirda\u011f \u0130l Emniyet M\u00fcd\u00fcrl\u00fc\u011f\u00fc ekipleri, yaz sezonunda artan yo\u011funluk nedeniyle S\u00fcleymanpa\u015fa il\u00e7esi De\u011firmenalt\u0131&#8230;<\/p>\n","protected":false},"author":1,"featured_media":2704,"comment_status":"closed","ping_status":"closed","sticky":false,"template":"","format":"standard","meta":{"footnotes":""},"categories":[56],"tags":[],"ppma_author":[57],"class_list":["post-2703","post","type-post","status-publish","format-standard","has-post-thumbnail","hentry","category-guncel"],"authors":[{"term_id":57,"user_id":1,"is_guest":0,"slug":"admin","display_name":"Alp Aslan","avatar_url":"https:\/\/secure.gravatar.com\/avatar\/07c18c5ad3350b025db8f3328450e071acb435c703e565899c880c63362f137a?s=96&d=mm&r=g","author_category":"1","first_name":"Alp Aslan","last_name":"ER\u0130N","user_url":"http:\/\/www.gundem59.com.tr","job_title":"","description":""}],"_links":{"self":[{"href":"https:\/\/gundem59.com.tr\/index.php?rest_route=\/wp\/v2\/posts\/2703","targetHints":{"allow":["GET"]}}],"collection":[{"href":"https:\/\/gundem59.com.tr\/index.php?rest_route=\/wp\/v2\/posts"}],"about":[{"href":"https:\/\/gundem59.com.tr\/index.php?rest_route=\/wp\/v2\/types\/post"}],"author":[{"embeddable":true,"href":"https:\/\/gundem59.com.tr\/index.php?rest_route=\/wp\/v2\/users\/1"}],"replies":[{"embeddable":true,"href":"https:\/\/gundem59.com.tr\/index.php?rest_route=%2Fwp%2Fv2%2Fcomments&post=2703"}],"version-history":[{"count":1,"href":"https:\/\/gundem59.com.tr\/index.php?rest_route=\/wp\/v2\/posts\/2703\/revisions"}],"predecessor-version":[{"id":2705,"href":"https:\/\/gundem59.com.tr\/index.php?rest_route=\/wp\/v2\/posts\/2703\/revisions\/2705"}],"wp:featuredmedia":[{"embeddable":true,"href":"https:\/\/gundem59.com.tr\/index.php?rest_route=\/wp\/v2\/media\/2704"}],"wp:attachment":[{"href":"https:\/\/gundem59.com.tr\/index.php?rest_route=%2Fwp%2Fv2%2Fmedia&parent=2703"}],"wp:term":[{"taxonomy":"category","embeddable":true,"href":"https:\/\/gundem59.com.tr\/index.php?rest_route=%2Fwp%2Fv2%2Fcategories&post=2703"},{"taxonomy":"post_tag","embeddable":true,"href":"https:\/\/gundem59.com.tr\/index.php?rest_route=%2Fwp%2Fv2%2Ftags&post=2703"},{"taxonomy":"author","embeddable":true,"href":"https:\/\/gundem59.com.tr\/index.php?rest_route=%2Fwp%2Fv2%2Fppma_author&post=2703"}],"curies":[{"name":"wp","href":"https:\/\/api.w.org\/{rel}","templated":true}]}}