{"id":2697,"date":"2026-07-03T09:06:56","date_gmt":"2026-07-03T09:06:56","guid":{"rendered":"https:\/\/gundem59.com.tr\/?p=2697"},"modified":"2026-07-03T09:06:57","modified_gmt":"2026-07-03T09:06:57","slug":"tekirdagda-seffaf-menu-denetimleri-basladi","status":"publish","type":"post","link":"https:\/\/gundem59.com.tr\/?p=2697","title":{"rendered":"Tekirda\u011f&#8217;da &#8220;\u015eeffaf Men\u00fc&#8221; Denetimleri Ba\u015flad\u0131"},"content":{"rendered":"\n<p class=\"wp-block-paragraph\"><strong>TEK\u0130RDA\u011e \u2013<\/strong> Tekirda\u011f \u0130l Tar\u0131m ve Orman M\u00fcd\u00fcrl\u00fc\u011f\u00fc ekipleri, 1 Temmuz itibar\u0131yla y\u00fcr\u00fcrl\u00fc\u011fe giren <strong>&#8220;\u015feffaf men\u00fc&#8221;<\/strong> uygulamas\u0131 kapsam\u0131nda restoran, kafe ve di\u011fer toplu t\u00fcketim i\u015fletmelerinde denetimlerini s\u00fcrd\u00fcr\u00fcyor.<\/p>\n\n\n\n<p class=\"wp-block-paragraph\">Ger\u00e7ekle\u015ftirilen denetimlerde, i\u015fletmelerde sunulan yiyecek ve i\u00e7eceklere ili\u015fkin i\u00e7erik bilgilerinin yan\u0131 s\u0131ra alerjen uyar\u0131lar\u0131n\u0131n t\u00fcketicilerin kolayl\u0131kla g\u00f6rebilece\u011fi \u015fekilde yer al\u0131p almad\u0131\u011f\u0131 kontrol edildi.<\/p>\n\n\n\n<h2 class=\"wp-block-heading\">Ama\u00e7 G\u00fcvenli G\u0131daya Eri\u015fimi Kolayla\u015ft\u0131rmak<\/h2>\n\n\n\n<p class=\"wp-block-paragraph\">Tekirda\u011f \u0130l Tar\u0131m ve Orman M\u00fcd\u00fcr\u00fc Mehmet Aksoy, yapt\u0131\u011f\u0131 yaz\u0131l\u0131 a\u00e7\u0131klamada, yeni uygulaman\u0131n temel amac\u0131n\u0131n t\u00fcketicilerin do\u011fru ve eksiksiz bilgilendirilmesini sa\u011flamak oldu\u011funu belirtti.<\/p>\n\n\n\n<p class=\"wp-block-paragraph\">Aksoy, \u00f6zellikle g\u0131da alerjisi veya g\u0131da intolerans\u0131 bulunan vatanda\u015flar\u0131n g\u00fcvenli g\u0131daya eri\u015fimini kolayla\u015ft\u0131rmay\u0131 hedeflediklerini ifade etti.<\/p>\n\n\n\n<h2 class=\"wp-block-heading\">Bilgilendirme ve Denetimler S\u00fcrecek<\/h2>\n\n\n\n<p class=\"wp-block-paragraph\">\u015eeffaf men\u00fc uygulamas\u0131yla birlikte bilin\u00e7li t\u00fcketimin desteklenece\u011fini ve g\u0131da sunumunda \u015feffafl\u0131\u011f\u0131n art\u0131r\u0131laca\u011f\u0131n\u0131 vurgulayan Aksoy, \u0130l Tar\u0131m ve Orman M\u00fcd\u00fcrl\u00fc\u011f\u00fc ekiplerinin i\u015fletmelerin yeni d\u00fczenlemeye uyum sa\u011flamas\u0131 amac\u0131yla hem bilgilendirme hem de denetim \u00e7al\u0131\u015fmalar\u0131n\u0131 aral\u0131ks\u0131z s\u00fcrd\u00fcrece\u011fini kaydetti.<\/p>\n\n\n\n<p class=\"wp-block-paragraph\">Yetkililer, i\u015fletmelerin mevzuata uygun hareket etmelerinin hem t\u00fcketici sa\u011fl\u0131\u011f\u0131 hem de g\u00fcvenilir g\u0131da hizmeti a\u00e7\u0131s\u0131ndan b\u00fcy\u00fck \u00f6nem ta\u015f\u0131d\u0131\u011f\u0131na dikkat \u00e7ekti.<\/p>\n","protected":false},"excerpt":{"rendered":"<p>TEK\u0130RDA\u011e \u2013 Tekirda\u011f \u0130l Tar\u0131m ve Orman M\u00fcd\u00fcrl\u00fc\u011f\u00fc ekipleri, 1 Temmuz itibar\u0131yla y\u00fcr\u00fcrl\u00fc\u011fe giren &#8220;\u015feffaf&#8230;<\/p>\n","protected":false},"author":1,"featured_media":2698,"comment_status":"closed","ping_status":"closed","sticky":false,"template":"","format":"standard","meta":{"footnotes":""},"categories":[56],"tags":[],"ppma_author":[57],"class_list":["post-2697","post","type-post","status-publish","format-standard","has-post-thumbnail","hentry","category-guncel"],"authors":[{"term_id":57,"user_id":1,"is_guest":0,"slug":"admin","display_name":"Alp Aslan","avatar_url":"https:\/\/secure.gravatar.com\/avatar\/07c18c5ad3350b025db8f3328450e071acb435c703e565899c880c63362f137a?s=96&d=mm&r=g","author_category":"1","first_name":"Alp Aslan","last_name":"ER\u0130N","user_url":"http:\/\/www.gundem59.com.tr","job_title":"","description":""}],"_links":{"self":[{"href":"https:\/\/gundem59.com.tr\/index.php?rest_route=\/wp\/v2\/posts\/2697","targetHints":{"allow":["GET"]}}],"collection":[{"href":"https:\/\/gundem59.com.tr\/index.php?rest_route=\/wp\/v2\/posts"}],"about":[{"href":"https:\/\/gundem59.com.tr\/index.php?rest_route=\/wp\/v2\/types\/post"}],"author":[{"embeddable":true,"href":"https:\/\/gundem59.com.tr\/index.php?rest_route=\/wp\/v2\/users\/1"}],"replies":[{"embeddable":true,"href":"https:\/\/gundem59.com.tr\/index.php?rest_route=%2Fwp%2Fv2%2Fcomments&post=2697"}],"version-history":[{"count":1,"href":"https:\/\/gundem59.com.tr\/index.php?rest_route=\/wp\/v2\/posts\/2697\/revisions"}],"predecessor-version":[{"id":2699,"href":"https:\/\/gundem59.com.tr\/index.php?rest_route=\/wp\/v2\/posts\/2697\/revisions\/2699"}],"wp:featuredmedia":[{"embeddable":true,"href":"https:\/\/gundem59.com.tr\/index.php?rest_route=\/wp\/v2\/media\/2698"}],"wp:attachment":[{"href":"https:\/\/gundem59.com.tr\/index.php?rest_route=%2Fwp%2Fv2%2Fmedia&parent=2697"}],"wp:term":[{"taxonomy":"category","embeddable":true,"href":"https:\/\/gundem59.com.tr\/index.php?rest_route=%2Fwp%2Fv2%2Fcategories&post=2697"},{"taxonomy":"post_tag","embeddable":true,"href":"https:\/\/gundem59.com.tr\/index.php?rest_route=%2Fwp%2Fv2%2Ftags&post=2697"},{"taxonomy":"author","embeddable":true,"href":"https:\/\/gundem59.com.tr\/index.php?rest_route=%2Fwp%2Fv2%2Fppma_author&post=2697"}],"curies":[{"name":"wp","href":"https:\/\/api.w.org\/{rel}","templated":true}]}}