{"id":2690,"date":"2026-07-03T09:01:14","date_gmt":"2026-07-03T09:01:14","guid":{"rendered":"https:\/\/gundem59.com.tr\/?p=2690"},"modified":"2026-07-03T09:01:14","modified_gmt":"2026-07-03T09:01:14","slug":"vali-recep-soyturk-muratlida-incelemelerde-bulundu-dogal-yasam-alani-ve-sifir-atik-marketi-ziyaret-etti","status":"publish","type":"post","link":"https:\/\/gundem59.com.tr\/?p=2690","title":{"rendered":"Vali Recep Soyt\u00fcrk Muratl\u0131\u2019da \u0130ncelemelerde Bulundu: Do\u011fal Ya\u015fam Alan\u0131 ve S\u0131f\u0131r At\u0131k Market\u2019i Ziyaret Etti"},"content":{"rendered":"\n<p class=\"wp-block-paragraph\"><strong>TEK\u0130RDA\u011e \u2013<\/strong> Tekirda\u011f Valisi Recep Soyt\u00fcrk, Muratl\u0131 il\u00e7esinde ger\u00e7ekle\u015ftirdi\u011fi ziyaret program\u0131 kapsam\u0131nda Muratl\u0131 Belediyesi Sahipsiz Hayvan Do\u011fal Ya\u015fam Alan\u0131&#8217;nda incelemelerde bulundu, ard\u0131ndan Muratl\u0131 Belediyesini ziyaret ederek y\u00fcr\u00fct\u00fclen projeler hakk\u0131nda bilgi ald\u0131. Vali Soyt\u00fcrk ayr\u0131ca geri d\u00f6n\u00fc\u015f\u00fcm bilincini art\u0131rmak amac\u0131yla hizmet veren <strong>S\u0131f\u0131r At\u0131k Market<\/strong>&#8216;i de gezdi.<\/p>\n\n\n\n<figure class=\"wp-block-image size-full\"><img  title=\"\" loading=\"lazy\" decoding=\"async\" width=\"800\" height=\"533\" src=\"https:\/\/gundem59.com.tr\/wp-content\/uploads\/2026\/07\/WhatsApp-Image-2026_07_02-at-161433.jpeg\"  alt=\"WhatsApp-Image-2026_07_02-at-161433 Vali Recep Soyt\u00fcrk Muratl\u0131\u2019da \u0130ncelemelerde Bulundu: Do\u011fal Ya\u015fam Alan\u0131 ve S\u0131f\u0131r At\u0131k Market\u2019i Ziyaret Etti\"  class=\"wp-image-2692\" srcset=\"https:\/\/gundem59.com.tr\/wp-content\/uploads\/2026\/07\/WhatsApp-Image-2026_07_02-at-161433.jpeg 800w, https:\/\/gundem59.com.tr\/wp-content\/uploads\/2026\/07\/WhatsApp-Image-2026_07_02-at-161433-300x200.jpeg 300w, https:\/\/gundem59.com.tr\/wp-content\/uploads\/2026\/07\/WhatsApp-Image-2026_07_02-at-161433-768x512.jpeg 768w\" sizes=\"auto, (max-width: 800px) 100vw, 800px\" \/><\/figure>\n\n\n\n<h2 class=\"wp-block-heading\">Sahipsiz Hayvan Do\u011fal Ya\u015fam Alan\u0131n\u0131 \u0130nceledi<\/h2>\n\n\n\n<p class=\"wp-block-paragraph\">Vali Recep Soyt\u00fcrk, Muratl\u0131 Belediyesi taraf\u0131ndan olu\u015fturulan ve yakla\u015f\u0131k <strong>4 bin metrekarelik alanda<\/strong> hizmet veren <strong>Sahipsiz Hayvan Do\u011fal Ya\u015fam Alan\u0131<\/strong>n\u0131 ziyaret etti.<\/p>\n\n\n\n<p class=\"wp-block-paragraph\">Hayvanlar\u0131n g\u00fcvenli ortamda ya\u015famlar\u0131n\u0131 s\u00fcrd\u00fcrebildi\u011fi, d\u00fczenli olarak g\u0131da ve temiz suya eri\u015febildi\u011fi, rutin sa\u011fl\u0131k kontrollerinin ger\u00e7ekle\u015ftirildi\u011fi do\u011fal ya\u015fam alan\u0131n\u0131 gezen Vali Soyt\u00fcrk, tesisin son durumu hakk\u0131nda Muratl\u0131 Belediye Ba\u015fkan\u0131 Varol T\u00fcrel&#8217;den bilgi ald\u0131.<\/p>\n\n\n\n<p class=\"wp-block-paragraph\">Do\u011fal ya\u015fam alan\u0131nda y\u00fcr\u00fct\u00fclen \u00e7al\u0131\u015fmalar\u0131n sahipsiz hayvanlar\u0131n refah\u0131na \u00f6nemli katk\u0131 sa\u011flad\u0131\u011f\u0131n\u0131 belirten Soyt\u00fcrk, yap\u0131lan hizmetleri yerinde inceleyerek yetkililerle de\u011ferlendirmelerde bulundu.<\/p>\n\n\n\n<figure class=\"wp-block-image size-full\"><img  title=\"\" loading=\"lazy\" decoding=\"async\" width=\"800\" height=\"533\" src=\"https:\/\/gundem59.com.tr\/wp-content\/uploads\/2026\/07\/WhatsApp-Image-2026_07_02-at-161433-_1_.jpeg\"  alt=\"WhatsApp-Image-2026_07_02-at-161433-_1_ Vali Recep Soyt\u00fcrk Muratl\u0131\u2019da \u0130ncelemelerde Bulundu: Do\u011fal Ya\u015fam Alan\u0131 ve S\u0131f\u0131r At\u0131k Market\u2019i Ziyaret Etti\"  class=\"wp-image-2693\" srcset=\"https:\/\/gundem59.com.tr\/wp-content\/uploads\/2026\/07\/WhatsApp-Image-2026_07_02-at-161433-_1_.jpeg 800w, https:\/\/gundem59.com.tr\/wp-content\/uploads\/2026\/07\/WhatsApp-Image-2026_07_02-at-161433-_1_-300x200.jpeg 300w, https:\/\/gundem59.com.tr\/wp-content\/uploads\/2026\/07\/WhatsApp-Image-2026_07_02-at-161433-_1_-768x512.jpeg 768w\" sizes=\"auto, (max-width: 800px) 100vw, 800px\" \/><\/figure>\n\n\n\n<h2 class=\"wp-block-heading\">Muratl\u0131 Belediyesinde Projeleri De\u011ferlendirdi<\/h2>\n\n\n\n<p class=\"wp-block-paragraph\">Do\u011fal ya\u015fam alan\u0131ndaki incelemelerinin ard\u0131ndan Muratl\u0131 Belediyesini ziyaret eden Vali Soyt\u00fcrk, Belediye Ba\u015fkan\u0131 Varol T\u00fcrel ile bir araya geldi.<\/p>\n\n\n\n<p class=\"wp-block-paragraph\">Ziyarette il\u00e7ede y\u00fcr\u00fct\u00fclen belediye hizmetleri, devam eden yat\u0131r\u0131mlar ve planlanan projeler hakk\u0131nda bilgi alan Soyt\u00fcrk, kamu hizmetlerinin etkin \u015fekilde s\u00fcrd\u00fcr\u00fclmesi ad\u0131na yap\u0131lan \u00e7al\u0131\u015fmalar\u0131 de\u011ferlendirdi.<\/p>\n\n\n\n<figure class=\"wp-block-image size-full\"><img  title=\"\" loading=\"lazy\" decoding=\"async\" width=\"800\" height=\"533\" src=\"https:\/\/gundem59.com.tr\/wp-content\/uploads\/2026\/07\/WhatsApp-Image-2026_07_02-at-153527.jpeg\"  alt=\"WhatsApp-Image-2026_07_02-at-153527 Vali Recep Soyt\u00fcrk Muratl\u0131\u2019da \u0130ncelemelerde Bulundu: Do\u011fal Ya\u015fam Alan\u0131 ve S\u0131f\u0131r At\u0131k Market\u2019i Ziyaret Etti\"  class=\"wp-image-2694\" srcset=\"https:\/\/gundem59.com.tr\/wp-content\/uploads\/2026\/07\/WhatsApp-Image-2026_07_02-at-153527.jpeg 800w, https:\/\/gundem59.com.tr\/wp-content\/uploads\/2026\/07\/WhatsApp-Image-2026_07_02-at-153527-300x200.jpeg 300w, https:\/\/gundem59.com.tr\/wp-content\/uploads\/2026\/07\/WhatsApp-Image-2026_07_02-at-153527-768x512.jpeg 768w\" sizes=\"auto, (max-width: 800px) 100vw, 800px\" \/><\/figure>\n\n\n\n<h2 class=\"wp-block-heading\">S\u0131f\u0131r At\u0131k Market\u2019e Tam Not<\/h2>\n\n\n\n<p class=\"wp-block-paragraph\">Vali Soyt\u00fcrk&#8217;\u00fcn Muratl\u0131 program\u0131ndaki bir di\u011fer dura\u011f\u0131 ise Muratl\u0131 Belediyesi taraf\u0131ndan geri d\u00f6n\u00fc\u015f\u00fcm\u00fc te\u015fvik etmek amac\u0131yla hayata ge\u00e7irilen <strong>S\u0131f\u0131r At\u0131k Market<\/strong> oldu.<\/p>\n\n\n\n<p class=\"wp-block-paragraph\">Marketi gezen Soyt\u00fcrk, vatanda\u015flar\u0131n evlerinden getirdikleri geri d\u00f6n\u00fc\u015ft\u00fcr\u00fclebilir at\u0131klar\u0131 teslim ederek kar\u015f\u0131l\u0131\u011f\u0131nda temizlik \u00fcr\u00fcnleri ve k\u0131rtasiye malzemeleri alabildi\u011fi sistem hakk\u0131nda yetkililerden bilgi ald\u0131.<\/p>\n\n\n\n<p class=\"wp-block-paragraph\">Geri d\u00f6n\u00fc\u015f\u00fcm bilincini art\u0131rmay\u0131 hedefleyen uygulaman\u0131n \u00e7evrenin korunmas\u0131na katk\u0131 sundu\u011funu belirten Vali Soyt\u00fcrk, benzer projelerin yayg\u0131nla\u015ft\u0131r\u0131lmas\u0131n\u0131n \u00f6nemine dikkat \u00e7ekti.<\/p>\n\n\n\n<figure class=\"wp-block-image size-large\"><img  title=\"\" loading=\"lazy\" decoding=\"async\" width=\"1024\" height=\"683\" src=\"https:\/\/gundem59.com.tr\/wp-content\/uploads\/2026\/07\/WhatsApp-Image-2026_07_02-at-152439-1024x683.jpeg\"  alt=\"WhatsApp-Image-2026_07_02-at-152439-1024x683 Vali Recep Soyt\u00fcrk Muratl\u0131\u2019da \u0130ncelemelerde Bulundu: Do\u011fal Ya\u015fam Alan\u0131 ve S\u0131f\u0131r At\u0131k Market\u2019i Ziyaret Etti\"  class=\"wp-image-2695\" srcset=\"https:\/\/gundem59.com.tr\/wp-content\/uploads\/2026\/07\/WhatsApp-Image-2026_07_02-at-152439-1024x683.jpeg 1024w, https:\/\/gundem59.com.tr\/wp-content\/uploads\/2026\/07\/WhatsApp-Image-2026_07_02-at-152439-300x200.jpeg 300w, https:\/\/gundem59.com.tr\/wp-content\/uploads\/2026\/07\/WhatsApp-Image-2026_07_02-at-152439-768x512.jpeg 768w, https:\/\/gundem59.com.tr\/wp-content\/uploads\/2026\/07\/WhatsApp-Image-2026_07_02-at-152439-1536x1024.jpeg 1536w, https:\/\/gundem59.com.tr\/wp-content\/uploads\/2026\/07\/WhatsApp-Image-2026_07_02-at-152439.jpeg 1599w\" sizes=\"auto, (max-width: 1024px) 100vw, 1024px\" \/><\/figure>\n\n\n\n<h2 class=\"wp-block-heading\">Protokol de E\u015flik Etti<\/h2>\n\n\n\n<p class=\"wp-block-paragraph\">Vali Recep Soyt\u00fcrk&#8217;e Muratl\u0131 program\u0131nda Tekirda\u011f Milletvekili ve TBMM Katip \u00dcyesi Nurten Yontar, Muratl\u0131 Kaymakam\u0131 Aytekin Y\u0131lmaz, Muratl\u0131 Belediye Ba\u015fkan\u0131 Varol T\u00fcrel, Tekirda\u011f Hayvanlar\u0131 Koruma Derne\u011fi Ba\u015fkan\u0131 Bedia \u0130lerler ile il\u00e7e protokol\u00fc e\u015flik etti.<\/p>\n","protected":false},"excerpt":{"rendered":"<p>TEK\u0130RDA\u011e \u2013 Tekirda\u011f Valisi Recep Soyt\u00fcrk, Muratl\u0131 il\u00e7esinde ger\u00e7ekle\u015ftirdi\u011fi ziyaret program\u0131 kapsam\u0131nda Muratl\u0131 Belediyesi Sahipsiz&#8230;<\/p>\n","protected":false},"author":1,"featured_media":2691,"comment_status":"closed","ping_status":"closed","sticky":false,"template":"","format":"standard","meta":{"footnotes":""},"categories":[12],"tags":[],"ppma_author":[57],"class_list":["post-2690","post","type-post","status-publish","format-standard","has-post-thumbnail","hentry","category-muratli"],"authors":[{"term_id":57,"user_id":1,"is_guest":0,"slug":"admin","display_name":"Alp Aslan","avatar_url":"https:\/\/secure.gravatar.com\/avatar\/07c18c5ad3350b025db8f3328450e071acb435c703e565899c880c63362f137a?s=96&d=mm&r=g","author_category":"1","first_name":"Alp Aslan","last_name":"ER\u0130N","user_url":"http:\/\/www.gundem59.com.tr","job_title":"","description":""}],"_links":{"self":[{"href":"https:\/\/gundem59.com.tr\/index.php?rest_route=\/wp\/v2\/posts\/2690","targetHints":{"allow":["GET"]}}],"collection":[{"href":"https:\/\/gundem59.com.tr\/index.php?rest_route=\/wp\/v2\/posts"}],"about":[{"href":"https:\/\/gundem59.com.tr\/index.php?rest_route=\/wp\/v2\/types\/post"}],"author":[{"embeddable":true,"href":"https:\/\/gundem59.com.tr\/index.php?rest_route=\/wp\/v2\/users\/1"}],"replies":[{"embeddable":true,"href":"https:\/\/gundem59.com.tr\/index.php?rest_route=%2Fwp%2Fv2%2Fcomments&post=2690"}],"version-history":[{"count":1,"href":"https:\/\/gundem59.com.tr\/index.php?rest_route=\/wp\/v2\/posts\/2690\/revisions"}],"predecessor-version":[{"id":2696,"href":"https:\/\/gundem59.com.tr\/index.php?rest_route=\/wp\/v2\/posts\/2690\/revisions\/2696"}],"wp:featuredmedia":[{"embeddable":true,"href":"https:\/\/gundem59.com.tr\/index.php?rest_route=\/wp\/v2\/media\/2691"}],"wp:attachment":[{"href":"https:\/\/gundem59.com.tr\/index.php?rest_route=%2Fwp%2Fv2%2Fmedia&parent=2690"}],"wp:term":[{"taxonomy":"category","embeddable":true,"href":"https:\/\/gundem59.com.tr\/index.php?rest_route=%2Fwp%2Fv2%2Fcategories&post=2690"},{"taxonomy":"post_tag","embeddable":true,"href":"https:\/\/gundem59.com.tr\/index.php?rest_route=%2Fwp%2Fv2%2Ftags&post=2690"},{"taxonomy":"author","embeddable":true,"href":"https:\/\/gundem59.com.tr\/index.php?rest_route=%2Fwp%2Fv2%2Fppma_author&post=2690"}],"curies":[{"name":"wp","href":"https:\/\/api.w.org\/{rel}","templated":true}]}}