{"id":269,"date":"2026-04-12T09:53:50","date_gmt":"2026-04-12T09:53:50","guid":{"rendered":"https:\/\/gundem59.com.tr\/?p=269"},"modified":"2026-04-12T09:53:50","modified_gmt":"2026-04-12T09:53:50","slug":"tekirdagda-ogretmen-bulusmasi-duzenlendi","status":"publish","type":"post","link":"https:\/\/gundem59.com.tr\/?p=269","title":{"rendered":"Tekirda\u011f&#8217;da \u00d6\u011fretmen Bulu\u015fmas\u0131 D\u00fczenlendi"},"content":{"rendered":"\n<p class=\"wp-block-paragraph\">Tekirda\u011f&#8217;da \u00f6\u011fretmenler, Dr. \u015eaban K\u0131z\u0131lda\u011f&#8217;\u0131n sunumu ve at\u00f6lye etkinlikleriyle bir araya geldi.<\/p>\n\n\n\n<p class=\"wp-block-paragraph\"><a href=\"https:\/\/www.sondakika.com\/tekirdag\/\">kirda\u011f<\/a>&#8216;da \u0130stanbul \u0130l Milli E\u011fitim M\u00fcd\u00fcrl\u00fc\u011f\u00fc ile Tekirda\u011f \u0130l Milli E\u011fitim M\u00fcd\u00fcrl\u00fc\u011f\u00fc i\u015f birli\u011finde, &#8220;\u00d6\u011fretmen Bulu\u015fmas\u0131&#8221; program\u0131 ger\u00e7ekle\u015ftirildi.<\/p>\n\n\n\n<p class=\"wp-block-paragraph\">Yahya Kemal Beyatl\u0131 G\u00fczel Sanatlar Lisesi&#8217;nde bir araya gelen \u00f6\u011fretmenlere, Bakan Dan\u0131\u015fman\u0131, E\u011fitimci-Yazar Dr.&nbsp;<a href=\"https:\/\/www.sondakika.com\/saban-kizildag\/\">\u015eaban K\u0131z\u0131lda\u011f<\/a>&nbsp;&#8220;Mazeret Yok, \u00c7\u0131k\u0131\u015f Var&#8221; ba\u015fl\u0131kl\u0131 sunum yapt\u0131.<\/p>\n\n\n\n<p class=\"wp-block-paragraph\">K\u0131z\u0131lda\u011f, T\u00fcrk milletinin kendine has \u00f6zelliklerini ya\u015famdan \u00f6rnekler vererek anlatt\u0131.<\/p>\n\n\n\n<p class=\"wp-block-paragraph\">Akademisyenlerle 57 \u00fclkeyi incelediklerini belirten K\u0131z\u0131lda\u011f, bebeklikten ba\u015flayarak e\u011fitimin b\u00fcy\u00fck \u00f6nem ta\u015f\u0131d\u0131\u011f\u0131n\u0131 aktard\u0131.<\/p>\n\n\n\n<p class=\"wp-block-paragraph\">K\u0131z\u0131lda\u011f ayr\u0131ca sunumunda T\u00fcrkiye&#8217;deki aile ili\u015fkilerini ele ald\u0131.<\/p>\n\n\n\n<p class=\"wp-block-paragraph\">Sunumun ard\u0131ndan \u0130l Milli E\u011fitim M\u00fcd\u00fcr\u00fc Abd\u00fclaziz Yeniyol taraf\u0131ndan K\u0131z\u0131lda\u011f&#8217;a plaket verildi.<\/p>\n\n\n\n<p class=\"wp-block-paragraph\">Program\u0131n ard\u0131ndan \u00f6\u011fretmenler olu\u015fturulan 10 at\u00f6lyede \u00e7e\u015fitli etkinlikler ger\u00e7ekle\u015ftirdi.<\/p>\n\n\n\n<p class=\"wp-block-paragraph\">Daha sonra \u00f6\u011fretmenlere, Nam\u0131k Kemal Evi, Etnografya M\u00fczesi ve Rakoczi Evi gezdirildi.<\/p>\n","protected":false},"excerpt":{"rendered":"<p>Tekirda\u011f&#8217;da \u00f6\u011fretmenler, Dr. \u015eaban K\u0131z\u0131lda\u011f&#8217;\u0131n sunumu ve at\u00f6lye etkinlikleriyle bir araya geldi. kirda\u011f&#8216;da \u0130stanbul \u0130l&#8230;<\/p>\n","protected":false},"author":1,"featured_media":270,"comment_status":"open","ping_status":"open","sticky":false,"template":"","format":"standard","meta":{"footnotes":""},"categories":[1],"tags":[],"ppma_author":[57],"class_list":["post-269","post","type-post","status-publish","format-standard","has-post-thumbnail","hentry","category-tekirdag-gundemi"],"authors":[{"term_id":57,"user_id":1,"is_guest":0,"slug":"admin","display_name":"Alp Aslan","avatar_url":"https:\/\/secure.gravatar.com\/avatar\/07c18c5ad3350b025db8f3328450e071acb435c703e565899c880c63362f137a?s=96&d=mm&r=g","author_category":"1","first_name":"Alp Aslan","last_name":"ER\u0130N","user_url":"http:\/\/www.gundem59.com.tr","job_title":"","description":""}],"_links":{"self":[{"href":"https:\/\/gundem59.com.tr\/index.php?rest_route=\/wp\/v2\/posts\/269","targetHints":{"allow":["GET"]}}],"collection":[{"href":"https:\/\/gundem59.com.tr\/index.php?rest_route=\/wp\/v2\/posts"}],"about":[{"href":"https:\/\/gundem59.com.tr\/index.php?rest_route=\/wp\/v2\/types\/post"}],"author":[{"embeddable":true,"href":"https:\/\/gundem59.com.tr\/index.php?rest_route=\/wp\/v2\/users\/1"}],"replies":[{"embeddable":true,"href":"https:\/\/gundem59.com.tr\/index.php?rest_route=%2Fwp%2Fv2%2Fcomments&post=269"}],"version-history":[{"count":1,"href":"https:\/\/gundem59.com.tr\/index.php?rest_route=\/wp\/v2\/posts\/269\/revisions"}],"predecessor-version":[{"id":271,"href":"https:\/\/gundem59.com.tr\/index.php?rest_route=\/wp\/v2\/posts\/269\/revisions\/271"}],"wp:featuredmedia":[{"embeddable":true,"href":"https:\/\/gundem59.com.tr\/index.php?rest_route=\/wp\/v2\/media\/270"}],"wp:attachment":[{"href":"https:\/\/gundem59.com.tr\/index.php?rest_route=%2Fwp%2Fv2%2Fmedia&parent=269"}],"wp:term":[{"taxonomy":"category","embeddable":true,"href":"https:\/\/gundem59.com.tr\/index.php?rest_route=%2Fwp%2Fv2%2Fcategories&post=269"},{"taxonomy":"post_tag","embeddable":true,"href":"https:\/\/gundem59.com.tr\/index.php?rest_route=%2Fwp%2Fv2%2Ftags&post=269"},{"taxonomy":"author","embeddable":true,"href":"https:\/\/gundem59.com.tr\/index.php?rest_route=%2Fwp%2Fv2%2Fppma_author&post=269"}],"curies":[{"name":"wp","href":"https:\/\/api.w.org\/{rel}","templated":true}]}}