{"id":2686,"date":"2026-07-03T08:53:08","date_gmt":"2026-07-03T08:53:08","guid":{"rendered":"https:\/\/gundem59.com.tr\/?p=2686"},"modified":"2026-07-03T08:53:09","modified_gmt":"2026-07-03T08:53:09","slug":"vali-recep-soyturk-saray-belediyesi-hayvan-bakim-ve-rehabilitasyon-merkezinin-acilisina-katildi","status":"publish","type":"post","link":"https:\/\/gundem59.com.tr\/?p=2686","title":{"rendered":"Vali Recep Soyt\u00fcrk, Saray Belediyesi Hayvan Bak\u0131m ve Rehabilitasyon Merkezi&#8217;nin A\u00e7\u0131l\u0131\u015f\u0131na Kat\u0131ld\u0131"},"content":{"rendered":"\n<p class=\"wp-block-paragraph\"><strong>TEK\u0130RDA\u011e \u2013<\/strong> Saray Belediyesi taraf\u0131ndan sahipsiz sokak hayvanlar\u0131n\u0131n bak\u0131m, tedavi, k\u0131s\u0131rla\u015ft\u0131rma ve a\u015f\u0131lama i\u015flemlerinin ger\u00e7ekle\u015ftirilece\u011fi <strong>Hayvan Bak\u0131m ve Rehabilitasyon Merkezi<\/strong> d\u00fczenlenen t\u00f6renle hizmete a\u00e7\u0131ld\u0131. A\u00e7\u0131l\u0131\u015fa Tekirda\u011f Valisi Recep Soyt\u00fcrk ba\u015fta olmak \u00fczere protokol \u00fcyeleri ve \u00e7ok say\u0131da vatanda\u015f kat\u0131ld\u0131.<\/p>\n\n\n\n<p class=\"wp-block-paragraph\">Program, sayg\u0131 duru\u015funda bulunulmas\u0131 ve \u0130stiklal Mar\u015f\u0131&#8217;n\u0131n okunmas\u0131yla ba\u015flad\u0131. Ard\u0131ndan Saray Belediyesi Veteriner \u0130\u015fleri M\u00fcd\u00fcr\u00fc Levent Haymanal\u0131, merkezin teknik \u00f6zellikleri ve y\u00fcr\u00fct\u00fclecek \u00e7al\u0131\u015fmalar hakk\u0131nda kat\u0131l\u0131mc\u0131lara bilgi verdi.<\/p>\n\n\n\n<p class=\"wp-block-paragraph\">Daha sonra k\u00fcrs\u00fcye gelen Saray Belediye Ba\u015fkan\u0131 Abdul Ta\u015fyasan ile Tekirda\u011f Milletvekili ve TBMM Katip \u00dcyesi Nurten Yontar, merkezin Saray il\u00e7esine hay\u0131rl\u0131 olmas\u0131n\u0131 dileyerek eme\u011fi ge\u00e7enlere te\u015fekk\u00fcr etti.<\/p>\n\n\n\n<figure class=\"wp-block-image size-full\"><img  title=\"\" loading=\"lazy\" decoding=\"async\" width=\"800\" height=\"533\" src=\"https:\/\/gundem59.com.tr\/wp-content\/uploads\/2026\/07\/WhatsApp-Image-2026_07_02-at-140145-_3_.jpeg\"  alt=\"WhatsApp-Image-2026_07_02-at-140145-_3_ Vali Recep Soyt\u00fcrk, Saray Belediyesi Hayvan Bak\u0131m ve Rehabilitasyon Merkezi&#039;nin A\u00e7\u0131l\u0131\u015f\u0131na Kat\u0131ld\u0131\"  class=\"wp-image-2688\" srcset=\"https:\/\/gundem59.com.tr\/wp-content\/uploads\/2026\/07\/WhatsApp-Image-2026_07_02-at-140145-_3_.jpeg 800w, https:\/\/gundem59.com.tr\/wp-content\/uploads\/2026\/07\/WhatsApp-Image-2026_07_02-at-140145-_3_-300x200.jpeg 300w, https:\/\/gundem59.com.tr\/wp-content\/uploads\/2026\/07\/WhatsApp-Image-2026_07_02-at-140145-_3_-768x512.jpeg 768w\" sizes=\"auto, (max-width: 800px) 100vw, 800px\" \/><\/figure>\n\n\n\n<h2 class=\"wp-block-heading\">Vali Soyt\u00fcrk: &#8220;Sokakta \u00c7ok Az Sahipsiz Hayvan Kald\u0131&#8221;<\/h2>\n\n\n\n<p class=\"wp-block-paragraph\">Programda konu\u015fan Tekirda\u011f Valisi Recep Soyt\u00fcrk, g\u00f6reve ba\u015flad\u0131\u011f\u0131 g\u00fcnden bu yana sahipsiz sokak hayvanlar\u0131 konusunda kapsaml\u0131 \u00e7al\u0131\u015fmalar y\u00fcr\u00fctt\u00fcklerini belirterek, yeni yasal d\u00fczenleme \u00f6ncesinde dahi ilgili kurumlarla haz\u0131rl\u0131klara ba\u015flad\u0131klar\u0131n\u0131 ifade etti.<\/p>\n\n\n\n<p class=\"wp-block-paragraph\">Sokak hayvanlar\u0131n\u0131n a\u00e7 kald\u0131klar\u0131nda sald\u0131rganla\u015fabildi\u011fine dikkat \u00e7eken Vali Soyt\u00fcrk, vatanda\u015flar\u0131n g\u00fcvenli\u011fi ile hayvanlar\u0131n ya\u015fam haklar\u0131n\u0131n birlikte korunmas\u0131 gerekti\u011fini vurgulad\u0131.<\/p>\n\n\n\n<p class=\"wp-block-paragraph\">Soyt\u00fcrk, &#8220;Sokak hayvanlar\u0131n\u0131n sa\u011fl\u0131kl\u0131 ortamlarda ya\u015famalar\u0131, k\u0131s\u0131rla\u015ft\u0131r\u0131lmalar\u0131, tedavilerinin yap\u0131lmas\u0131 ve d\u00fczenli beslenmeleri b\u00fcy\u00fck \u00f6nem ta\u015f\u0131yor. Bu kapsamda il genelindeki t\u00fcm il\u00e7elerde bak\u0131m evlerini ziyaret ederek eksiklikleri yerinde tespit ettik. Bug\u00fcn geldi\u011fimiz noktada bak\u0131mevleri ge\u00e7mi\u015fe g\u00f6re \u00e7ok daha hijyenik, daha modern ve daha geni\u015f hale geldi.&#8221; dedi.<\/p>\n\n\n\n<h2 class=\"wp-block-heading\">Do\u011fal Ya\u015fam Alanlar\u0131 \u00d6ne \u00c7\u0131k\u0131yor<\/h2>\n\n\n\n<p class=\"wp-block-paragraph\">Vali Soyt\u00fcrk, belediyelerin y\u00fck\u00fcn\u00fc hafifletmek amac\u0131yla ila\u00e7 deste\u011finin Polifarma taraf\u0131ndan \u00fccretsiz sa\u011fland\u0131\u011f\u0131n\u0131 belirterek, do\u011fal ya\u015fam alanlar\u0131n\u0131n olu\u015fturulmas\u0131n\u0131n \u00e7al\u0131\u015fmalar\u0131n en \u00f6nemli a\u015famalar\u0131ndan biri oldu\u011funu s\u00f6yledi.<\/p>\n\n\n\n<p class=\"wp-block-paragraph\">\u00c7erkezk\u00f6y, \u015eark\u00f6y ve Malkara&#8217;da olu\u015fturulan do\u011fal ya\u015fam alanlar\u0131n\u0131n \u00f6rnek tesisler oldu\u011funu ifade eden Soyt\u00fcrk, bu alanlarda hayvanlar\u0131n g\u00fcvenli, sa\u011fl\u0131kl\u0131 ve do\u011fal ortamlar\u0131nda ya\u015famlar\u0131n\u0131 s\u00fcrd\u00fcrebildi\u011fini kaydetti.<\/p>\n\n\n\n<p class=\"wp-block-paragraph\">Orman arazilerinin tahsisi konusunda devletin \u00f6nemli destek verdi\u011fini belirten Soyt\u00fcrk, AFAD taraf\u0131ndan belediyelere konteyner deste\u011fi sa\u011fland\u0131\u011f\u0131n\u0131, b\u00f6ylece projelerin maliyetlerinin \u00f6nemli \u00f6l\u00e7\u00fcde azalt\u0131ld\u0131\u011f\u0131n\u0131 dile getirdi.<\/p>\n\n\n\n<p class=\"wp-block-paragraph\">&#8220;Sokakta \u00e7ok az hayvan kald\u0131&#8221; diyen Soyt\u00fcrk, k\u0131sa s\u00fcre i\u00e7erisinde sahipsiz hayvanlar\u0131n tamam\u0131n\u0131n g\u00fcvenli ya\u015fam alanlar\u0131na al\u0131nmas\u0131n\u0131n hedeflendi\u011fini s\u00f6yledi.<\/p>\n\n\n\n<h2 class=\"wp-block-heading\">&#8220;11 Ayda B\u00fcy\u00fck De\u011fi\u015fim Ya\u015fand\u0131&#8221;<\/h2>\n\n\n\n<p class=\"wp-block-paragraph\">Saray Belediyesi Hayvan Bak\u0131m ve Rehabilitasyon Merkezi&#8217;nin k\u0131sa s\u00fcrede \u00f6nemli bir d\u00f6n\u00fc\u015f\u00fcm ge\u00e7irdi\u011fini belirten Vali Soyt\u00fcrk, &#8220;11 ay \u00f6nce buradayd\u0131k. Bug\u00fcn geldi\u011fimiz noktada \u00e7ok b\u00fcy\u00fck bir de\u011fi\u015fim var. Son derece modern ve \u00f6rnek bir tesis olu\u015fturulmu\u015f. Ba\u015fta Saray Belediye Ba\u015fkan\u0131 Abdul Ta\u015fyasan olmak \u00fczere eme\u011fi ge\u00e7en herkesi kutluyorum. Bu tesisin il\u00e7emize ve ilimize hay\u0131rl\u0131 olmas\u0131n\u0131 diliyorum.&#8221; ifadelerini kulland\u0131.<\/p>\n\n\n\n<h2 class=\"wp-block-heading\">Kurdele Kesildi, Merkez Gezildi<\/h2>\n\n\n\n<p class=\"wp-block-paragraph\">Konu\u015fmalar\u0131n ard\u0131ndan Vali Recep Soyt\u00fcrk ve protokol \u00fcyeleri taraf\u0131ndan a\u00e7\u0131l\u0131\u015f kurdelesi kesilerek Saray Belediyesi Hayvan Bak\u0131m ve Rehabilitasyon Merkezi resmen hizmete a\u00e7\u0131ld\u0131.<\/p>\n\n\n\n<p class=\"wp-block-paragraph\">A\u00e7\u0131l\u0131\u015f\u0131n ard\u0131ndan Vali Soyt\u00fcrk ve beraberindeki heyet tesisi gezerek y\u00fcr\u00fct\u00fclecek \u00e7al\u0131\u015fmalar hakk\u0131nda yetkililerden bilgi ald\u0131.<\/p>\n\n\n\n<h2 class=\"wp-block-heading\">Geni\u015f Kat\u0131l\u0131m Sa\u011fland\u0131<\/h2>\n\n\n\n<p class=\"wp-block-paragraph\">A\u00e7\u0131l\u0131\u015f t\u00f6renine Tekirda\u011f Valisi Recep Soyt\u00fcrk&#8217;\u00fcn yan\u0131 s\u0131ra Tekirda\u011f Milletvekili ve TBMM Katip \u00dcyesi Nurten Yontar, Saray Kaymakam\u0131 Refik \u00d6zsoy, Saray Belediye Ba\u015fkan\u0131 Abdul Ta\u015fyasan, \u00c7erkezk\u00f6y Belediye Ba\u015fkan\u0131 Vahap Akay, Muratl\u0131 Belediye Ba\u015fkan\u0131 Varol T\u00fcrel, \u00c7erkezk\u00f6y Organize Sanayi B\u00f6lgesi Y\u00f6netim Kurulu Ba\u015fkan\u0131 Ahmet \u00c7etin, Tekirda\u011f Hayvanlar\u0131 Koruma Derne\u011fi Ba\u015fkan\u0131 Bedia \u0130lerler ile \u00e7ok say\u0131da davetli ve vatanda\u015f kat\u0131ld\u0131.<\/p>\n","protected":false},"excerpt":{"rendered":"<p>TEK\u0130RDA\u011e \u2013 Saray Belediyesi taraf\u0131ndan sahipsiz sokak hayvanlar\u0131n\u0131n bak\u0131m, tedavi, k\u0131s\u0131rla\u015ft\u0131rma ve a\u015f\u0131lama i\u015flemlerinin ger\u00e7ekle\u015ftirilece\u011fi&#8230;<\/p>\n","protected":false},"author":1,"featured_media":2687,"comment_status":"closed","ping_status":"closed","sticky":false,"template":"","format":"standard","meta":{"footnotes":""},"categories":[4],"tags":[],"ppma_author":[57],"class_list":["post-2686","post","type-post","status-publish","format-standard","has-post-thumbnail","hentry","category-saray"],"authors":[{"term_id":57,"user_id":1,"is_guest":0,"slug":"admin","display_name":"Alp Aslan","avatar_url":"https:\/\/secure.gravatar.com\/avatar\/07c18c5ad3350b025db8f3328450e071acb435c703e565899c880c63362f137a?s=96&d=mm&r=g","author_category":"1","first_name":"Alp Aslan","last_name":"ER\u0130N","user_url":"http:\/\/www.gundem59.com.tr","job_title":"","description":""}],"_links":{"self":[{"href":"https:\/\/gundem59.com.tr\/index.php?rest_route=\/wp\/v2\/posts\/2686","targetHints":{"allow":["GET"]}}],"collection":[{"href":"https:\/\/gundem59.com.tr\/index.php?rest_route=\/wp\/v2\/posts"}],"about":[{"href":"https:\/\/gundem59.com.tr\/index.php?rest_route=\/wp\/v2\/types\/post"}],"author":[{"embeddable":true,"href":"https:\/\/gundem59.com.tr\/index.php?rest_route=\/wp\/v2\/users\/1"}],"replies":[{"embeddable":true,"href":"https:\/\/gundem59.com.tr\/index.php?rest_route=%2Fwp%2Fv2%2Fcomments&post=2686"}],"version-history":[{"count":1,"href":"https:\/\/gundem59.com.tr\/index.php?rest_route=\/wp\/v2\/posts\/2686\/revisions"}],"predecessor-version":[{"id":2689,"href":"https:\/\/gundem59.com.tr\/index.php?rest_route=\/wp\/v2\/posts\/2686\/revisions\/2689"}],"wp:featuredmedia":[{"embeddable":true,"href":"https:\/\/gundem59.com.tr\/index.php?rest_route=\/wp\/v2\/media\/2687"}],"wp:attachment":[{"href":"https:\/\/gundem59.com.tr\/index.php?rest_route=%2Fwp%2Fv2%2Fmedia&parent=2686"}],"wp:term":[{"taxonomy":"category","embeddable":true,"href":"https:\/\/gundem59.com.tr\/index.php?rest_route=%2Fwp%2Fv2%2Fcategories&post=2686"},{"taxonomy":"post_tag","embeddable":true,"href":"https:\/\/gundem59.com.tr\/index.php?rest_route=%2Fwp%2Fv2%2Ftags&post=2686"},{"taxonomy":"author","embeddable":true,"href":"https:\/\/gundem59.com.tr\/index.php?rest_route=%2Fwp%2Fv2%2Fppma_author&post=2686"}],"curies":[{"name":"wp","href":"https:\/\/api.w.org\/{rel}","templated":true}]}}