{"id":2683,"date":"2026-07-02T19:04:23","date_gmt":"2026-07-02T19:04:23","guid":{"rendered":"https:\/\/gundem59.com.tr\/?p=2683"},"modified":"2026-07-02T19:04:23","modified_gmt":"2026-07-02T19:04:23","slug":"tuik-mayis-ayi-dis-ticaret-verilerini-acikladi-tekirdag-ihracatta-trakyanin-lideri-oldu","status":"publish","type":"post","link":"https:\/\/gundem59.com.tr\/?p=2683","title":{"rendered":"T\u00dc\u0130K may\u0131s ay\u0131 d\u0131\u015f ticaret verilerini a\u00e7\u0131klad\u0131: Tekirda\u011f ihracatta Trakya&#8217;n\u0131n lideri oldu"},"content":{"rendered":"\n<p class=\"wp-block-paragraph\">T\u00fcrkiye \u0130statistik Kurumu taraf\u0131ndan a\u00e7\u0131klanan 2026 y\u0131l\u0131 may\u0131s ay\u0131 d\u0131\u015f ticaret istatistiklerine g\u00f6re, Tekirda\u011f ihracat ve ithalatta Trakya&#8217;n\u0131n en y\u00fcksek rakamlar\u0131na ula\u015ft\u0131. Tekirda\u011f, may\u0131s ay\u0131nda <strong>276 milyon 663 bin dolar<\/strong> ihracat ger\u00e7ekle\u015ftirerek T\u00fcrkiye genelinde <strong>15&#8217;inci s\u0131rada<\/strong> yer ald\u0131.<\/p>\n\n\n\n<p class=\"wp-block-paragraph\">T\u00dc\u0130K Edirne B\u00f6lge M\u00fcd\u00fcrl\u00fc\u011f\u00fc verilerine g\u00f6re Tekirda\u011f&#8217;\u0131n may\u0131s ay\u0131ndaki ithalat\u0131 ise <strong>200 milyon 407 bin dolar<\/strong> olarak kaydedildi. Kent, ithalatta T\u00fcrkiye genelinde <strong>12&#8217;nci s\u0131rada<\/strong> yer ald\u0131.<\/p>\n\n\n\n<h3 class=\"wp-block-heading\">Trakya illerinin d\u0131\u015f ticaret performans\u0131<\/h3>\n\n\n\n<p class=\"wp-block-paragraph\">May\u0131s ay\u0131nda Trakya illerinin d\u0131\u015f ticaret rakamlar\u0131 \u015fu \u015fekilde ger\u00e7ekle\u015fti:<\/p>\n\n\n\n<ul class=\"wp-block-list\">\n<li><strong>Tekirda\u011f:<\/strong> 276 milyon 663 bin dolar ihracat, 200 milyon 407 bin dolar ithalat<\/li>\n\n\n\n<li><strong>K\u0131rklareli:<\/strong> 22 milyon 66 bin dolar ihracat, 18 milyon 226 bin dolar ithalat<\/li>\n\n\n\n<li><strong>Edirne:<\/strong> 9 milyon 943 bin dolar ihracat, 32 milyon 612 bin dolar ithalat<\/li>\n<\/ul>\n\n\n\n<h3 class=\"wp-block-heading\">Tekirda\u011f en fazla Almanya&#8217;ya ihracat yapt\u0131<\/h3>\n\n\n\n<p class=\"wp-block-paragraph\">Tekirda\u011f&#8217;\u0131n may\u0131s ay\u0131nda en fazla ihracat ger\u00e7ekle\u015ftirdi\u011fi \u00fclke <strong>32 milyon 149 bin 679 dolar<\/strong> ile Almanya oldu.<\/p>\n\n\n\n<p class=\"wp-block-paragraph\">Almanya&#8217;y\u0131;<\/p>\n\n\n\n<ul class=\"wp-block-list\">\n<li>Amerika Birle\u015fik Devletleri (<strong>22 milyon 693 bin 623 dolar<\/strong>),<\/li>\n\n\n\n<li>S\u0131rbistan (<strong>20 milyon 442 bin 608 dolar<\/strong>) takip etti.<\/li>\n<\/ul>\n\n\n\n<p class=\"wp-block-paragraph\">\u0130thalatta ise ilk s\u0131rada <strong>52 milyon 702 bin 896 dolar<\/strong> ile \u00c7in yer al\u0131rken, G\u00fcney Kore ve Amerika Birle\u015fik Devletleri \u00f6ne \u00e7\u0131kan di\u011fer \u00fclkeler aras\u0131nda bulundu.<\/p>\n\n\n\n<h3 class=\"wp-block-heading\">Edirne ve K\u0131rklareli&#8217;nin ticaret ortaklar\u0131<\/h3>\n\n\n\n<p class=\"wp-block-paragraph\">May\u0131s ay\u0131nda Edirne&#8217;nin en fazla ihracat yapt\u0131\u011f\u0131 ve ithalat ger\u00e7ekle\u015ftirdi\u011fi \u00fclke Bulgaristan oldu.<\/p>\n\n\n\n<p class=\"wp-block-paragraph\">K\u0131rklareli ise ihracatta en fazla Sierra Leone&#8217;ye \u00fcr\u00fcn g\u00f6nderirken, ithalatta ilk s\u0131rada Rusya yer ald\u0131.<\/p>\n\n\n\n<h3 class=\"wp-block-heading\">T\u00fcrkiye genelinde ihracat ve ithalat geriledi<\/h3>\n\n\n\n<p class=\"wp-block-paragraph\">T\u00dc\u0130K verilerine g\u00f6re T\u00fcrkiye genelinde may\u0131s ay\u0131nda ihracat, ge\u00e7en y\u0131l\u0131n ayn\u0131 ay\u0131na g\u00f6re <strong>y\u00fczde 9,5 azalarak 22 milyar 461 milyon dolar<\/strong> oldu. Ayn\u0131 d\u00f6nemde ithalat ise <strong>y\u00fczde 10,8 d\u00fc\u015f\u00fc\u015fle 28 milyar 71 milyon dolar<\/strong> olarak ger\u00e7ekle\u015fti. Bu veriler, d\u0131\u015f ticarette ge\u00e7en y\u0131l\u0131n ayn\u0131 d\u00f6nemine g\u00f6re yava\u015flama ya\u015fand\u0131\u011f\u0131n\u0131 ortaya koydu.<\/p>\n","protected":false},"excerpt":{"rendered":"<p>T\u00fcrkiye \u0130statistik Kurumu taraf\u0131ndan a\u00e7\u0131klanan 2026 y\u0131l\u0131 may\u0131s ay\u0131 d\u0131\u015f ticaret istatistiklerine g\u00f6re, Tekirda\u011f ihracat&#8230;<\/p>\n","protected":false},"author":1,"featured_media":2684,"comment_status":"closed","ping_status":"closed","sticky":false,"template":"","format":"standard","meta":{"footnotes":""},"categories":[53],"tags":[],"ppma_author":[57],"class_list":["post-2683","post","type-post","status-publish","format-standard","has-post-thumbnail","hentry","category-ekonomi"],"authors":[{"term_id":57,"user_id":1,"is_guest":0,"slug":"admin","display_name":"Alp Aslan","avatar_url":"https:\/\/secure.gravatar.com\/avatar\/07c18c5ad3350b025db8f3328450e071acb435c703e565899c880c63362f137a?s=96&d=mm&r=g","author_category":"1","first_name":"Alp Aslan","last_name":"ER\u0130N","user_url":"http:\/\/www.gundem59.com.tr","job_title":"","description":""}],"_links":{"self":[{"href":"https:\/\/gundem59.com.tr\/index.php?rest_route=\/wp\/v2\/posts\/2683","targetHints":{"allow":["GET"]}}],"collection":[{"href":"https:\/\/gundem59.com.tr\/index.php?rest_route=\/wp\/v2\/posts"}],"about":[{"href":"https:\/\/gundem59.com.tr\/index.php?rest_route=\/wp\/v2\/types\/post"}],"author":[{"embeddable":true,"href":"https:\/\/gundem59.com.tr\/index.php?rest_route=\/wp\/v2\/users\/1"}],"replies":[{"embeddable":true,"href":"https:\/\/gundem59.com.tr\/index.php?rest_route=%2Fwp%2Fv2%2Fcomments&post=2683"}],"version-history":[{"count":1,"href":"https:\/\/gundem59.com.tr\/index.php?rest_route=\/wp\/v2\/posts\/2683\/revisions"}],"predecessor-version":[{"id":2685,"href":"https:\/\/gundem59.com.tr\/index.php?rest_route=\/wp\/v2\/posts\/2683\/revisions\/2685"}],"wp:featuredmedia":[{"embeddable":true,"href":"https:\/\/gundem59.com.tr\/index.php?rest_route=\/wp\/v2\/media\/2684"}],"wp:attachment":[{"href":"https:\/\/gundem59.com.tr\/index.php?rest_route=%2Fwp%2Fv2%2Fmedia&parent=2683"}],"wp:term":[{"taxonomy":"category","embeddable":true,"href":"https:\/\/gundem59.com.tr\/index.php?rest_route=%2Fwp%2Fv2%2Fcategories&post=2683"},{"taxonomy":"post_tag","embeddable":true,"href":"https:\/\/gundem59.com.tr\/index.php?rest_route=%2Fwp%2Fv2%2Ftags&post=2683"},{"taxonomy":"author","embeddable":true,"href":"https:\/\/gundem59.com.tr\/index.php?rest_route=%2Fwp%2Fv2%2Fppma_author&post=2683"}],"curies":[{"name":"wp","href":"https:\/\/api.w.org\/{rel}","templated":true}]}}