{"id":2680,"date":"2026-07-02T19:01:54","date_gmt":"2026-07-02T19:01:54","guid":{"rendered":"https:\/\/gundem59.com.tr\/?p=2680"},"modified":"2026-07-02T19:01:55","modified_gmt":"2026-07-02T19:01:55","slug":"tekirdagda-kabotaj-bayraminin-100-yilina-ozel-anlamli-mehtap-turu","status":"publish","type":"post","link":"https:\/\/gundem59.com.tr\/?p=2680","title":{"rendered":"Tekirda\u011f&#8217;da Kabotaj Bayram\u0131&#8217;n\u0131n 100. y\u0131l\u0131na \u00f6zel anlaml\u0131 mehtap turu"},"content":{"rendered":"\n<p class=\"wp-block-paragraph\"><strong>1 Temmuz Denizcilik ve Kabotaj Bayram\u0131&#8217;n\u0131n 100. y\u0131l\u0131<\/strong> dolay\u0131s\u0131yla Tekirda\u011f&#8217;da \u015fehit aileleri ve gaziler onuruna Marmara Denizi&#8217;nde mehtap turu d\u00fczenlendi. Duygu dolu anlar\u0131n ya\u015fand\u0131\u011f\u0131 programda birlik, beraberlik ve milli dayan\u0131\u015fma mesajlar\u0131 verildi.<\/p>\n\n\n\n<p class=\"wp-block-paragraph\">Tekirda\u011f B\u00f6lge Liman Ba\u015fkanl\u0131\u011f\u0131 koordinesinde ger\u00e7ekle\u015ftirilen etkinlikte \u015fehit aileleri ve gaziler tekne turunda bir araya geldi. T\u00fcrk\u00fcler e\u015fli\u011finde ger\u00e7ekle\u015fen programda kat\u0131l\u0131mc\u0131lar hem Kabotaj Bayram\u0131&#8217;n\u0131n co\u015fkusunu ya\u015fad\u0131 hem de Marmara Denizi&#8217;nin e\u015fsiz manzaras\u0131 e\u015fli\u011finde unutulmaz bir ak\u015fam ge\u00e7irdi.<\/p>\n\n\n\n<h3 class=\"wp-block-heading\">&#8220;Kabotaj Kanunu ekonomik ba\u011f\u0131ms\u0131zl\u0131\u011f\u0131m\u0131z\u0131n simgesidir&#8221;<\/h3>\n\n\n\n<p class=\"wp-block-paragraph\">Program\u0131n a\u00e7\u0131l\u0131\u015f\u0131nda konu\u015fan Tekirda\u011f B\u00f6lge Liman Ba\u015fkan\u0131 Mustafa As\u0131m Sulu, Kabotaj Bayram\u0131&#8217;n\u0131n T\u00fcrk denizcilik tarihi a\u00e7\u0131s\u0131ndan b\u00fcy\u00fck \u00f6nem ta\u015f\u0131d\u0131\u011f\u0131n\u0131 vurgulad\u0131.<\/p>\n\n\n\n<p class=\"wp-block-paragraph\">K\u0131sa s\u00fcre \u00f6nce Tekirda\u011f&#8217;daki g\u00f6revine ba\u015flad\u0131\u011f\u0131n\u0131 belirten Sulu, kat\u0131l\u0131mc\u0131larla ayn\u0131 organizasyonda bulunmaktan mutluluk duydu\u011funu ifade etti.<\/p>\n\n\n\n<p class=\"wp-block-paragraph\">Denizlerin \u00fclkelerin ekonomik g\u00fcc\u00fc a\u00e7\u0131s\u0131ndan stratejik bir \u00f6neme sahip oldu\u011funu dile getiren Sulu, <strong>815 say\u0131l\u0131 Kabotaj Kanunu&#8217;nun<\/strong> y\u00fcr\u00fcrl\u00fc\u011fe girdi\u011fi <strong>1 Temmuz 1926<\/strong> tarihinin T\u00fcrk denizcili\u011finde tarihi bir d\u00f6n\u00fcm noktas\u0131 oldu\u011funu s\u00f6yledi.<\/p>\n\n\n\n<p class=\"wp-block-paragraph\">Sulu, &#8220;Bu y\u0131l Kabotaj Bayram\u0131&#8217;n\u0131n 100. y\u0131l\u0131n\u0131 kutluyoruz. Bu kanunla birlikte T\u00fcrkiye k\u0131y\u0131lar\u0131nda yolcu ve y\u00fck ta\u015f\u0131mac\u0131l\u0131\u011f\u0131n\u0131n T\u00fcrk bayrakl\u0131 gemiler taraf\u0131ndan yap\u0131lmas\u0131 g\u00fcvence alt\u0131na al\u0131nm\u0131\u015f, deniz ticaretimiz ekonomik ba\u011f\u0131ms\u0131zl\u0131\u011f\u0131n\u0131 kazanm\u0131\u015ft\u0131r.&#8221; ifadelerini kulland\u0131.<\/p>\n\n\n\n<h3 class=\"wp-block-heading\">T\u00fcrk\u00fcler e\u015fli\u011finde duygu dolu anlar<\/h3>\n\n\n\n<p class=\"wp-block-paragraph\">Konu\u015fmalar\u0131n ard\u0131ndan tekne Marmara Denizi&#8217;ne a\u00e7\u0131larak mehtap turuna \u00e7\u0131kt\u0131. Program boyunca seslendirilen t\u00fcrk\u00fcler kat\u0131l\u0131mc\u0131lara duygusal anlar ya\u015fat\u0131rken, \u015fehit aileleri ve gaziler kendileri i\u00e7in d\u00fczenlenen organizasyondan duyduklar\u0131 memnuniyeti dile getirdi.<\/p>\n\n\n\n<p class=\"wp-block-paragraph\">Etkinlik, g\u00fcn\u00fcn an\u0131s\u0131na \u00e7ekilen hat\u0131ra foto\u011fraflar\u0131 ve birlik-beraberlik mesajlar\u0131n\u0131n ard\u0131ndan sona erdi.<\/p>\n\n\n\n<h3 class=\"wp-block-heading\">Geni\u015f kat\u0131l\u0131m sa\u011fland\u0131<\/h3>\n\n\n\n<p class=\"wp-block-paragraph\">Programa Tekirda\u011f B\u00f6lge Liman Ba\u015fkan\u0131 Mustafa As\u0131m Sulu&#8217;nun yan\u0131 s\u0131ra H\u00fcseyin \u00d6zdemir, Aydo\u011fan Tulgar, Sosyal Hizmet Merkezi m\u00fcd\u00fcrleri, \u015fehit ve gazi birim yetkilileri ile Tekirda\u011f \u0130l K\u00fclt\u00fcr ve Turizm M\u00fcd\u00fcrl\u00fc\u011f\u00fc temsilcileri kat\u0131ld\u0131. Protokol \u00fcyeleri, tekne turu boyunca \u015fehit aileleri ve gazilerle yak\u0131ndan ilgilenerek sohbet etti.<\/p>\n","protected":false},"excerpt":{"rendered":"<p>1 Temmuz Denizcilik ve Kabotaj Bayram\u0131&#8217;n\u0131n 100. y\u0131l\u0131 dolay\u0131s\u0131yla Tekirda\u011f&#8217;da \u015fehit aileleri ve gaziler onuruna&#8230;<\/p>\n","protected":false},"author":1,"featured_media":2681,"comment_status":"closed","ping_status":"closed","sticky":false,"template":"","format":"standard","meta":{"footnotes":""},"categories":[56],"tags":[],"ppma_author":[57],"class_list":["post-2680","post","type-post","status-publish","format-standard","has-post-thumbnail","hentry","category-guncel"],"authors":[{"term_id":57,"user_id":1,"is_guest":0,"slug":"admin","display_name":"Alp Aslan","avatar_url":"https:\/\/secure.gravatar.com\/avatar\/07c18c5ad3350b025db8f3328450e071acb435c703e565899c880c63362f137a?s=96&d=mm&r=g","author_category":"1","first_name":"Alp Aslan","last_name":"ER\u0130N","user_url":"http:\/\/www.gundem59.com.tr","job_title":"","description":""}],"_links":{"self":[{"href":"https:\/\/gundem59.com.tr\/index.php?rest_route=\/wp\/v2\/posts\/2680","targetHints":{"allow":["GET"]}}],"collection":[{"href":"https:\/\/gundem59.com.tr\/index.php?rest_route=\/wp\/v2\/posts"}],"about":[{"href":"https:\/\/gundem59.com.tr\/index.php?rest_route=\/wp\/v2\/types\/post"}],"author":[{"embeddable":true,"href":"https:\/\/gundem59.com.tr\/index.php?rest_route=\/wp\/v2\/users\/1"}],"replies":[{"embeddable":true,"href":"https:\/\/gundem59.com.tr\/index.php?rest_route=%2Fwp%2Fv2%2Fcomments&post=2680"}],"version-history":[{"count":1,"href":"https:\/\/gundem59.com.tr\/index.php?rest_route=\/wp\/v2\/posts\/2680\/revisions"}],"predecessor-version":[{"id":2682,"href":"https:\/\/gundem59.com.tr\/index.php?rest_route=\/wp\/v2\/posts\/2680\/revisions\/2682"}],"wp:featuredmedia":[{"embeddable":true,"href":"https:\/\/gundem59.com.tr\/index.php?rest_route=\/wp\/v2\/media\/2681"}],"wp:attachment":[{"href":"https:\/\/gundem59.com.tr\/index.php?rest_route=%2Fwp%2Fv2%2Fmedia&parent=2680"}],"wp:term":[{"taxonomy":"category","embeddable":true,"href":"https:\/\/gundem59.com.tr\/index.php?rest_route=%2Fwp%2Fv2%2Fcategories&post=2680"},{"taxonomy":"post_tag","embeddable":true,"href":"https:\/\/gundem59.com.tr\/index.php?rest_route=%2Fwp%2Fv2%2Ftags&post=2680"},{"taxonomy":"author","embeddable":true,"href":"https:\/\/gundem59.com.tr\/index.php?rest_route=%2Fwp%2Fv2%2Fppma_author&post=2680"}],"curies":[{"name":"wp","href":"https:\/\/api.w.org\/{rel}","templated":true}]}}