{"id":2677,"date":"2026-07-02T18:59:07","date_gmt":"2026-07-02T18:59:07","guid":{"rendered":"https:\/\/gundem59.com.tr\/?p=2677"},"modified":"2026-07-02T18:59:08","modified_gmt":"2026-07-02T18:59:08","slug":"kapakliya-hayirsever-destegiyle-yeni-imam-hatip-okulu-yapilacak","status":"publish","type":"post","link":"https:\/\/gundem59.com.tr\/?p=2677","title":{"rendered":"Kapakl\u0131&#8217;ya hay\u0131rsever deste\u011fiyle yeni imam hatip okulu yap\u0131lacak"},"content":{"rendered":"\n<p class=\"wp-block-paragraph\">Tekirda\u011f&#8217;\u0131n Kapakl\u0131 il\u00e7esinde e\u011fitime \u00f6nemli bir yat\u0131r\u0131m daha kazand\u0131r\u0131l\u0131yor. Hay\u0131rsever H\u00fcseyin \u00c7akmak taraf\u0131ndan 16 derslikli imam hatip lisesi ile imam hatip ortaokulu in\u015fa edilecek.<\/p>\n\n\n\n<p class=\"wp-block-paragraph\">Yeni e\u011fitim yat\u0131r\u0131m\u0131 i\u00e7in protokol, Tekirda\u011f Valili\u011fi Toplant\u0131 Salonu&#8217;nda d\u00fczenlenen t\u00f6renle imzaland\u0131.<\/p>\n\n\n\n<h3 class=\"wp-block-heading\">16 derslikli okul in\u015fa edilecek<\/h3>\n\n\n\n<p class=\"wp-block-paragraph\">Yap\u0131lacak okul, Cumhuriyet Mahallesi&#8217;nde Hazine m\u00fclkiyetinde bulunan ve Milli E\u011fitim Bakanl\u0131\u011f\u0131&#8217;na tahsisli 2 bin 447 metrekarelik arsa \u00fczerine in\u015fa edilecek. Proje kapsam\u0131nda il\u00e7eye 16 derslikli imam hatip lisesi ve imam hatip ortaokulu kazand\u0131r\u0131lacak.<\/p>\n\n\n\n<h3 class=\"wp-block-heading\">Protokol imzaland\u0131<\/h3>\n\n\n\n<p class=\"wp-block-paragraph\">\u0130mza t\u00f6renine Recep Soyt\u00fcrk, Mustafa G\u00fcrdal, Abdulaziz Yeniyol, Ali Kemal Atl\u0131 ile hay\u0131rsever H\u00fcseyin \u00c7akmak kat\u0131ld\u0131.<\/p>\n\n\n\n<h3 class=\"wp-block-heading\">&#8220;E\u011fitim yat\u0131r\u0131mlar\u0131 s\u00fcr\u00fcyor&#8221;<\/h3>\n\n\n\n<p class=\"wp-block-paragraph\">T\u00f6rende konu\u015fan Tekirda\u011f Valisi Recep Soyt\u00fcrk, il genelinde okul ve derslik ihtiyac\u0131n\u0131n kar\u015f\u0131lanmas\u0131na y\u00f6nelik \u00e7al\u0131\u015fmalar\u0131n aral\u0131ks\u0131z devam etti\u011fini belirtti.<\/p>\n\n\n\n<p class=\"wp-block-paragraph\">Devletin imk\u00e2nlar\u0131n\u0131n yan\u0131 s\u0131ra hay\u0131rseverlerin katk\u0131lar\u0131n\u0131n e\u011fitim yat\u0131r\u0131mlar\u0131na b\u00fcy\u00fck destek sa\u011flad\u0131\u011f\u0131n\u0131 vurgulayan Soyt\u00fcrk, okulun yap\u0131m\u0131n\u0131 \u00fcstlenen H\u00fcseyin \u00c7akmak&#8217;a te\u015fekk\u00fcr etti.<\/p>\n\n\n\n<p class=\"wp-block-paragraph\">Vali Soyt\u00fcrk, yeni imam hatip lisesi ve ortaokulunun Kapakl\u0131&#8217;ya, \u00f6\u011frencilere ve e\u011fitim camias\u0131na hay\u0131rl\u0131 olmas\u0131n\u0131 temenni etti.<\/p>\n","protected":false},"excerpt":{"rendered":"<p>Tekirda\u011f&#8217;\u0131n Kapakl\u0131 il\u00e7esinde e\u011fitime \u00f6nemli bir yat\u0131r\u0131m daha kazand\u0131r\u0131l\u0131yor. Hay\u0131rsever H\u00fcseyin \u00c7akmak taraf\u0131ndan 16 derslikli&#8230;<\/p>\n","protected":false},"author":1,"featured_media":2678,"comment_status":"closed","ping_status":"closed","sticky":false,"template":"","format":"standard","meta":{"footnotes":""},"categories":[56],"tags":[],"ppma_author":[57],"class_list":["post-2677","post","type-post","status-publish","format-standard","has-post-thumbnail","hentry","category-guncel"],"authors":[{"term_id":57,"user_id":1,"is_guest":0,"slug":"admin","display_name":"Alp Aslan","avatar_url":"https:\/\/secure.gravatar.com\/avatar\/07c18c5ad3350b025db8f3328450e071acb435c703e565899c880c63362f137a?s=96&d=mm&r=g","author_category":"1","first_name":"Alp Aslan","last_name":"ER\u0130N","user_url":"http:\/\/www.gundem59.com.tr","job_title":"","description":""}],"_links":{"self":[{"href":"https:\/\/gundem59.com.tr\/index.php?rest_route=\/wp\/v2\/posts\/2677","targetHints":{"allow":["GET"]}}],"collection":[{"href":"https:\/\/gundem59.com.tr\/index.php?rest_route=\/wp\/v2\/posts"}],"about":[{"href":"https:\/\/gundem59.com.tr\/index.php?rest_route=\/wp\/v2\/types\/post"}],"author":[{"embeddable":true,"href":"https:\/\/gundem59.com.tr\/index.php?rest_route=\/wp\/v2\/users\/1"}],"replies":[{"embeddable":true,"href":"https:\/\/gundem59.com.tr\/index.php?rest_route=%2Fwp%2Fv2%2Fcomments&post=2677"}],"version-history":[{"count":1,"href":"https:\/\/gundem59.com.tr\/index.php?rest_route=\/wp\/v2\/posts\/2677\/revisions"}],"predecessor-version":[{"id":2679,"href":"https:\/\/gundem59.com.tr\/index.php?rest_route=\/wp\/v2\/posts\/2677\/revisions\/2679"}],"wp:featuredmedia":[{"embeddable":true,"href":"https:\/\/gundem59.com.tr\/index.php?rest_route=\/wp\/v2\/media\/2678"}],"wp:attachment":[{"href":"https:\/\/gundem59.com.tr\/index.php?rest_route=%2Fwp%2Fv2%2Fmedia&parent=2677"}],"wp:term":[{"taxonomy":"category","embeddable":true,"href":"https:\/\/gundem59.com.tr\/index.php?rest_route=%2Fwp%2Fv2%2Fcategories&post=2677"},{"taxonomy":"post_tag","embeddable":true,"href":"https:\/\/gundem59.com.tr\/index.php?rest_route=%2Fwp%2Fv2%2Ftags&post=2677"},{"taxonomy":"author","embeddable":true,"href":"https:\/\/gundem59.com.tr\/index.php?rest_route=%2Fwp%2Fv2%2Fppma_author&post=2677"}],"curies":[{"name":"wp","href":"https:\/\/api.w.org\/{rel}","templated":true}]}}