{"id":2674,"date":"2026-07-02T18:56:27","date_gmt":"2026-07-02T18:56:27","guid":{"rendered":"https:\/\/gundem59.com.tr\/?p=2674"},"modified":"2026-07-02T18:57:01","modified_gmt":"2026-07-02T18:57:01","slug":"corluda-motosiklet-kazasi-4-yasindaki-lina-sunun-gozyaslari-yurek-burktu","status":"publish","type":"post","link":"https:\/\/gundem59.com.tr\/?p=2674","title":{"rendered":"\u00c7orlu&#8217;da motosiklet kazas\u0131: 4 ya\u015f\u0131ndaki Lina Su&#8217;nun g\u00f6zya\u015flar\u0131 y\u00fcrek burktu"},"content":{"rendered":"\n<p class=\"wp-block-paragraph\">Tekirda\u011f&#8217;\u0131n \u00c7orlu il\u00e7esinde meydana gelen motosiklet kazas\u0131nda ayn\u0131 aileden \u00fc\u00e7 ki\u015fi yaraland\u0131. Kazay\u0131 hafif s\u0131yr\u0131klarla atlatan 4 ya\u015f\u0131ndaki Lina Su U., sa\u011fl\u0131k ekiplerinin anne ve babas\u0131na m\u00fcdahale etti\u011fi s\u0131rada g\u00f6zya\u015flar\u0131na bo\u011fuldu.<\/p>\n\n\n\n<p class=\"wp-block-paragraph\">Kaza, saat 13.00 s\u0131ralar\u0131nda \u00c7orlu il\u00e7esine ba\u011fl\u0131 H\u0131d\u0131ra\u011fa Mahallesi \u00c7\u0131rak Bay\u0131r\u0131 mevkisinde meydana geldi.<\/p>\n\n\n\n<p class=\"wp-block-paragraph\">Edinilen bilgilere g\u00f6re, Ahmet U. idaresindeki <strong>59 AFR 253<\/strong> plakal\u0131 motosiklet, s\u00fcr\u00fcc\u00fcs\u00fcn\u00fcn direksiyon hakimiyetini kaybetmesi sonucu devrildi. Kazada s\u00fcr\u00fcc\u00fc Ahmet U., e\u015fi Nurcan U. ve \u00e7iftin 4 ya\u015f\u0131ndaki k\u0131zlar\u0131 Lina Su U. yaraland\u0131.<\/p>\n\n\n\n<h3 class=\"wp-block-heading\">Anne ve babas\u0131n\u0131n ba\u015f\u0131ndan bir an olsun ayr\u0131lmad\u0131<\/h3>\n\n\n\n<p class=\"wp-block-paragraph\">\u0130hbar \u00fczerine olay yerine polis ve sa\u011fl\u0131k ekipleri sevk edildi. Yaral\u0131lara ilk m\u00fcdahale sa\u011fl\u0131k ekipleri taraf\u0131ndan olay yerinde yap\u0131l\u0131rken, kazay\u0131 hafif s\u0131yr\u0131klarla atlatan Lina Su U., anne ve babas\u0131na m\u00fcdahale edildi\u011fi s\u0131rada b\u00fcy\u00fck korku ya\u015fad\u0131.<\/p>\n\n\n\n<p class=\"wp-block-paragraph\">G\u00f6zya\u015flar\u0131na hakim olamayan k\u00fc\u00e7\u00fck Lina Su&#8217;yu \u00e7evredeki vatanda\u015flar teselli etmeye \u00e7al\u0131\u015ft\u0131. K\u00fc\u00e7\u00fck k\u0131z\u0131n anne ve babas\u0131n\u0131n ba\u015f\u0131ndan ayr\u0131lmamas\u0131, olay yerinde duygusal anlar\u0131n ya\u015fanmas\u0131na neden oldu.<\/p>\n\n\n\n<h3 class=\"wp-block-heading\">Hastaneye kald\u0131r\u0131ld\u0131lar<\/h3>\n\n\n\n<p class=\"wp-block-paragraph\">Yaral\u0131 Ahmet U., Nurcan U. ve Lina Su U., ambulanslarla \u00c7orlu Devlet Hastanesi&#8217;ne kald\u0131r\u0131larak tedavi alt\u0131na al\u0131nd\u0131.<\/p>\n\n\n\n<p class=\"wp-block-paragraph\">Polis ekipleri, kazan\u0131n kesin nedeninin belirlenmesi i\u00e7in olayla ilgili soru\u015fturma ba\u015flatt\u0131.<\/p>\n","protected":false},"excerpt":{"rendered":"<p>Tekirda\u011f&#8217;\u0131n \u00c7orlu il\u00e7esinde meydana gelen motosiklet kazas\u0131nda ayn\u0131 aileden \u00fc\u00e7 ki\u015fi yaraland\u0131. Kazay\u0131 hafif s\u0131yr\u0131klarla&#8230;<\/p>\n","protected":false},"author":1,"featured_media":2675,"comment_status":"closed","ping_status":"closed","sticky":false,"template":"","format":"standard","meta":{"footnotes":""},"categories":[5],"tags":[],"ppma_author":[57],"class_list":["post-2674","post","type-post","status-publish","format-standard","has-post-thumbnail","hentry","category-corlu"],"authors":[{"term_id":57,"user_id":1,"is_guest":0,"slug":"admin","display_name":"Alp Aslan","avatar_url":"https:\/\/secure.gravatar.com\/avatar\/07c18c5ad3350b025db8f3328450e071acb435c703e565899c880c63362f137a?s=96&d=mm&r=g","author_category":"1","first_name":"Alp Aslan","last_name":"ER\u0130N","user_url":"http:\/\/www.gundem59.com.tr","job_title":"","description":""}],"_links":{"self":[{"href":"https:\/\/gundem59.com.tr\/index.php?rest_route=\/wp\/v2\/posts\/2674","targetHints":{"allow":["GET"]}}],"collection":[{"href":"https:\/\/gundem59.com.tr\/index.php?rest_route=\/wp\/v2\/posts"}],"about":[{"href":"https:\/\/gundem59.com.tr\/index.php?rest_route=\/wp\/v2\/types\/post"}],"author":[{"embeddable":true,"href":"https:\/\/gundem59.com.tr\/index.php?rest_route=\/wp\/v2\/users\/1"}],"replies":[{"embeddable":true,"href":"https:\/\/gundem59.com.tr\/index.php?rest_route=%2Fwp%2Fv2%2Fcomments&post=2674"}],"version-history":[{"count":1,"href":"https:\/\/gundem59.com.tr\/index.php?rest_route=\/wp\/v2\/posts\/2674\/revisions"}],"predecessor-version":[{"id":2676,"href":"https:\/\/gundem59.com.tr\/index.php?rest_route=\/wp\/v2\/posts\/2674\/revisions\/2676"}],"wp:featuredmedia":[{"embeddable":true,"href":"https:\/\/gundem59.com.tr\/index.php?rest_route=\/wp\/v2\/media\/2675"}],"wp:attachment":[{"href":"https:\/\/gundem59.com.tr\/index.php?rest_route=%2Fwp%2Fv2%2Fmedia&parent=2674"}],"wp:term":[{"taxonomy":"category","embeddable":true,"href":"https:\/\/gundem59.com.tr\/index.php?rest_route=%2Fwp%2Fv2%2Fcategories&post=2674"},{"taxonomy":"post_tag","embeddable":true,"href":"https:\/\/gundem59.com.tr\/index.php?rest_route=%2Fwp%2Fv2%2Ftags&post=2674"},{"taxonomy":"author","embeddable":true,"href":"https:\/\/gundem59.com.tr\/index.php?rest_route=%2Fwp%2Fv2%2Fppma_author&post=2674"}],"curies":[{"name":"wp","href":"https:\/\/api.w.org\/{rel}","templated":true}]}}