{"id":2668,"date":"2026-07-02T18:51:09","date_gmt":"2026-07-02T18:51:09","guid":{"rendered":"https:\/\/gundem59.com.tr\/?p=2668"},"modified":"2026-07-02T18:51:10","modified_gmt":"2026-07-02T18:51:10","slug":"guney-koreli-ve-japon-turistler-mimar-sinanin-izinde-tekirdagi-kesfetti","status":"publish","type":"post","link":"https:\/\/gundem59.com.tr\/?p=2668","title":{"rendered":"G\u00fcney Koreli ve Japon turistler Mimar Sinan&#8217;\u0131n izinde Tekirda\u011f&#8217;\u0131 ke\u015ffetti"},"content":{"rendered":"\n<p class=\"wp-block-paragraph\">Tekirda\u011f, uluslararas\u0131 k\u00fclt\u00fcr turizmine ev sahipli\u011fi yapt\u0131. <strong>&#8220;Mimar Sinan&#8217;\u0131n \u0130zinde: Bir Payitahttan Di\u011ferine Yolculuk&#8221;<\/strong> k\u00fclt\u00fcr ve turizm rotas\u0131 kapsam\u0131nda G\u00fcney Kore ve Japonya&#8217;dan gelen turistler, kentin tarihi ve k\u00fclt\u00fcrel de\u011ferlerini yak\u0131ndan tan\u0131ma f\u0131rsat\u0131 buldu.<\/p>\n\n\n\n<p class=\"wp-block-paragraph\">T\u00fcrk Hava Yollar\u0131 ile Trakya Kalk\u0131nma Ajans\u0131 i\u015f birli\u011finde d\u00fczenlenen program kapsam\u0131nda Tekirda\u011f&#8217;\u0131 gezen turistler, Osmanl\u0131&#8217;n\u0131n ba\u015fmimar\u0131 Mimar Sinan&#8217;\u0131n kentteki \u00f6nemli eserlerini ziyaret etti.<\/p>\n\n\n\n<h3 class=\"wp-block-heading\">R\u00fcstem Pa\u015fa Camii ve Arkeoloji M\u00fczesi ilgi g\u00f6rd\u00fc<\/h3>\n\n\n\n<p class=\"wp-block-paragraph\">Program\u0131n ilk dura\u011f\u0131, Mimar Sinan&#8217;\u0131n \u00f6nemli eserlerinden biri olan R\u00fcstem Pa\u015fa Camii oldu. Tarihi camiyi gezen turistler, yap\u0131n\u0131n mimari \u00f6zellikleri hakk\u0131nda rehberlerden bilgi ald\u0131.<\/p>\n\n\n\n<p class=\"wp-block-paragraph\">Daha sonra grup, Tekirda\u011f Arkeoloji ve Etnografya M\u00fczesi&#8217;ni ziyaret ederek tarih \u00f6ncesi d\u00f6nemlerden g\u00fcn\u00fcm\u00fcze uzanan eserleri inceleme f\u0131rsat\u0131 buldu.<\/p>\n\n\n\n<h3 class=\"wp-block-heading\">Tekirda\u011f&#8217;\u0131n y\u00f6resel lezzetlerini tatt\u0131lar<\/h3>\n\n\n\n<p class=\"wp-block-paragraph\">K\u00fclt\u00fcr gezisi kapsam\u0131nda misafirlere Tekirda\u011f&#8217;\u0131n co\u011frafi i\u015faretli y\u00f6resel \u00fcr\u00fcnleri de ikram edildi. Turistler hem kentin gastronomisini deneyimledi hem de b\u00f6lgenin k\u00fclt\u00fcrel miras\u0131n\u0131 yak\u0131ndan tan\u0131d\u0131.<\/p>\n\n\n\n<p class=\"wp-block-paragraph\">Program\u0131n devam\u0131nda ziyaret\u00e7ilerin Edirne ve K\u0131rklareli&#8217;ndeki tarihi ve k\u00fclt\u00fcrel noktalar\u0131 da ziyaret edece\u011fi belirtildi.<\/p>\n\n\n\n<h3 class=\"wp-block-heading\">&#8220;Trakya&#8217;n\u0131n atmosferi beni etkiledi&#8221;<\/h3>\n\n\n\n<p class=\"wp-block-paragraph\">G\u00fcney Koreli turist Chang Woonseok, T\u00fcrkiye&#8217;nin d\u00fcnyan\u0131n en etkileyici \u00fclkelerinden biri oldu\u011funu belirterek Trakya&#8217;n\u0131n kendisinde b\u00fcy\u00fck hayranl\u0131k uyand\u0131rd\u0131\u011f\u0131n\u0131 s\u00f6yledi.<\/p>\n\n\n\n<p class=\"wp-block-paragraph\">Woonseok, &#8220;Trakya&#8217;ya geldi\u011fimizde atmosfer beni olduk\u00e7a etkiledi. \u0130nsanlar\u0131 ve ortam\u0131 beni a\u015f\u0131r\u0131 etkiledi.&#8221; ifadelerini kullan\u0131rken, Mimar Sinan&#8217;\u0131n eserlerinin ba\u015fka \u00fclkelerde g\u00f6remeyece\u011fi mimari \u00f6zelliklere sahip oldu\u011funu dile getirdi.<\/p>\n\n\n\n<p class=\"wp-block-paragraph\">B\u00f6lgenin G\u00fcney Koreli turistler a\u00e7\u0131s\u0131ndan \u00f6nemli bir destinasyon olabilece\u011fini ifade eden Woonseok, T\u00fcrkiye denildi\u011finde \u00e7o\u011fu ki\u015finin Ankara ve Kapadokya&#8217;y\u0131 bildi\u011fini, Trakya gibi daha az tan\u0131nan b\u00f6lgelerin de uluslararas\u0131 alanda tan\u0131t\u0131lmas\u0131 gerekti\u011fini s\u00f6yledi.<\/p>\n\n\n\n<h3 class=\"wp-block-heading\">&#8220;Tekirda\u011f&#8217;da olmaktan mutluyum&#8221;<\/h3>\n\n\n\n<p class=\"wp-block-paragraph\">Japon turist Kurosu Hitomi ise T\u00fcrkiye ile Japonya aras\u0131ndaki dostane ili\u015fkilere dikkat \u00e7ekerek, Mimar Sinan&#8217;\u0131n eserlerini yerinde g\u00f6rmekten b\u00fcy\u00fck mutluluk duydu\u011funu ifade etti.<\/p>\n\n\n\n<p class=\"wp-block-paragraph\">Hitomi, Tekirda\u011f&#8217;\u0131n tarihi dokusu ve k\u00fclt\u00fcrel zenginli\u011finden etkilendi\u011fini belirterek, bu ziyaretin kendisi i\u00e7in unutulmaz bir deneyim oldu\u011funu s\u00f6yledi.<\/p>\n","protected":false},"excerpt":{"rendered":"<p>Tekirda\u011f, uluslararas\u0131 k\u00fclt\u00fcr turizmine ev sahipli\u011fi yapt\u0131. &#8220;Mimar Sinan&#8217;\u0131n \u0130zinde: Bir Payitahttan Di\u011ferine Yolculuk&#8221; k\u00fclt\u00fcr&#8230;<\/p>\n","protected":false},"author":1,"featured_media":2669,"comment_status":"closed","ping_status":"closed","sticky":false,"template":"","format":"standard","meta":{"footnotes":""},"categories":[56],"tags":[],"ppma_author":[57],"class_list":["post-2668","post","type-post","status-publish","format-standard","has-post-thumbnail","hentry","category-guncel"],"authors":[{"term_id":57,"user_id":1,"is_guest":0,"slug":"admin","display_name":"Alp Aslan","avatar_url":"https:\/\/secure.gravatar.com\/avatar\/07c18c5ad3350b025db8f3328450e071acb435c703e565899c880c63362f137a?s=96&d=mm&r=g","author_category":"1","first_name":"Alp Aslan","last_name":"ER\u0130N","user_url":"http:\/\/www.gundem59.com.tr","job_title":"","description":""}],"_links":{"self":[{"href":"https:\/\/gundem59.com.tr\/index.php?rest_route=\/wp\/v2\/posts\/2668","targetHints":{"allow":["GET"]}}],"collection":[{"href":"https:\/\/gundem59.com.tr\/index.php?rest_route=\/wp\/v2\/posts"}],"about":[{"href":"https:\/\/gundem59.com.tr\/index.php?rest_route=\/wp\/v2\/types\/post"}],"author":[{"embeddable":true,"href":"https:\/\/gundem59.com.tr\/index.php?rest_route=\/wp\/v2\/users\/1"}],"replies":[{"embeddable":true,"href":"https:\/\/gundem59.com.tr\/index.php?rest_route=%2Fwp%2Fv2%2Fcomments&post=2668"}],"version-history":[{"count":1,"href":"https:\/\/gundem59.com.tr\/index.php?rest_route=\/wp\/v2\/posts\/2668\/revisions"}],"predecessor-version":[{"id":2670,"href":"https:\/\/gundem59.com.tr\/index.php?rest_route=\/wp\/v2\/posts\/2668\/revisions\/2670"}],"wp:featuredmedia":[{"embeddable":true,"href":"https:\/\/gundem59.com.tr\/index.php?rest_route=\/wp\/v2\/media\/2669"}],"wp:attachment":[{"href":"https:\/\/gundem59.com.tr\/index.php?rest_route=%2Fwp%2Fv2%2Fmedia&parent=2668"}],"wp:term":[{"taxonomy":"category","embeddable":true,"href":"https:\/\/gundem59.com.tr\/index.php?rest_route=%2Fwp%2Fv2%2Fcategories&post=2668"},{"taxonomy":"post_tag","embeddable":true,"href":"https:\/\/gundem59.com.tr\/index.php?rest_route=%2Fwp%2Fv2%2Ftags&post=2668"},{"taxonomy":"author","embeddable":true,"href":"https:\/\/gundem59.com.tr\/index.php?rest_route=%2Fwp%2Fv2%2Fppma_author&post=2668"}],"curies":[{"name":"wp","href":"https:\/\/api.w.org\/{rel}","templated":true}]}}