{"id":2652,"date":"2026-07-01T20:27:27","date_gmt":"2026-07-01T20:27:27","guid":{"rendered":"https:\/\/gundem59.com.tr\/?p=2652"},"modified":"2026-07-01T20:30:56","modified_gmt":"2026-07-01T20:30:56","slug":"tekirdagda-kabotaj-deniz-kupasi-heyecani-sona-erdi","status":"publish","type":"post","link":"https:\/\/gundem59.com.tr\/?p=2652","title":{"rendered":"Tekirda\u011f\u2019da Kabotaj Deniz Kupas\u0131 Heyecan\u0131 Sona Erdi"},"content":{"rendered":"\n<p class=\"wp-block-paragraph\">Tekirda\u011f\u2019da 1 Temmuz Denizcilik ve Kabotaj Bayram\u0131 etkinlikleri kapsam\u0131nda d\u00fczenlenen Kabotaj Deniz Kupas\u0131 Yelken Yar\u0131\u015flar\u0131 tamamland\u0131. Marmara Denizi\u2019nde ger\u00e7ekle\u015ftirilen yar\u0131\u015flarda dereceye giren sporcular madalyalar\u0131na kavu\u015ftu.<\/p>\n\n\n\n<p class=\"wp-block-paragraph\">Tekirda\u011f Yelken ve \u0130htisas Kul\u00fcb\u00fc ev sahipli\u011finde d\u00fczenlenen organizasyona farkl\u0131 kul\u00fcplerden 37 sporcu kat\u0131ld\u0131. D\u00fcn ba\u015flayan yar\u0131\u015flar, Optimist, Optimist Junior, ILCA 4 ve Bambinos kategorileri olmak \u00fczere 4 farkl\u0131 s\u0131n\u0131fta ger\u00e7ekle\u015ftirildi.<\/p>\n\n\n\n<figure class=\"wp-block-image size-large\"><img  title=\"\" loading=\"lazy\" decoding=\"async\" width=\"1024\" height=\"576\" src=\"https:\/\/gundem59.com.tr\/wp-content\/uploads\/2026\/07\/kabotaj-deniz-kupasi-yarislari-sona-erdi-3-20009696_amp-1024x576.jpg\"  alt=\"kabotaj-deniz-kupasi-yarislari-sona-erdi-3-20009696_amp-1024x576 Tekirda\u011f\u2019da Kabotaj Deniz Kupas\u0131 Heyecan\u0131 Sona Erdi\"  class=\"wp-image-2653\" srcset=\"https:\/\/gundem59.com.tr\/wp-content\/uploads\/2026\/07\/kabotaj-deniz-kupasi-yarislari-sona-erdi-3-20009696_amp-1024x576.jpg 1024w, https:\/\/gundem59.com.tr\/wp-content\/uploads\/2026\/07\/kabotaj-deniz-kupasi-yarislari-sona-erdi-3-20009696_amp-300x169.jpg 300w, https:\/\/gundem59.com.tr\/wp-content\/uploads\/2026\/07\/kabotaj-deniz-kupasi-yarislari-sona-erdi-3-20009696_amp-768x432.jpg 768w, https:\/\/gundem59.com.tr\/wp-content\/uploads\/2026\/07\/kabotaj-deniz-kupasi-yarislari-sona-erdi-3-20009696_amp.jpg 1200w\" sizes=\"auto, (max-width: 1024px) 100vw, 1024px\" \/><\/figure>\n\n\n\n<p class=\"wp-block-paragraph\">R\u00fczg\u00e2rla m\u00fccadele eden sporcular\u0131n k\u0131yas\u0131ya rekabetine sahne olan yar\u0131\u015flar\u0131n ard\u0131ndan kul\u00fcpte \u00f6d\u00fcl t\u00f6reni d\u00fczenlendi. T\u00f6rende dereceye giren sporculara madalyalar\u0131, Tekirda\u011f Valisi Recep Soyt\u00fcrk, Mahmut Nedim Tun\u00e7er, Can \u00c7ak\u0131c\u0131, Ahmet \u00dczg\u00fcn ve Osman Serez taraf\u0131ndan takdim edildi.<\/p>\n\n\n\n<p class=\"wp-block-paragraph\">Yar\u0131\u015flarda Optimist Genel kategorisinde Ahmet Arel Barut birinci olurken, Mehmet Ilgaz Macin ikinci, Alparslan Hazan \u00fc\u00e7\u00fcnc\u00fc s\u0131rada yer ald\u0131. Optimist Junior kategorisinde Alparslan Hazan birincili\u011fi elde ederken, Tunahan Naci Piker ikinci, Nil Uzel \u00fc\u00e7\u00fcnc\u00fc oldu.<\/p>\n\n\n\n<p class=\"wp-block-paragraph\">Optimist K\u0131zlar kategorisinde Duru Ate\u015f birinci, K\u00fcbranur Sanan ikinci, Janset Tu\u011fan \u00fc\u00e7\u00fcnc\u00fc olurken; Optimist Junior K\u0131zlar kategorisinde Nil Uzel birincilik k\u00fcrs\u00fcs\u00fcne \u00e7\u0131kt\u0131. Alya Bayraktar ikinci, Neva Naz Aksoy ise \u00fc\u00e7\u00fcnc\u00fc s\u0131ray\u0131 ald\u0131.<\/p>\n\n\n\n<p class=\"wp-block-paragraph\">ILCA 4 kategorisinde Doruk \u00d6zkan birinci olurken, Adin Willem \u00c7ebi ikinci, Toprak Erdem \u00fc\u00e7\u00fcnc\u00fc oldu. Bambinos Genel Klasman\u2019da ise Nil Uzel birincili\u011fi kazan\u0131rken, Neva Naz Aksoy ikinci, Mert Roni \u00c7elik \u00fc\u00e7\u00fcnc\u00fc s\u0131rada yer ald\u0131.<\/p>\n\n\n\n<p class=\"wp-block-paragraph\">Kabotaj Bayram\u0131 etkinlikleri kapsam\u0131nda d\u00fczenlenen yar\u0131\u015flar, gen\u00e7 sporcular\u0131n performanslar\u0131 ve renkli g\u00f6r\u00fcnt\u00fcleriyle b\u00fcy\u00fck be\u011feni toplad\u0131.<\/p>\n","protected":false},"excerpt":{"rendered":"<p>Tekirda\u011f\u2019da 1 Temmuz Denizcilik ve Kabotaj Bayram\u0131 etkinlikleri kapsam\u0131nda d\u00fczenlenen Kabotaj Deniz Kupas\u0131 Yelken Yar\u0131\u015flar\u0131&#8230;<\/p>\n","protected":false},"author":1,"featured_media":2656,"comment_status":"closed","ping_status":"closed","sticky":false,"template":"","format":"standard","meta":{"footnotes":""},"categories":[56],"tags":[],"ppma_author":[57],"class_list":["post-2652","post","type-post","status-publish","format-standard","has-post-thumbnail","hentry","category-guncel"],"authors":[{"term_id":57,"user_id":1,"is_guest":0,"slug":"admin","display_name":"Alp Aslan","avatar_url":"https:\/\/secure.gravatar.com\/avatar\/07c18c5ad3350b025db8f3328450e071acb435c703e565899c880c63362f137a?s=96&d=mm&r=g","author_category":"1","first_name":"Alp Aslan","last_name":"ER\u0130N","user_url":"http:\/\/www.gundem59.com.tr","job_title":"","description":""}],"_links":{"self":[{"href":"https:\/\/gundem59.com.tr\/index.php?rest_route=\/wp\/v2\/posts\/2652","targetHints":{"allow":["GET"]}}],"collection":[{"href":"https:\/\/gundem59.com.tr\/index.php?rest_route=\/wp\/v2\/posts"}],"about":[{"href":"https:\/\/gundem59.com.tr\/index.php?rest_route=\/wp\/v2\/types\/post"}],"author":[{"embeddable":true,"href":"https:\/\/gundem59.com.tr\/index.php?rest_route=\/wp\/v2\/users\/1"}],"replies":[{"embeddable":true,"href":"https:\/\/gundem59.com.tr\/index.php?rest_route=%2Fwp%2Fv2%2Fcomments&post=2652"}],"version-history":[{"count":2,"href":"https:\/\/gundem59.com.tr\/index.php?rest_route=\/wp\/v2\/posts\/2652\/revisions"}],"predecessor-version":[{"id":2657,"href":"https:\/\/gundem59.com.tr\/index.php?rest_route=\/wp\/v2\/posts\/2652\/revisions\/2657"}],"wp:featuredmedia":[{"embeddable":true,"href":"https:\/\/gundem59.com.tr\/index.php?rest_route=\/wp\/v2\/media\/2656"}],"wp:attachment":[{"href":"https:\/\/gundem59.com.tr\/index.php?rest_route=%2Fwp%2Fv2%2Fmedia&parent=2652"}],"wp:term":[{"taxonomy":"category","embeddable":true,"href":"https:\/\/gundem59.com.tr\/index.php?rest_route=%2Fwp%2Fv2%2Fcategories&post=2652"},{"taxonomy":"post_tag","embeddable":true,"href":"https:\/\/gundem59.com.tr\/index.php?rest_route=%2Fwp%2Fv2%2Ftags&post=2652"},{"taxonomy":"author","embeddable":true,"href":"https:\/\/gundem59.com.tr\/index.php?rest_route=%2Fwp%2Fv2%2Fppma_author&post=2652"}],"curies":[{"name":"wp","href":"https:\/\/api.w.org\/{rel}","templated":true}]}}