{"id":2646,"date":"2026-07-01T20:15:31","date_gmt":"2026-07-01T20:15:31","guid":{"rendered":"https:\/\/gundem59.com.tr\/?p=2646"},"modified":"2026-07-01T20:15:31","modified_gmt":"2026-07-01T20:15:31","slug":"tekirdagda-kabotaj-bayrami-coskuyla-kutlandi","status":"publish","type":"post","link":"https:\/\/gundem59.com.tr\/?p=2646","title":{"rendered":"Tekirda\u011f\u2019da Kabotaj Bayram\u0131 Co\u015fkuyla Kutland\u0131"},"content":{"rendered":"\n<p class=\"wp-block-paragraph\">Tekirda\u011f\u2019da 1 Temmuz Denizcilik ve Kabotaj Bayram\u0131 kapsam\u0131nda d\u00fczenlenen t\u00f6ren ve etkinlikler, renkli g\u00f6r\u00fcnt\u00fclere sahne oldu. Denizden \u00e7\u0131kar\u0131lan T\u00fcrk bayra\u011f\u0131, yelkenli g\u00f6sterileri ve r\u00f6mork\u00f6rlerin su g\u00f6sterileri vatanda\u015flardan b\u00fcy\u00fck ilgi g\u00f6rd\u00fc.<\/p>\n\n\n\n<p class=\"wp-block-paragraph\">Kutlamalar, Tekirda\u011f B\u00f6lge Liman Ba\u015fkanl\u0131\u011f\u0131 taraf\u0131ndan Valilik \u00f6n\u00fcndeki Atat\u00fcrk An\u0131t\u0131\u2019na \u00e7elenk sunulmas\u0131yla ba\u015flad\u0131. T\u00f6rene kat\u0131lan protokol \u00fcyeleri, Cumhuriyetin kurucusu Mustafa Kemal Atat\u00fcrk ve deniz \u015fehitleri i\u00e7in sayg\u0131 duru\u015funda bulundu.<\/p>\n\n\n\n<p class=\"wp-block-paragraph\">Program daha sonra S\u00fcleymanpa\u015fa Rumeli \u0130skelesi\u2019nde devam etti. Burada d\u00fczenlenen t\u00f6rende Tekirda\u011f Valisi Recep Soyt\u00fcrk taraf\u0131ndan deniz \u015fehitleri an\u0131s\u0131na denize \u00e7elenk b\u0131rak\u0131ld\u0131. Sayg\u0131 duru\u015fu ve \u0130stiklal Mar\u015f\u0131\u2019n\u0131n okunmas\u0131n\u0131n ard\u0131ndan kutlama etkinliklerine ge\u00e7ildi.<\/p>\n\n\n\n<p class=\"wp-block-paragraph\">Denize a\u00e7\u0131lan yelkenliler ile r\u00f6mork\u00f6rlerin ger\u00e7ekle\u015ftirdi\u011fi g\u00f6steriler, sahil boyunca toplanan vatanda\u015flar taraf\u0131ndan ilgiyle izlendi. R\u00f6mork\u00f6rlerin su p\u00fcsk\u00fcrterek olu\u015fturdu\u011fu g\u00f6rsel \u015f\u00f6len kutlamalara ayr\u0131 bir renk katt\u0131.<\/p>\n\n\n\n<p class=\"wp-block-paragraph\">Etkinliklerin en dikkat \u00e7eken anlar\u0131ndan biri ise denizden T\u00fcrk bayra\u011f\u0131n\u0131n \u00e7\u0131kar\u0131lmas\u0131 oldu. Deniz Polisi, Sahil G\u00fcvenlik Komutanl\u0131\u011f\u0131 ve \u0130l Emniyet M\u00fcd\u00fcrl\u00fc\u011f\u00fc Sualt\u0131 Grup Amirli\u011fi\u2019nde g\u00f6revli dalg\u0131\u00e7 polislerin ger\u00e7ekle\u015ftirdi\u011fi g\u00f6steri, izleyicilerden alk\u0131\u015f ald\u0131.<\/p>\n\n\n\n<p class=\"wp-block-paragraph\">Programa Tekirda\u011f B\u00fcy\u00fck\u015fehir Belediye Ba\u015fkan\u0131 Candan Y\u00fcceer, \u0130l Emniyet M\u00fcd\u00fcr\u00fc Ahmet Metin Turanl\u0131, \u0130l Jandarma Komutan\u0131 Ali G\u00fcng\u00f6r, Tekirda\u011f Liman Ba\u015fkan\u0131 \u0130rfan K\u0131z\u0131lta\u015f, S\u00fcleymanpa\u015fa Sahil G\u00fcvenlik Komutan\u0131 Can \u00c7ak\u0131c\u0131, \u0130l K\u00fclt\u00fcr ve Turizm M\u00fcd\u00fcr\u00fc \u00d6mer Faruk Karak\u00fc\u00e7\u00fck, kurum temsilcileri ve \u00e7ok say\u0131da vatanda\u015f kat\u0131ld\u0131.<\/p>\n\n\n\n<p class=\"wp-block-paragraph\">Denizcilik alan\u0131nda T\u00fcrkiye\u2019nin ba\u011f\u0131ms\u0131zl\u0131k simgelerinden biri olarak kabul edilen Kabotaj Bayram\u0131, Tekirda\u011f\u2019da d\u00fczenlenen etkinliklerle co\u015fku i\u00e7inde kutland\u0131.<\/p>\n","protected":false},"excerpt":{"rendered":"<p>Tekirda\u011f\u2019da 1 Temmuz Denizcilik ve Kabotaj Bayram\u0131 kapsam\u0131nda d\u00fczenlenen t\u00f6ren ve etkinlikler, renkli g\u00f6r\u00fcnt\u00fclere sahne&#8230;<\/p>\n","protected":false},"author":1,"featured_media":2647,"comment_status":"closed","ping_status":"closed","sticky":false,"template":"","format":"standard","meta":{"footnotes":""},"categories":[56],"tags":[],"ppma_author":[57],"class_list":["post-2646","post","type-post","status-publish","format-standard","has-post-thumbnail","hentry","category-guncel"],"authors":[{"term_id":57,"user_id":1,"is_guest":0,"slug":"admin","display_name":"Alp Aslan","avatar_url":"https:\/\/secure.gravatar.com\/avatar\/07c18c5ad3350b025db8f3328450e071acb435c703e565899c880c63362f137a?s=96&d=mm&r=g","author_category":"1","first_name":"Alp Aslan","last_name":"ER\u0130N","user_url":"http:\/\/www.gundem59.com.tr","job_title":"","description":""}],"_links":{"self":[{"href":"https:\/\/gundem59.com.tr\/index.php?rest_route=\/wp\/v2\/posts\/2646","targetHints":{"allow":["GET"]}}],"collection":[{"href":"https:\/\/gundem59.com.tr\/index.php?rest_route=\/wp\/v2\/posts"}],"about":[{"href":"https:\/\/gundem59.com.tr\/index.php?rest_route=\/wp\/v2\/types\/post"}],"author":[{"embeddable":true,"href":"https:\/\/gundem59.com.tr\/index.php?rest_route=\/wp\/v2\/users\/1"}],"replies":[{"embeddable":true,"href":"https:\/\/gundem59.com.tr\/index.php?rest_route=%2Fwp%2Fv2%2Fcomments&post=2646"}],"version-history":[{"count":1,"href":"https:\/\/gundem59.com.tr\/index.php?rest_route=\/wp\/v2\/posts\/2646\/revisions"}],"predecessor-version":[{"id":2648,"href":"https:\/\/gundem59.com.tr\/index.php?rest_route=\/wp\/v2\/posts\/2646\/revisions\/2648"}],"wp:featuredmedia":[{"embeddable":true,"href":"https:\/\/gundem59.com.tr\/index.php?rest_route=\/wp\/v2\/media\/2647"}],"wp:attachment":[{"href":"https:\/\/gundem59.com.tr\/index.php?rest_route=%2Fwp%2Fv2%2Fmedia&parent=2646"}],"wp:term":[{"taxonomy":"category","embeddable":true,"href":"https:\/\/gundem59.com.tr\/index.php?rest_route=%2Fwp%2Fv2%2Fcategories&post=2646"},{"taxonomy":"post_tag","embeddable":true,"href":"https:\/\/gundem59.com.tr\/index.php?rest_route=%2Fwp%2Fv2%2Ftags&post=2646"},{"taxonomy":"author","embeddable":true,"href":"https:\/\/gundem59.com.tr\/index.php?rest_route=%2Fwp%2Fv2%2Fppma_author&post=2646"}],"curies":[{"name":"wp","href":"https:\/\/api.w.org\/{rel}","templated":true}]}}