{"id":2643,"date":"2026-07-01T19:46:38","date_gmt":"2026-07-01T19:46:38","guid":{"rendered":"https:\/\/gundem59.com.tr\/?p=2643"},"modified":"2026-07-01T19:46:39","modified_gmt":"2026-07-01T19:46:39","slug":"corluda-pes-pese-yanginlar-350-donum-bugday-tarlasi-kul-oldu","status":"publish","type":"post","link":"https:\/\/gundem59.com.tr\/?p=2643","title":{"rendered":"\u00c7orlu\u2019da Pe\u015f Pe\u015fe Yang\u0131nlar: 350 D\u00f6n\u00fcm Bu\u011fday Tarlas\u0131 K\u00fcl Oldu"},"content":{"rendered":"\n<p class=\"wp-block-paragraph\">Tekirda\u011f\u2019\u0131n \u00c7orlu il\u00e7esinde ayn\u0131 g\u00fcn i\u00e7erisinde iki farkl\u0131 noktada \u00e7\u0131kan yang\u0131nlar, ekili tar\u0131m arazilerinde b\u00fcy\u00fck zarara yol a\u00e7t\u0131. Yang\u0131nlarda toplam yakla\u015f\u0131k 350 d\u00f6n\u00fcm bu\u011fday tarlas\u0131 zarar g\u00f6rd\u00fc.<\/p>\n\n\n\n<p class=\"wp-block-paragraph\">\u0130lk yang\u0131n, d\u00fcn saat 17.00 s\u0131ralar\u0131nda Sar\u0131lar-Dereg\u00fcnd\u00fczl\u00fc yolu \u00fczerindeki bu\u011fday ekili bir tarlada \u00e7\u0131kt\u0131. Alevleri fark eden vatanda\u015flar\u0131n ihbar\u0131 \u00fczerine b\u00f6lgeye \u00c7orlu Belediyesi \u0130tfaiye M\u00fcd\u00fcrl\u00fc\u011f\u00fc ekipleri ile Orman \u0130\u015fletme M\u00fcd\u00fcrl\u00fc\u011f\u00fc\u2019ne ba\u011fl\u0131 ekipler sevk edildi. R\u00fczgar\u0131n da etkisiyle k\u0131sa s\u00fcrede yay\u0131lan yang\u0131n, ekiplerin yakla\u015f\u0131k iki saat s\u00fcren yo\u011fun \u00e7al\u0131\u015fmas\u0131 sonucu kontrol alt\u0131na al\u0131narak s\u00f6nd\u00fcr\u00fcld\u00fc. Yang\u0131nda yakla\u015f\u0131k 250 d\u00f6n\u00fcm ekili bu\u011fday alan\u0131 zarar g\u00f6rd\u00fc.<\/p>\n\n\n\n<p class=\"wp-block-paragraph\">\u0130lk yang\u0131n\u0131n ard\u0131ndan yakla\u015f\u0131k bir saat sonra bu kez T\u00fcrkg\u00fcc\u00fc Mahallesi Be\u015fkavaklar mevkisindeki bu\u011fday tarlas\u0131nda yang\u0131n \u00e7\u0131kt\u0131. \u0130hbar \u00fczerine olay yerine sevk edilen itfaiye ekipleri alevlere m\u00fcdahale ederken, mahalle sakinleri de i\u015f makineleri ve su tankerleriyle s\u00f6nd\u00fcrme \u00e7al\u0131\u015fmalar\u0131na destek verdi.<\/p>\n\n\n\n<p class=\"wp-block-paragraph\">Yo\u011fun \u00e7abalar sonucunda kontrol alt\u0131na al\u0131nan ikinci yang\u0131nda ise yakla\u015f\u0131k 100 d\u00f6n\u00fcm ekili alan\u0131n zarar g\u00f6rd\u00fc\u011f\u00fc belirtildi.<\/p>\n\n\n\n<p class=\"wp-block-paragraph\">Ayn\u0131 g\u00fcn meydana gelen iki ayr\u0131 yang\u0131n nedeniyle toplamda yakla\u015f\u0131k 350 d\u00f6n\u00fcm bu\u011fday tarlas\u0131n\u0131n k\u00fcle d\u00f6nd\u00fc\u011f\u00fc \u00f6\u011frenildi. Yang\u0131nlar\u0131n \u00e7\u0131k\u0131\u015f nedenlerinin belirlenmesi i\u00e7in ekipler taraf\u0131ndan inceleme ba\u015flat\u0131ld\u0131.<\/p>\n\n\n\n<p class=\"wp-block-paragraph\">Yetkililer, \u00f6zellikle hasat d\u00f6neminde artan s\u0131cakl\u0131klar nedeniyle tar\u0131m arazilerinde yang\u0131n riskine kar\u015f\u0131 vatanda\u015flar\u0131n daha dikkatli olmas\u0131 gerekti\u011fini vurgulad\u0131.<\/p>\n","protected":false},"excerpt":{"rendered":"<p>Tekirda\u011f\u2019\u0131n \u00c7orlu il\u00e7esinde ayn\u0131 g\u00fcn i\u00e7erisinde iki farkl\u0131 noktada \u00e7\u0131kan yang\u0131nlar, ekili tar\u0131m arazilerinde b\u00fcy\u00fck&#8230;<\/p>\n","protected":false},"author":1,"featured_media":2644,"comment_status":"closed","ping_status":"closed","sticky":false,"template":"","format":"standard","meta":{"footnotes":""},"categories":[56],"tags":[],"ppma_author":[57],"class_list":["post-2643","post","type-post","status-publish","format-standard","has-post-thumbnail","hentry","category-guncel"],"authors":[{"term_id":57,"user_id":1,"is_guest":0,"slug":"admin","display_name":"Alp Aslan","avatar_url":"https:\/\/secure.gravatar.com\/avatar\/07c18c5ad3350b025db8f3328450e071acb435c703e565899c880c63362f137a?s=96&d=mm&r=g","author_category":"1","first_name":"Alp Aslan","last_name":"ER\u0130N","user_url":"http:\/\/www.gundem59.com.tr","job_title":"","description":""}],"_links":{"self":[{"href":"https:\/\/gundem59.com.tr\/index.php?rest_route=\/wp\/v2\/posts\/2643","targetHints":{"allow":["GET"]}}],"collection":[{"href":"https:\/\/gundem59.com.tr\/index.php?rest_route=\/wp\/v2\/posts"}],"about":[{"href":"https:\/\/gundem59.com.tr\/index.php?rest_route=\/wp\/v2\/types\/post"}],"author":[{"embeddable":true,"href":"https:\/\/gundem59.com.tr\/index.php?rest_route=\/wp\/v2\/users\/1"}],"replies":[{"embeddable":true,"href":"https:\/\/gundem59.com.tr\/index.php?rest_route=%2Fwp%2Fv2%2Fcomments&post=2643"}],"version-history":[{"count":1,"href":"https:\/\/gundem59.com.tr\/index.php?rest_route=\/wp\/v2\/posts\/2643\/revisions"}],"predecessor-version":[{"id":2645,"href":"https:\/\/gundem59.com.tr\/index.php?rest_route=\/wp\/v2\/posts\/2643\/revisions\/2645"}],"wp:featuredmedia":[{"embeddable":true,"href":"https:\/\/gundem59.com.tr\/index.php?rest_route=\/wp\/v2\/media\/2644"}],"wp:attachment":[{"href":"https:\/\/gundem59.com.tr\/index.php?rest_route=%2Fwp%2Fv2%2Fmedia&parent=2643"}],"wp:term":[{"taxonomy":"category","embeddable":true,"href":"https:\/\/gundem59.com.tr\/index.php?rest_route=%2Fwp%2Fv2%2Fcategories&post=2643"},{"taxonomy":"post_tag","embeddable":true,"href":"https:\/\/gundem59.com.tr\/index.php?rest_route=%2Fwp%2Fv2%2Ftags&post=2643"},{"taxonomy":"author","embeddable":true,"href":"https:\/\/gundem59.com.tr\/index.php?rest_route=%2Fwp%2Fv2%2Fppma_author&post=2643"}],"curies":[{"name":"wp","href":"https:\/\/api.w.org\/{rel}","templated":true}]}}