{"id":2632,"date":"2026-06-30T08:41:14","date_gmt":"2026-06-30T08:41:14","guid":{"rendered":"https:\/\/gundem59.com.tr\/?p=2632"},"modified":"2026-06-30T08:41:15","modified_gmt":"2026-06-30T08:41:15","slug":"tek-marketten-4-ayda-85-bin-satis-binlerce-hanenin-butcesine-destek","status":"publish","type":"post","link":"https:\/\/gundem59.com.tr\/?p=2632","title":{"rendered":"TEK Market\u2019ten 4 Ayda 85 Bin Sat\u0131\u015f: Binlerce Hanenin B\u00fct\u00e7esine Destek"},"content":{"rendered":"\n<p class=\"wp-block-paragraph\"><strong>Tekirda\u011f B\u00fcy\u00fck\u015fehir Belediyesi taraf\u0131ndan hayata ge\u00e7irilen TEK Market projesi, a\u00e7\u0131ld\u0131\u011f\u0131 g\u00fcnden bu yana yakla\u015f\u0131k 85 bin sat\u0131\u015f i\u015flemi ger\u00e7ekle\u015ftirerek binlerce vatanda\u015f\u0131n temel g\u0131da \u00fcr\u00fcnlerine daha uygun fiyatlarla ula\u015fmas\u0131n\u0131 sa\u011flad\u0131. D\u00f6rt ayda 7 il\u00e7eye ula\u015fan proje, hem aile b\u00fct\u00e7elerine katk\u0131 sundu hem de yerel \u00fcreticilere yeni bir pazar olu\u015fturdu.<\/strong><\/p>\n\n\n\n<p class=\"wp-block-paragraph\">Tekirda\u011f B\u00fcy\u00fck\u015fehir Belediyesi\u2019nin sosyal belediyecilik anlay\u0131\u015f\u0131 do\u011frultusunda ba\u015flatt\u0131\u011f\u0131 TEK Market projesi, k\u0131sa s\u00fcrede kent genelinde \u00f6nemli bir sosyal destek modeline d\u00f6n\u00fc\u015ft\u00fc. \u0130lk ma\u011fazas\u0131n\u0131 20 \u015eubat 2026 tarihinde S\u00fcleymanpa\u015fa\u2019da a\u00e7an TEK Market, d\u00f6rt ay i\u00e7erisinde \u00c7erkezk\u00f6y, Hayrabolu, \u015eark\u00f6y, Malkara, Muratl\u0131 ve Saray\u2019da da hizmet vermeye ba\u015flayarak ma\u011faza say\u0131s\u0131n\u0131 7\u2019ye \u00e7\u0131kard\u0131.<\/p>\n\n\n\n<p class=\"wp-block-paragraph\">Vatanda\u015flar\u0131n temel ihtiya\u00e7 \u00fcr\u00fcnlerine daha ekonomik ko\u015fullarda ula\u015fmas\u0131n\u0131 hedefleyen proje, d\u00f6rt ayl\u0131k s\u00fcre\u00e7te yakla\u015f\u0131k 85 bin sat\u0131\u015f i\u015flemi ger\u00e7ekle\u015ftirerek on binlerce sofraya katk\u0131 sa\u011flad\u0131.<\/p>\n\n\n\n<h2 class=\"wp-block-heading\">Temel G\u0131da \u00dcr\u00fcnlerine Yo\u011fun Talep<\/h2>\n\n\n\n<p class=\"wp-block-paragraph\">TEK Market\u2019in sat\u0131\u015f verileri, vatanda\u015flar\u0131n en \u00e7ok temel g\u0131da \u00fcr\u00fcnlerine y\u00f6neldi\u011fini ortaya koydu. Sat\u0131\u015flar\u0131n b\u00fcy\u00fck b\u00f6l\u00fcm\u00fcn\u00fc et ve et \u00fcr\u00fcnleri olu\u015ftururken, peynir ve s\u00fct \u00fcr\u00fcnleri, ekmek, kuru g\u0131da ve konserveler de yo\u011fun talep g\u00f6ren \u00fcr\u00fcn gruplar\u0131 aras\u0131nda yer ald\u0131.<\/p>\n\n\n\n<p class=\"wp-block-paragraph\">Verilere g\u00f6re sat\u0131\u015flar\u0131n y\u00fczde 72,6\u2019s\u0131n\u0131 et ve et \u00fcr\u00fcnleri, y\u00fczde 11,7\u2019sini s\u00fct ve s\u00fct \u00fcr\u00fcnleri, y\u00fczde 6,7\u2019sini ekmek, y\u00fczde 5\u2019ini kuru g\u0131da ve konserveler, y\u00fczde 2,9\u2019unu ise i\u00e7ecekler olu\u015fturdu. Ayr\u0131ca s\u0131v\u0131 ya\u011f ve glutensiz \u00fcr\u00fcnler de vatanda\u015flar\u0131n tercih etti\u011fi \u00fcr\u00fcnler aras\u0131nda yer ald\u0131.<\/p>\n\n\n\n<h2 class=\"wp-block-heading\">Yerel \u00dcretici ile Vatanda\u015f Aras\u0131nda Do\u011frudan K\u00f6pr\u00fc<\/h2>\n\n\n\n<p class=\"wp-block-paragraph\">TEK Market\u2019in \u00f6ne \u00e7\u0131kan y\u00f6nlerinden biri de yerel \u00fcreticiler, kad\u0131n kooperatifleri ve \u00fcretici birliklerinden temin edilen \u00fcr\u00fcnlerin arac\u0131s\u0131z \u015fekilde t\u00fcketiciye ula\u015ft\u0131r\u0131lmas\u0131 oldu. Bu model sayesinde \u00fcreticiler emeklerinin kar\u015f\u0131l\u0131\u011f\u0131n\u0131 daha g\u00fc\u00e7l\u00fc \u015fekilde al\u0131rken, vatanda\u015flar da uygun fiyatl\u0131 ve g\u00fcvenilir g\u0131daya eri\u015fim imk\u00e2n\u0131 buluyor.<\/p>\n\n\n\n<p class=\"wp-block-paragraph\">B\u00f6ylece Tekirda\u011f\u2019da \u00fcretilen \u00fcr\u00fcnler yine Tekirda\u011fl\u0131lar\u0131n sofralar\u0131na ula\u015f\u0131rken, kent ekonomisindeki yerel \u00fcretim zinciri de desteklenmi\u015f oluyor.<\/p>\n\n\n\n<h2 class=\"wp-block-heading\">S\u00fct ve S\u00fct \u00dcr\u00fcnlerinde Yeni D\u00f6nem<\/h2>\n\n\n\n<p class=\"wp-block-paragraph\">Tekirda\u011f B\u00fcy\u00fck\u015fehir Belediyesi, TEK Market projesini yeni yat\u0131r\u0131mlarla b\u00fcy\u00fctmeyi planl\u0131yor. Bu kapsamda B\u00fcy\u00fck\u015fehir Belediyesi\u2019ne ait \u00fcretim tesislerinde TEK Market markas\u0131yla s\u00fct, yo\u011furt, ayran ve peynir \u00fcretimine ba\u015flanmas\u0131 hedefleniyor.<\/p>\n\n\n\n<p class=\"wp-block-paragraph\">Hayata ge\u00e7irilmesi planlanan yat\u0131r\u0131mlarla birlikte vatanda\u015flar\u0131n s\u00fct ve s\u00fct \u00fcr\u00fcnlerine daha uygun fiyatlarla ula\u015fmas\u0131 ama\u00e7lan\u0131rken, yerel \u00fcretimin de g\u00fc\u00e7lendirilmesi hedefleniyor.<\/p>\n\n\n\n<h2 class=\"wp-block-heading\">Hedef Y\u0131l Sonuna Kadar 13 Ma\u011faza<\/h2>\n\n\n\n<p class=\"wp-block-paragraph\">TEK Market\u2019in il genelindeki yayg\u0131nla\u015fma s\u00fcreci de devam ediyor. \u0130lk etapta Tekirda\u011f\u2019\u0131n 11 il\u00e7esinin tamam\u0131nda hizmet verilmesi planlan\u0131rken, mevcut 7 ma\u011fazaya ek olarak yeni \u015fubelerin a\u00e7\u0131lmas\u0131 i\u00e7in \u00e7al\u0131\u015fmalar s\u00fcr\u00fcyor.<\/p>\n\n\n\n<p class=\"wp-block-paragraph\">Planlamaya g\u00f6re \u00c7orlu\u2019da iki yeni ma\u011faza ile birlikte Kapakl\u0131, K\u0131z\u0131lp\u0131nar, Ergene ve Marmaraere\u011flisi\u2019nde a\u00e7\u0131lacak \u015fubelerle y\u0131l sonuna kadar toplam ma\u011faza say\u0131s\u0131n\u0131n 13\u2019e \u00e7\u0131kar\u0131lmas\u0131 hedefleniyor.<\/p>\n\n\n\n<p class=\"wp-block-paragraph\">Temel ihtiya\u00e7 \u00fcr\u00fcnlerini piyasa fiyatlar\u0131n\u0131n ortalama y\u00fczde 25 ila 30 alt\u0131nda vatanda\u015flarla bulu\u015fturan TEK Market, sosyal belediyecilik anlay\u0131\u015f\u0131n\u0131n \u00f6nemli \u00f6rneklerinden biri olarak Tekirda\u011f genelinde b\u00fcy\u00fcmesini s\u00fcrd\u00fcr\u00fcyor.<\/p>\n","protected":false},"excerpt":{"rendered":"<p>Tekirda\u011f B\u00fcy\u00fck\u015fehir Belediyesi taraf\u0131ndan hayata ge\u00e7irilen TEK Market projesi, a\u00e7\u0131ld\u0131\u011f\u0131 g\u00fcnden bu yana yakla\u015f\u0131k 85&#8230;<\/p>\n","protected":false},"author":1,"featured_media":2633,"comment_status":"closed","ping_status":"closed","sticky":false,"template":"","format":"standard","meta":{"footnotes":""},"categories":[56],"tags":[],"ppma_author":[57],"class_list":["post-2632","post","type-post","status-publish","format-standard","has-post-thumbnail","hentry","category-guncel"],"authors":[{"term_id":57,"user_id":1,"is_guest":0,"slug":"admin","display_name":"Alp Aslan","avatar_url":"https:\/\/secure.gravatar.com\/avatar\/07c18c5ad3350b025db8f3328450e071acb435c703e565899c880c63362f137a?s=96&d=mm&r=g","author_category":"1","first_name":"Alp Aslan","last_name":"ER\u0130N","user_url":"http:\/\/www.gundem59.com.tr","job_title":"","description":""}],"_links":{"self":[{"href":"https:\/\/gundem59.com.tr\/index.php?rest_route=\/wp\/v2\/posts\/2632","targetHints":{"allow":["GET"]}}],"collection":[{"href":"https:\/\/gundem59.com.tr\/index.php?rest_route=\/wp\/v2\/posts"}],"about":[{"href":"https:\/\/gundem59.com.tr\/index.php?rest_route=\/wp\/v2\/types\/post"}],"author":[{"embeddable":true,"href":"https:\/\/gundem59.com.tr\/index.php?rest_route=\/wp\/v2\/users\/1"}],"replies":[{"embeddable":true,"href":"https:\/\/gundem59.com.tr\/index.php?rest_route=%2Fwp%2Fv2%2Fcomments&post=2632"}],"version-history":[{"count":1,"href":"https:\/\/gundem59.com.tr\/index.php?rest_route=\/wp\/v2\/posts\/2632\/revisions"}],"predecessor-version":[{"id":2634,"href":"https:\/\/gundem59.com.tr\/index.php?rest_route=\/wp\/v2\/posts\/2632\/revisions\/2634"}],"wp:featuredmedia":[{"embeddable":true,"href":"https:\/\/gundem59.com.tr\/index.php?rest_route=\/wp\/v2\/media\/2633"}],"wp:attachment":[{"href":"https:\/\/gundem59.com.tr\/index.php?rest_route=%2Fwp%2Fv2%2Fmedia&parent=2632"}],"wp:term":[{"taxonomy":"category","embeddable":true,"href":"https:\/\/gundem59.com.tr\/index.php?rest_route=%2Fwp%2Fv2%2Fcategories&post=2632"},{"taxonomy":"post_tag","embeddable":true,"href":"https:\/\/gundem59.com.tr\/index.php?rest_route=%2Fwp%2Fv2%2Ftags&post=2632"},{"taxonomy":"author","embeddable":true,"href":"https:\/\/gundem59.com.tr\/index.php?rest_route=%2Fwp%2Fv2%2Fppma_author&post=2632"}],"curies":[{"name":"wp","href":"https:\/\/api.w.org\/{rel}","templated":true}]}}