{"id":2629,"date":"2026-06-30T08:37:57","date_gmt":"2026-06-30T08:37:57","guid":{"rendered":"https:\/\/gundem59.com.tr\/?p=2629"},"modified":"2026-06-30T08:37:57","modified_gmt":"2026-06-30T08:37:57","slug":"kapakli-sosyal-yasam-merkezinde-haziran-ayi-dopdolu-gecti","status":"publish","type":"post","link":"https:\/\/gundem59.com.tr\/?p=2629","title":{"rendered":"Kapakl\u0131 Sosyal Ya\u015fam Merkezi\u2019nde Haziran Ay\u0131 Dopdolu Ge\u00e7ti"},"content":{"rendered":"\n<p class=\"wp-block-paragraph\"><strong>Tekirda\u011f B\u00fcy\u00fck\u015fehir Belediyesi b\u00fcnyesinde faaliyet g\u00f6steren Kapakl\u0131 Sosyal Ya\u015fam Merkezi, Haziran ay\u0131nda d\u00fczenledi\u011fi at\u00f6lye ve etkinliklerle \u00e7ocuklardan yeti\u015fkinlere, \u00f6zel gereksinimli bireylerden ailelere kadar bir\u00e7ok vatanda\u015f\u0131 bir araya getirdi. E\u011fitim, sanat, \u00e7evre bilinci ve psikolojik destek temal\u0131 \u00e7al\u0131\u015fmalar yo\u011fun ilgi g\u00f6rd\u00fc.<\/strong><\/p>\n\n\n\n<p class=\"wp-block-paragraph\">Tekirda\u011f B\u00fcy\u00fck\u015fehir Belediyesi Sa\u011fl\u0131k ve Sosyal \u0130\u015fler Dairesi Ba\u015fkanl\u0131\u011f\u0131\u2019na ba\u011fl\u0131 olarak hizmet veren Kapakl\u0131 Sosyal Ya\u015fam Merkezi, Haziran ay\u0131 boyunca ger\u00e7ekle\u015ftirdi\u011fi sosyal, e\u011fitsel ve k\u00fclt\u00fcrel etkinliklerle vatanda\u015flar\u0131n ki\u015fisel geli\u015fimine katk\u0131 sunmaya devam etti.<\/p>\n\n\n\n<p class=\"wp-block-paragraph\">Ay boyunca d\u00fczenlenen \u00f6zel at\u00f6lyeler kapsam\u0131nda yeti\u015fkinler, \u00e7ocuklar ve \u00f6zel gereksinimli bireyler hem e\u011flenceli hem de \u00f6\u011fretici etkinliklerde bulu\u015ftu. Merkezin rutin hizmetlerinin yan\u0131 s\u0131ra ger\u00e7ekle\u015ftirilen programlar, kat\u0131l\u0131mc\u0131lar\u0131n sosyal ya\u015fama daha aktif kat\u0131l\u0131m\u0131n\u0131 destekledi.<\/p>\n\n\n\n<h2 class=\"wp-block-heading\">Yeti\u015fkinlere Y\u00f6nelik At\u00f6lyeler \u0130lgi G\u00f6rd\u00fc<\/h2>\n\n\n\n<p class=\"wp-block-paragraph\">Haziran ay\u0131 etkinlikleri, \u00c7ocuk Geli\u015fimi \u00d6\u011fretmeni Simge Keser Durmu\u015f taraf\u0131ndan ger\u00e7ekle\u015ftirilen \u201cLezzetli Harfler Mutfak At\u00f6lyesi\u201d ile ba\u015flad\u0131. Yeti\u015fkinlere y\u00f6nelik d\u00fczenlenen etkinlikte kat\u0131l\u0131mc\u0131lar\u0131n yarat\u0131c\u0131l\u0131klar\u0131n\u0131 ve el becerilerini geli\u015ftirmeleri ama\u00e7land\u0131.<\/p>\n\n\n\n<p class=\"wp-block-paragraph\">Program kapsam\u0131nda Psikolog Ezgi \u00d6zen e\u015fli\u011finde ger\u00e7ekle\u015ftirilen \u201cKendine Bir Mola: Renklerle Stres Y\u00f6netimi\u201d at\u00f6lyesinde ise kat\u0131l\u0131mc\u0131lar, g\u00fcnl\u00fck ya\u015fam\u0131n getirdi\u011fi stres fakt\u00f6rlerini sanatsal \u00e7al\u0131\u015fmalarla ifade ederek stres y\u00f6netimi ve psikolojik iyi olu\u015f \u00fczerine fark\u0131ndal\u0131k kazand\u0131.<\/p>\n\n\n\n<h2 class=\"wp-block-heading\">\u00c7ocuklar E\u011flenirken \u00d6\u011frendi<\/h2>\n\n\n\n<p class=\"wp-block-paragraph\">Kapakl\u0131 Sosyal Ya\u015fam Merkezi, \u00e7ocuklara y\u00f6nelik etkinlikleriyle de dikkat \u00e7ekti. \u00c7\u00f6lle\u015fme ve Kurakl\u0131kla M\u00fccadele G\u00fcn\u00fc kapsam\u0131nda d\u00fczenlenen \u201cBir \u015ei\u015feden Bir Ya\u015fam At\u00f6lyesi\u201dnde \u00e7ocuklar geri d\u00f6n\u00fc\u015f\u00fcm malzemelerini kullanarak \u00e7e\u015fitli \u00e7al\u0131\u015fmalar yapt\u0131. Etkinlikte \u00e7evre bilinci ve s\u00fcrd\u00fcr\u00fclebilir ya\u015fam konular\u0131nda fark\u0131ndal\u0131k olu\u015fturuldu.<\/p>\n\n\n\n<p class=\"wp-block-paragraph\">Merkez bah\u00e7esinde ger\u00e7ekle\u015ftirilen \u201cHareket ve Ritim At\u00f6lyesi\u201dnde ise \u00e7ocuklar m\u00fczik e\u015fli\u011finde ritim ve koordinasyon \u00e7al\u0131\u015fmalar\u0131 yapt\u0131. \u00d6zel gereksinimli \u00e7ocuklar\u0131n da kat\u0131ld\u0131\u011f\u0131 etkinlikte \u00e7ocuklar\u0131n fiziksel, sosyal ve bili\u015fsel geli\u015fimlerinin desteklenmesi hedeflendi.<\/p>\n\n\n\n<p class=\"wp-block-paragraph\">Haziran ay\u0131n\u0131n son etkinliklerinden biri olan \u201cGastronomi ve Mutfak At\u00f6lyesi\u201dnde ise \u00e7ocuklar hem el becerilerini geli\u015ftirdi hem de a\u015fure s\u00fcsleme etkinli\u011fiyle mutfak k\u00fclt\u00fcr\u00fcn\u00fc e\u011flenerek deneyimledi.<\/p>\n\n\n\n<h2 class=\"wp-block-heading\">Sosyal Ya\u015fam\u0131n Merkezi Olmaya Devam Ediyor<\/h2>\n\n\n\n<p class=\"wp-block-paragraph\">Kapakl\u0131 Sosyal Ya\u015fam Merkezi yaln\u0131zca d\u00f6nemsel etkinliklerle de\u011fil, y\u0131l boyunca sundu\u011fu hizmetlerle de vatanda\u015flar\u0131n yan\u0131nda yer al\u0131yor. Merkezde psikolojik dan\u0131\u015fmanl\u0131k hizmeti, \u00e7ocuk k\u00fct\u00fcphanesi, oyun gruplar\u0131, \u00f6zel e\u011fitim deste\u011fi, okuryazarl\u0131k kurslar\u0131, el sanatlar\u0131 e\u011fitimleri ile ak\u00fcl\u00fc ve manuel tekerlekli sandalye tamir hizmetleri kesintisiz \u015fekilde s\u00fcrd\u00fcr\u00fcl\u00fcyor.<\/p>\n\n\n\n<p class=\"wp-block-paragraph\">\u00d6te yandan \u201cMola Evi\u201d projesi sayesinde ya\u015fl\u0131 ve engelli bireylerin bak\u0131m\u0131n\u0131 \u00fcstlenen vatanda\u015flar, yak\u0131nlar\u0131n\u0131 uzman personel g\u00f6zetiminde g\u00fcvenle b\u0131rak\u0131rken g\u00fcnl\u00fck i\u015flerini tamamlama ve sosyal ya\u015fama kat\u0131lma imk\u00e2n\u0131 buluyor.<\/p>\n\n\n\n<p class=\"wp-block-paragraph\">Tekirda\u011f B\u00fcy\u00fck\u015fehir Belediyesi, sosyal belediyecilik anlay\u0131\u015f\u0131 do\u011frultusunda kad\u0131nlar\u0131, \u00e7ocuklar\u0131, ya\u015fl\u0131lar\u0131 ve \u00f6zel gereksinimli bireyleri destekleyen projelerini \u00f6n\u00fcm\u00fczdeki s\u00fcre\u00e7te de s\u00fcrd\u00fcrmeyi hedefliyor.<\/p>\n","protected":false},"excerpt":{"rendered":"<p>Tekirda\u011f B\u00fcy\u00fck\u015fehir Belediyesi b\u00fcnyesinde faaliyet g\u00f6steren Kapakl\u0131 Sosyal Ya\u015fam Merkezi, Haziran ay\u0131nda d\u00fczenledi\u011fi at\u00f6lye ve&#8230;<\/p>\n","protected":false},"author":1,"featured_media":2630,"comment_status":"closed","ping_status":"closed","sticky":false,"template":"","format":"standard","meta":{"footnotes":""},"categories":[56],"tags":[],"ppma_author":[57],"class_list":["post-2629","post","type-post","status-publish","format-standard","has-post-thumbnail","hentry","category-guncel"],"authors":[{"term_id":57,"user_id":1,"is_guest":0,"slug":"admin","display_name":"Alp Aslan","avatar_url":"https:\/\/secure.gravatar.com\/avatar\/07c18c5ad3350b025db8f3328450e071acb435c703e565899c880c63362f137a?s=96&d=mm&r=g","author_category":"1","first_name":"Alp Aslan","last_name":"ER\u0130N","user_url":"http:\/\/www.gundem59.com.tr","job_title":"","description":""}],"_links":{"self":[{"href":"https:\/\/gundem59.com.tr\/index.php?rest_route=\/wp\/v2\/posts\/2629","targetHints":{"allow":["GET"]}}],"collection":[{"href":"https:\/\/gundem59.com.tr\/index.php?rest_route=\/wp\/v2\/posts"}],"about":[{"href":"https:\/\/gundem59.com.tr\/index.php?rest_route=\/wp\/v2\/types\/post"}],"author":[{"embeddable":true,"href":"https:\/\/gundem59.com.tr\/index.php?rest_route=\/wp\/v2\/users\/1"}],"replies":[{"embeddable":true,"href":"https:\/\/gundem59.com.tr\/index.php?rest_route=%2Fwp%2Fv2%2Fcomments&post=2629"}],"version-history":[{"count":1,"href":"https:\/\/gundem59.com.tr\/index.php?rest_route=\/wp\/v2\/posts\/2629\/revisions"}],"predecessor-version":[{"id":2631,"href":"https:\/\/gundem59.com.tr\/index.php?rest_route=\/wp\/v2\/posts\/2629\/revisions\/2631"}],"wp:featuredmedia":[{"embeddable":true,"href":"https:\/\/gundem59.com.tr\/index.php?rest_route=\/wp\/v2\/media\/2630"}],"wp:attachment":[{"href":"https:\/\/gundem59.com.tr\/index.php?rest_route=%2Fwp%2Fv2%2Fmedia&parent=2629"}],"wp:term":[{"taxonomy":"category","embeddable":true,"href":"https:\/\/gundem59.com.tr\/index.php?rest_route=%2Fwp%2Fv2%2Fcategories&post=2629"},{"taxonomy":"post_tag","embeddable":true,"href":"https:\/\/gundem59.com.tr\/index.php?rest_route=%2Fwp%2Fv2%2Ftags&post=2629"},{"taxonomy":"author","embeddable":true,"href":"https:\/\/gundem59.com.tr\/index.php?rest_route=%2Fwp%2Fv2%2Fppma_author&post=2629"}],"curies":[{"name":"wp","href":"https:\/\/api.w.org\/{rel}","templated":true}]}}