{"id":2623,"date":"2026-06-30T08:16:42","date_gmt":"2026-06-30T08:16:42","guid":{"rendered":"https:\/\/gundem59.com.tr\/?p=2623"},"modified":"2026-06-30T08:16:43","modified_gmt":"2026-06-30T08:16:43","slug":"cerkezkoyde-nisan-merasiminde-silahli-kavga-3-supheli-tutuklandi","status":"publish","type":"post","link":"https:\/\/gundem59.com.tr\/?p=2623","title":{"rendered":"\u00c7erkezk\u00f6y&#8217;de Ni\u015fan Merasiminde Silahl\u0131 Kavga: 3 \u015e\u00fcpheli Tutukland\u0131"},"content":{"rendered":"\n<p class=\"wp-block-paragraph\"><strong>Tekirda\u011f&#8217;\u0131n \u00c7erkezk\u00f6y il\u00e7esinde ni\u015fan merasiminde iki grup aras\u0131nda \u00e7\u0131kan silahl\u0131 kavga sonras\u0131 g\u00f6zalt\u0131na al\u0131nan 6 \u015f\u00fcpheliden 3&#8217;\u00fc tutuklan\u0131rken, 3 \u015f\u00fcpheli adli kontrol \u015fart\u0131yla serbest b\u0131rak\u0131ld\u0131.<\/strong><\/p>\n\n\n\n<p class=\"wp-block-paragraph\">Tekirda\u011f&#8217;\u0131n \u00c7erkezk\u00f6y il\u00e7esinde d\u00fczenlenen bir ni\u015fan merasiminde ya\u015fanan silahl\u0131 kavga sonras\u0131 y\u00fcr\u00fct\u00fclen soru\u015fturmada \u00f6nemli bir geli\u015fme ya\u015fand\u0131. Olayla ba\u011flant\u0131l\u0131 olarak g\u00f6zalt\u0131na al\u0131nan 6 \u015f\u00fcpheliden 3&#8217;\u00fc tutuklanarak cezaevine g\u00f6nderildi.<\/p>\n\n\n\n<p class=\"wp-block-paragraph\">Olay, Fatih Mahallesi&#8217;nde ger\u00e7ekle\u015ftirilen ni\u015fan merasiminde meydana geldi. \u0130ddiaya g\u00f6re, merasime kat\u0131lan iki grup aras\u0131nda hen\u00fcz belirlenemeyen bir nedenle ba\u015flayan tart\u0131\u015fma k\u0131sa s\u00fcrede b\u00fcy\u00fcyerek silahl\u0131 kavgaya d\u00f6n\u00fc\u015ft\u00fc. \u00c7evrede pani\u011fe neden olan olay\u0131n ard\u0131ndan b\u00f6lgeye \u00e7ok say\u0131da polis ekibi sevk edildi.<\/p>\n\n\n\n<p class=\"wp-block-paragraph\">Polis ekiplerinin \u00e7al\u0131\u015fmas\u0131 sonucu E.A., A.A., B.A., \u015e.A., E.A. ve B.A. isimli 6 \u015f\u00fcpheli g\u00f6zalt\u0131na al\u0131nd\u0131. Emniyetteki i\u015flemlerinin tamamlanmas\u0131n\u0131n ard\u0131ndan \u00c7erkezk\u00f6y Adliyesi&#8217;ne sevk edilen \u015f\u00fcphelilerden E.A., A.A. ve B.A., \u00e7\u0131kar\u0131ld\u0131klar\u0131 mahkemece tutukland\u0131. Di\u011fer \u00fc\u00e7 \u015f\u00fcpheli ise adli kontrol \u015fart\u0131yla serbest b\u0131rak\u0131ld\u0131.<\/p>\n\n\n\n<h3 class=\"wp-block-heading\">Ruhsats\u0131z Silah ve M\u00fchimmat Ele Ge\u00e7irildi<\/h3>\n\n\n\n<p class=\"wp-block-paragraph\">Soru\u015fturma kapsam\u0131nda \u015f\u00fcphelilerin ikametlerinde ve ara\u00e7lar\u0131nda yap\u0131lan aramalarda 78 adet fi\u015fek, ruhsats\u0131z bir t\u00fcfek ile ruhsats\u0131z bir tabanca ele ge\u00e7irildi. Ele ge\u00e7irilen silah ve m\u00fchimmata el konulurken, olayla ilgili soru\u015fturman\u0131n s\u00fcrd\u00fc\u011f\u00fc bildirildi.<\/p>\n\n\n\n<p class=\"wp-block-paragraph\">\u0130ki g\u00fcn \u00f6nce meydana gelen silahl\u0131 kavga, mahallede b\u00fcy\u00fck korku ve pani\u011fe yol a\u00e7arken, g\u00fcvenlik g\u00fc\u00e7lerinin olay\u0131n t\u00fcm y\u00f6nlerini ayd\u0131nlatmak i\u00e7in \u00e7al\u0131\u015fmalar\u0131n\u0131 s\u00fcrd\u00fcrd\u00fc\u011f\u00fc \u00f6\u011frenildi.<\/p>\n\n\n\n<p class=\"wp-block-paragraph\"><\/p>\n","protected":false},"excerpt":{"rendered":"<p>Tekirda\u011f&#8217;\u0131n \u00c7erkezk\u00f6y il\u00e7esinde ni\u015fan merasiminde iki grup aras\u0131nda \u00e7\u0131kan silahl\u0131 kavga sonras\u0131 g\u00f6zalt\u0131na al\u0131nan 6&#8230;<\/p>\n","protected":false},"author":1,"featured_media":2624,"comment_status":"closed","ping_status":"closed","sticky":false,"template":"","format":"standard","meta":{"footnotes":""},"categories":[56],"tags":[],"ppma_author":[57],"class_list":["post-2623","post","type-post","status-publish","format-standard","has-post-thumbnail","hentry","category-guncel"],"authors":[{"term_id":57,"user_id":1,"is_guest":0,"slug":"admin","display_name":"Alp Aslan","avatar_url":"https:\/\/secure.gravatar.com\/avatar\/07c18c5ad3350b025db8f3328450e071acb435c703e565899c880c63362f137a?s=96&d=mm&r=g","author_category":"1","first_name":"Alp Aslan","last_name":"ER\u0130N","user_url":"http:\/\/www.gundem59.com.tr","job_title":"","description":""}],"_links":{"self":[{"href":"https:\/\/gundem59.com.tr\/index.php?rest_route=\/wp\/v2\/posts\/2623","targetHints":{"allow":["GET"]}}],"collection":[{"href":"https:\/\/gundem59.com.tr\/index.php?rest_route=\/wp\/v2\/posts"}],"about":[{"href":"https:\/\/gundem59.com.tr\/index.php?rest_route=\/wp\/v2\/types\/post"}],"author":[{"embeddable":true,"href":"https:\/\/gundem59.com.tr\/index.php?rest_route=\/wp\/v2\/users\/1"}],"replies":[{"embeddable":true,"href":"https:\/\/gundem59.com.tr\/index.php?rest_route=%2Fwp%2Fv2%2Fcomments&post=2623"}],"version-history":[{"count":1,"href":"https:\/\/gundem59.com.tr\/index.php?rest_route=\/wp\/v2\/posts\/2623\/revisions"}],"predecessor-version":[{"id":2625,"href":"https:\/\/gundem59.com.tr\/index.php?rest_route=\/wp\/v2\/posts\/2623\/revisions\/2625"}],"wp:featuredmedia":[{"embeddable":true,"href":"https:\/\/gundem59.com.tr\/index.php?rest_route=\/wp\/v2\/media\/2624"}],"wp:attachment":[{"href":"https:\/\/gundem59.com.tr\/index.php?rest_route=%2Fwp%2Fv2%2Fmedia&parent=2623"}],"wp:term":[{"taxonomy":"category","embeddable":true,"href":"https:\/\/gundem59.com.tr\/index.php?rest_route=%2Fwp%2Fv2%2Fcategories&post=2623"},{"taxonomy":"post_tag","embeddable":true,"href":"https:\/\/gundem59.com.tr\/index.php?rest_route=%2Fwp%2Fv2%2Ftags&post=2623"},{"taxonomy":"author","embeddable":true,"href":"https:\/\/gundem59.com.tr\/index.php?rest_route=%2Fwp%2Fv2%2Fppma_author&post=2623"}],"curies":[{"name":"wp","href":"https:\/\/api.w.org\/{rel}","templated":true}]}}