{"id":2620,"date":"2026-06-29T18:49:03","date_gmt":"2026-06-29T18:49:03","guid":{"rendered":"https:\/\/gundem59.com.tr\/?p=2620"},"modified":"2026-06-29T18:49:04","modified_gmt":"2026-06-29T18:49:04","slug":"tekirdagda-tarim-arazisinde-cikan-yangin-korkuttu-alevler-buyumeden-kontrol-altina-alindi","status":"publish","type":"post","link":"https:\/\/gundem59.com.tr\/?p=2620","title":{"rendered":"Tekirda\u011f\u2019da Tar\u0131m Arazisinde \u00c7\u0131kan Yang\u0131n Korkuttu: Alevler B\u00fcy\u00fcmeden Kontrol Alt\u0131na Al\u0131nd\u0131"},"content":{"rendered":"\n<p class=\"wp-block-paragraph\">Tekirda\u011f\u2019\u0131n S\u00fcleymanpa\u015fa il\u00e7esine ba\u011fl\u0131 Kay\u0131 Mahallesi\u2019nde tar\u0131m arazisinde \u00e7\u0131kan yang\u0131n k\u0131sa s\u00fcreli pani\u011fe neden oldu. \u0130tfaiye ekiplerinin h\u0131zl\u0131 ve etkili m\u00fcdahalesi sayesinde alevler \u00e7evredeki alanlara s\u0131\u00e7ramadan kontrol alt\u0131na al\u0131narak s\u00f6nd\u00fcr\u00fcld\u00fc.<\/p>\n\n\n\n<p class=\"wp-block-paragraph\">Yang\u0131n, \u00f6\u011fle saatlerinde Kay\u0131 Mahallesi s\u0131n\u0131rlar\u0131 i\u00e7erisinde bulunan bir tar\u0131m arazisinde meydana geldi. Araziden y\u00fckselen dumanlar\u0131 fark eden vatanda\u015flar durumu 112 Acil \u00c7a\u011fr\u0131 Merkezi\u2019ne bildirdi. \u0130hbar\u0131n ard\u0131ndan b\u00f6lgeye Tekirda\u011f B\u00fcy\u00fck\u015fehir Belediyesi \u0130tfaiye Daire Ba\u015fkanl\u0131\u011f\u0131 ekipleri sevk edildi.<\/p>\n\n\n\n<p class=\"wp-block-paragraph\">K\u0131sa s\u00fcrede olay yerine ula\u015fan ekipler, r\u00fczg\u00e2r\u0131n etkisiyle yay\u0131lma riski bulunan yang\u0131na m\u00fcdahale ederek alevleri kontrol alt\u0131na ald\u0131. Ekiplerin koordineli \u00e7al\u0131\u015fmas\u0131 sayesinde yang\u0131n \u00e7evredeki ekili alanlara ve yerle\u015fim yerlerine ula\u015fmadan s\u00f6nd\u00fcr\u00fcld\u00fc.<\/p>\n\n\n\n<h2 class=\"wp-block-heading\">H\u0131zl\u0131 M\u00fcdahale Olas\u0131 Bir Felaketi \u00d6nledi<\/h2>\n\n\n\n<p class=\"wp-block-paragraph\">\u00d6zellikle yaz aylar\u0131nda artan s\u0131cakl\u0131klar ve kuruyan otlar nedeniyle tar\u0131m arazilerinde \u00e7\u0131kan yang\u0131nlar\u0131n b\u00fcy\u00fck risk olu\u015fturdu\u011funa dikkat \u00e7ekilirken, Kay\u0131 Mahallesi\u2019nde ya\u015fanan olayda ekiplerin zaman\u0131nda m\u00fcdahalesi olas\u0131 bir felaketin \u00f6n\u00fcne ge\u00e7ti.<\/p>\n\n\n\n<p class=\"wp-block-paragraph\">Yang\u0131n\u0131n ard\u0131ndan b\u00f6lgede so\u011futma \u00e7al\u0131\u015fmalar\u0131 ger\u00e7ekle\u015ftirilirken, herhangi bir can kayb\u0131 ya da yaralanman\u0131n ya\u015fanmad\u0131\u011f\u0131 \u00f6\u011frenildi. Yang\u0131nda zarar g\u00f6ren alan\u0131n boyutunun belirlenmesi i\u00e7in incelemelerin s\u00fcrd\u00fc\u011f\u00fc bildirildi.<\/p>\n\n\n\n<h2 class=\"wp-block-heading\">Ba\u015fkan Y\u00fcceer\u2019den Vatanda\u015flara Uyar\u0131<\/h2>\n\n\n\n<p class=\"wp-block-paragraph\">Yang\u0131n sonras\u0131 a\u00e7\u0131klamada bulunan Tekirda\u011f B\u00fcy\u00fck\u015fehir Belediye Ba\u015fkan\u0131 Candan Y\u00fcceer, yang\u0131ndan etkilenen vatanda\u015flara ge\u00e7mi\u015f olsun dileklerini iletti.<\/p>\n\n\n\n<p class=\"wp-block-paragraph\">Yaz mevsimiyle birlikte yang\u0131n riskinin ciddi \u015fekilde artt\u0131\u011f\u0131n\u0131 vurgulayan Ba\u015fkan Y\u00fcceer, vatanda\u015flar\u0131n daha duyarl\u0131 davranmas\u0131 gerekti\u011fini belirtti. \u00d6zellikle tar\u0131m alanlar\u0131 ve k\u0131rsal b\u00f6lgelerde al\u0131nacak basit \u00f6nlemlerin b\u00fcy\u00fck felaketlerin \u00f6n\u00fcne ge\u00e7ebilece\u011fini ifade eden Y\u00fcceer, an\u0131z yak\u0131lmamas\u0131, cam \u015fi\u015fe ve yan\u0131c\u0131 at\u0131klar\u0131n do\u011faya b\u0131rak\u0131lmamas\u0131 konusunda uyar\u0131larda bulundu.<\/p>\n\n\n\n<p class=\"wp-block-paragraph\">Ba\u015fkan Y\u00fcceer, vatanda\u015flar\u0131n \u015f\u00fcpheli bir durumla kar\u015f\u0131la\u015fmalar\u0131 halinde vakit kaybetmeden yetkililere bilgi vermelerinin \u00f6nem ta\u015f\u0131d\u0131\u011f\u0131n\u0131 da s\u00f6zlerine ekledi.<\/p>\n\n\n\n<h2 class=\"wp-block-heading\">Yang\u0131n\u0131n Nedeni Ara\u015ft\u0131r\u0131l\u0131yor<\/h2>\n\n\n\n<p class=\"wp-block-paragraph\">\u00d6te yandan yang\u0131n\u0131n \u00e7\u0131k\u0131\u015f sebebinin belirlenmesi i\u00e7in ilgili ekipler taraf\u0131ndan inceleme ba\u015flat\u0131ld\u0131. Yetkililer, olay yerinde yap\u0131lan \u00e7al\u0131\u015fmalar\u0131n ard\u0131ndan yang\u0131n\u0131n kesin \u00e7\u0131k\u0131\u015f nedeninin haz\u0131rlanacak raporla netlik kazanaca\u011f\u0131n\u0131 bildirdi.<\/p>\n\n\n\n<p class=\"wp-block-paragraph\">Yaz aylar\u0131nda s\u0131cak hava, d\u00fc\u015f\u00fck nem oran\u0131 ve r\u00fczg\u00e2r\u0131n etkisiyle tar\u0131m arazilerinde yang\u0131n riskinin artt\u0131\u011f\u0131na dikkat \u00e7eken uzmanlar, \u00f6zellikle k\u0131rsal b\u00f6lgelerde vatanda\u015flar\u0131n daha dikkatli ve tedbirli olmas\u0131 gerekti\u011fini belirtiyor.<\/p>\n","protected":false},"excerpt":{"rendered":"<p>Tekirda\u011f\u2019\u0131n S\u00fcleymanpa\u015fa il\u00e7esine ba\u011fl\u0131 Kay\u0131 Mahallesi\u2019nde tar\u0131m arazisinde \u00e7\u0131kan yang\u0131n k\u0131sa s\u00fcreli pani\u011fe neden oldu&#8230;.<\/p>\n","protected":false},"author":1,"featured_media":2621,"comment_status":"closed","ping_status":"closed","sticky":false,"template":"","format":"standard","meta":{"footnotes":""},"categories":[56],"tags":[],"ppma_author":[57],"class_list":["post-2620","post","type-post","status-publish","format-standard","has-post-thumbnail","hentry","category-guncel"],"authors":[{"term_id":57,"user_id":1,"is_guest":0,"slug":"admin","display_name":"Alp Aslan","avatar_url":"https:\/\/secure.gravatar.com\/avatar\/07c18c5ad3350b025db8f3328450e071acb435c703e565899c880c63362f137a?s=96&d=mm&r=g","author_category":"1","first_name":"Alp Aslan","last_name":"ER\u0130N","user_url":"http:\/\/www.gundem59.com.tr","job_title":"","description":""}],"_links":{"self":[{"href":"https:\/\/gundem59.com.tr\/index.php?rest_route=\/wp\/v2\/posts\/2620","targetHints":{"allow":["GET"]}}],"collection":[{"href":"https:\/\/gundem59.com.tr\/index.php?rest_route=\/wp\/v2\/posts"}],"about":[{"href":"https:\/\/gundem59.com.tr\/index.php?rest_route=\/wp\/v2\/types\/post"}],"author":[{"embeddable":true,"href":"https:\/\/gundem59.com.tr\/index.php?rest_route=\/wp\/v2\/users\/1"}],"replies":[{"embeddable":true,"href":"https:\/\/gundem59.com.tr\/index.php?rest_route=%2Fwp%2Fv2%2Fcomments&post=2620"}],"version-history":[{"count":1,"href":"https:\/\/gundem59.com.tr\/index.php?rest_route=\/wp\/v2\/posts\/2620\/revisions"}],"predecessor-version":[{"id":2622,"href":"https:\/\/gundem59.com.tr\/index.php?rest_route=\/wp\/v2\/posts\/2620\/revisions\/2622"}],"wp:featuredmedia":[{"embeddable":true,"href":"https:\/\/gundem59.com.tr\/index.php?rest_route=\/wp\/v2\/media\/2621"}],"wp:attachment":[{"href":"https:\/\/gundem59.com.tr\/index.php?rest_route=%2Fwp%2Fv2%2Fmedia&parent=2620"}],"wp:term":[{"taxonomy":"category","embeddable":true,"href":"https:\/\/gundem59.com.tr\/index.php?rest_route=%2Fwp%2Fv2%2Fcategories&post=2620"},{"taxonomy":"post_tag","embeddable":true,"href":"https:\/\/gundem59.com.tr\/index.php?rest_route=%2Fwp%2Fv2%2Ftags&post=2620"},{"taxonomy":"author","embeddable":true,"href":"https:\/\/gundem59.com.tr\/index.php?rest_route=%2Fwp%2Fv2%2Fppma_author&post=2620"}],"curies":[{"name":"wp","href":"https:\/\/api.w.org\/{rel}","templated":true}]}}