{"id":2617,"date":"2026-06-29T18:37:40","date_gmt":"2026-06-29T18:37:40","guid":{"rendered":"https:\/\/gundem59.com.tr\/?p=2617"},"modified":"2026-06-29T18:37:41","modified_gmt":"2026-06-29T18:37:41","slug":"lapsekide-denizde-hayatini-kaybeden-14-yasindaki-n-b-corluda-son-yolculuguna-ugurlandi","status":"publish","type":"post","link":"https:\/\/gundem59.com.tr\/?p=2617","title":{"rendered":"Lapseki\u2019de Denizde Hayat\u0131n\u0131 Kaybeden 14 Ya\u015f\u0131ndaki N.B., \u00c7orlu\u2019da Son Yolculu\u011funa U\u011furland\u0131"},"content":{"rendered":"\n<p class=\"wp-block-paragraph\">\u00c7anakkale\u2019nin Lapseki il\u00e7esinde denizde kaybolduktan sonra yap\u0131lan arama \u00e7al\u0131\u015fmalar\u0131 sonucunda cans\u0131z bedenine ula\u015f\u0131lan 14 ya\u015f\u0131ndaki N.B., memleketi Tekirda\u011f\u2019\u0131n \u00c7orlu il\u00e7esinde g\u00f6zya\u015flar\u0131 aras\u0131nda topra\u011fa verildi.<\/p>\n\n\n\n<p class=\"wp-block-paragraph\">Gen\u00e7 ya\u015fta ya\u015fam\u0131n\u0131 yitiren N.B.\u2019nin cenazesi, yak\u0131nlar\u0131 ve sevenlerinin kat\u0131l\u0131m\u0131yla \u00c7orlu\u2019daki Merkez Garaj Camisi\u2019ne getirildi. Ac\u0131l\u0131 aile, cami avlusunda taziyeleri kabul ederken, cenaze t\u00f6renine kat\u0131lan vatanda\u015flar da aileye destek olmaya \u00e7al\u0131\u015ft\u0131.<\/p>\n\n\n\n<p class=\"wp-block-paragraph\">\u00d6\u011fle saatlerinde k\u0131l\u0131nan cenaze namaz\u0131n\u0131n ard\u0131ndan N.B.\u2019nin naa\u015f\u0131, dualar e\u015fli\u011finde il\u00e7e mezarl\u0131\u011f\u0131nda defnedildi. T\u00f6ren boyunca aile fertleri ve yak\u0131nlar\u0131n\u0131n b\u00fcy\u00fck \u00fcz\u00fcnt\u00fc ya\u015fad\u0131\u011f\u0131 g\u00f6r\u00fcld\u00fc.<\/p>\n\n\n\n<h2 class=\"wp-block-heading\">Ac\u0131 Olay Lapseki\u2019de Ya\u015fand\u0131<\/h2>\n\n\n\n<p class=\"wp-block-paragraph\">Edinilen bilgilere g\u00f6re olay, \u00c7anakkale\u2019nin Lapseki il\u00e7esine ba\u011fl\u0131 Yap\u0131ldak k\u00f6y\u00fcndeki Salt\u0131kalt\u0131 sahilinde meydana geldi. Ailesiyle birlikte b\u00f6lgeye misafir olarak gelen N.B. (14), arkada\u015f\u0131 E.C. (15) ile birlikte denize girdi.<\/p>\n\n\n\n<p class=\"wp-block-paragraph\">Bir s\u00fcre sonra etkisini art\u0131ran dalgalar nedeniyle iki arkada\u015f zor anlar ya\u015famaya ba\u015flad\u0131. Dalgalarla m\u00fccadele eden gen\u00e7lerden E.C., kendi imk\u00e2nlar\u0131yla k\u0131y\u0131ya \u00e7\u0131kmay\u0131 ba\u015far\u0131rken, y\u00fczme bilmedi\u011fi \u00f6\u011frenilen N.B. k\u0131sa s\u00fcre i\u00e7erisinde g\u00f6zden kayboldu.<\/p>\n\n\n\n<p class=\"wp-block-paragraph\">Durumun bildirilmesi \u00fczerine b\u00f6lgeye Sahil G\u00fcvenlik, jandarma, sa\u011fl\u0131k ve arama kurtarma ekipleri sevk edildi. Ekipler taraf\u0131ndan denizde ve k\u0131y\u0131 \u015feridinde geni\u015f \u00e7apl\u0131 arama \u00e7al\u0131\u015fmas\u0131 ba\u015flat\u0131ld\u0131.<\/p>\n\n\n\n<h2 class=\"wp-block-heading\">Ekiplerin \u00c7al\u0131\u015fmalar\u0131 Sonu\u00e7 Verdi<\/h2>\n\n\n\n<p class=\"wp-block-paragraph\">Saatler s\u00fcren arama faaliyetleri sonucunda ekipler, kaybolan N.B.\u2019nin cans\u0131z bedenine ula\u015ft\u0131. Gen\u00e7 k\u0131z\u0131n cenazesi, gerekli incelemelerin ard\u0131ndan ailesine teslim edilmek \u00fczere morga kald\u0131r\u0131ld\u0131.<\/p>\n\n\n\n<p class=\"wp-block-paragraph\">Ya\u015fanan ac\u0131 olay hem \u00c7anakkale\u2019de hem de Tekirda\u011f\u2019\u0131n \u00c7orlu il\u00e7esinde b\u00fcy\u00fck \u00fcz\u00fcnt\u00fcye neden oldu. Hen\u00fcz 14 ya\u015f\u0131nda hayat\u0131n\u0131 kaybeden N.B.\u2019nin vefat\u0131, ailesi, arkada\u015flar\u0131 ve yak\u0131n \u00e7evresini yasa bo\u011fdu.<\/p>\n\n\n\n<p class=\"wp-block-paragraph\">Yetkililer, \u00f6zellikle yaz aylar\u0131nda denize giren vatanda\u015flar\u0131n g\u00fcvenlik kurallar\u0131na dikkat etmeleri ve y\u00fczme bilmeyen ki\u015filerin gerekli tedbirleri almadan denize girmemeleri konusunda uyar\u0131larda bulundu. N.B.\u2019nin vefat\u0131, denizlerde al\u0131nacak g\u00fcvenlik \u00f6nlemlerinin \u00f6nemini bir kez daha g\u00fcndeme ta\u015f\u0131d\u0131.<\/p>\n","protected":false},"excerpt":{"rendered":"<p>\u00c7anakkale\u2019nin Lapseki il\u00e7esinde denizde kaybolduktan sonra yap\u0131lan arama \u00e7al\u0131\u015fmalar\u0131 sonucunda cans\u0131z bedenine ula\u015f\u0131lan 14 ya\u015f\u0131ndaki&#8230;<\/p>\n","protected":false},"author":1,"featured_media":2618,"comment_status":"closed","ping_status":"closed","sticky":false,"template":"","format":"standard","meta":{"footnotes":""},"categories":[56],"tags":[],"ppma_author":[57],"class_list":["post-2617","post","type-post","status-publish","format-standard","has-post-thumbnail","hentry","category-guncel"],"authors":[{"term_id":57,"user_id":1,"is_guest":0,"slug":"admin","display_name":"Alp Aslan","avatar_url":"https:\/\/secure.gravatar.com\/avatar\/07c18c5ad3350b025db8f3328450e071acb435c703e565899c880c63362f137a?s=96&d=mm&r=g","author_category":"1","first_name":"Alp Aslan","last_name":"ER\u0130N","user_url":"http:\/\/www.gundem59.com.tr","job_title":"","description":""}],"_links":{"self":[{"href":"https:\/\/gundem59.com.tr\/index.php?rest_route=\/wp\/v2\/posts\/2617","targetHints":{"allow":["GET"]}}],"collection":[{"href":"https:\/\/gundem59.com.tr\/index.php?rest_route=\/wp\/v2\/posts"}],"about":[{"href":"https:\/\/gundem59.com.tr\/index.php?rest_route=\/wp\/v2\/types\/post"}],"author":[{"embeddable":true,"href":"https:\/\/gundem59.com.tr\/index.php?rest_route=\/wp\/v2\/users\/1"}],"replies":[{"embeddable":true,"href":"https:\/\/gundem59.com.tr\/index.php?rest_route=%2Fwp%2Fv2%2Fcomments&post=2617"}],"version-history":[{"count":1,"href":"https:\/\/gundem59.com.tr\/index.php?rest_route=\/wp\/v2\/posts\/2617\/revisions"}],"predecessor-version":[{"id":2619,"href":"https:\/\/gundem59.com.tr\/index.php?rest_route=\/wp\/v2\/posts\/2617\/revisions\/2619"}],"wp:featuredmedia":[{"embeddable":true,"href":"https:\/\/gundem59.com.tr\/index.php?rest_route=\/wp\/v2\/media\/2618"}],"wp:attachment":[{"href":"https:\/\/gundem59.com.tr\/index.php?rest_route=%2Fwp%2Fv2%2Fmedia&parent=2617"}],"wp:term":[{"taxonomy":"category","embeddable":true,"href":"https:\/\/gundem59.com.tr\/index.php?rest_route=%2Fwp%2Fv2%2Fcategories&post=2617"},{"taxonomy":"post_tag","embeddable":true,"href":"https:\/\/gundem59.com.tr\/index.php?rest_route=%2Fwp%2Fv2%2Ftags&post=2617"},{"taxonomy":"author","embeddable":true,"href":"https:\/\/gundem59.com.tr\/index.php?rest_route=%2Fwp%2Fv2%2Fppma_author&post=2617"}],"curies":[{"name":"wp","href":"https:\/\/api.w.org\/{rel}","templated":true}]}}