{"id":2614,"date":"2026-06-29T18:34:54","date_gmt":"2026-06-29T18:34:54","guid":{"rendered":"https:\/\/gundem59.com.tr\/?p=2614"},"modified":"2026-06-29T18:34:55","modified_gmt":"2026-06-29T18:34:55","slug":"minik-ressam-inci-yilmaz-ucuncu-kisisel-sergisi-icin-lavanta-tarlasinda-tuval-basina-gecti","status":"publish","type":"post","link":"https:\/\/gundem59.com.tr\/?p=2614","title":{"rendered":"Minik Ressam \u0130nci Y\u0131lmaz, \u00dc\u00e7\u00fcnc\u00fc Ki\u015fisel Sergisi \u0130\u00e7in Lavanta Tarlas\u0131nda Tuval Ba\u015f\u0131na Ge\u00e7ti"},"content":{"rendered":"\n<p class=\"wp-block-paragraph\">Tekirda\u011f\u2019da ya\u015fayan 9 ya\u015f\u0131ndaki gen\u00e7 ressam \u0130nci Y\u0131lmaz, \u00fc\u00e7\u00fcnc\u00fc ki\u015fisel sergisine haz\u0131rlan\u0131rken \u00e7al\u0131\u015fmalar\u0131n\u0131 do\u011fan\u0131n i\u00e7inde s\u00fcrd\u00fcr\u00fcyor. K\u00fc\u00e7\u00fck ya\u015f\u0131na ra\u011fmen sanata olan ilgisi ve yetene\u011fiyle dikkat \u00e7eken \u0130nci, bu kez Tekirda\u011f\u2019\u0131n mor g\u00fczelli\u011fiyle \u00fcnl\u00fc lavanta tarlalar\u0131n\u0131 tuvaline ta\u015f\u0131d\u0131.<\/p>\n\n\n\n<p class=\"wp-block-paragraph\">Ailesinin deste\u011fiyle resim yapmaya ba\u015flayan ve bug\u00fcne kadar iki ki\u015fisel sergi a\u00e7may\u0131 ba\u015faran ilkokul \u00f6\u011frencisi \u0130nci Y\u0131lmaz, \u00fc\u00e7\u00fcnc\u00fc sergisi i\u00e7in haz\u0131rlad\u0131\u011f\u0131 yeni eserlerinde Tekirda\u011f\u2019\u0131n do\u011fal g\u00fczelliklerini konu al\u0131yor. \u00c7al\u0131\u015fmalar\u0131n\u0131n bir b\u00f6l\u00fcm\u00fcn\u00fc lavanta tarlas\u0131nda ger\u00e7ekle\u015ftiren minik ressam, \u015f\u00f6valesini \u00e7i\u00e7eklerin aras\u0131na kurarak do\u011fadan ilham ald\u0131.<\/p>\n\n\n\n<p class=\"wp-block-paragraph\">Mor renklerin h\u00e2kim oldu\u011fu lavanta bah\u00e7esindeki g\u00f6rsel \u015f\u00f6leni tuvaline yans\u0131tan \u0130nci, do\u011fayla i\u00e7 i\u00e7e \u00e7al\u0131\u015fman\u0131n kendisine b\u00fcy\u00fck keyif verdi\u011fini s\u00f6yledi. Lavanta tarlas\u0131nda haz\u0131rlad\u0131\u011f\u0131 resimlerin \u00fc\u00e7\u00fcnc\u00fc ki\u015fisel sergisinin \u00f6nemli par\u00e7alar\u0131ndan biri olaca\u011f\u0131n\u0131 belirten gen\u00e7 sanat\u00e7\u0131, sergisinde Tekirda\u011f\u2019\u0131n tar\u0131msal ve do\u011fal zenginliklerine de yer verece\u011fini ifade etti.<\/p>\n\n\n\n<p class=\"wp-block-paragraph\">Sergi haz\u0131rl\u0131klar\u0131 kapsam\u0131nda yaln\u0131zca lavanta tarlalar\u0131n\u0131 de\u011fil, b\u00f6lgenin simgeleri aras\u0131nda yer alan ay\u00e7i\u00e7e\u011fi ve bu\u011fday tarlalar\u0131 ile \u00fcz\u00fcm ba\u011flar\u0131n\u0131 da resmetmeyi planlayan \u0130nci Y\u0131lmaz, sanat yolculu\u011funa heyecanla devam etti\u011fini dile getirdi.<\/p>\n\n\n\n<p class=\"wp-block-paragraph\">\u201cDo\u011fada resim yapmak \u00e7ok g\u00fczel. Lavanta bah\u00e7esinde \u00e7izdi\u011fim resimlerle \u00fc\u00e7\u00fcnc\u00fc sergime haz\u0131rlan\u0131yorum. \u0130n\u015fallah \u00fc\u00e7\u00fcnc\u00fc sergim de g\u00fczel ge\u00e7er.\u201d diyen \u0130nci, sanat sevgisini eserlerine yans\u0131tmaya devam ediyor.<\/p>\n\n\n\n<p class=\"wp-block-paragraph\">Resim \u00f6\u011fretmeni Edibe \u00d6zaslan ise \u0130nci\u2019nin ya\u015f\u0131na ra\u011fmen disiplinli ve ba\u015far\u0131l\u0131 \u00e7al\u0131\u015fmalar ortaya koydu\u011funu belirterek, \u00fc\u00e7\u00fcnc\u00fc ki\u015fisel sergide lavanta tarlalar\u0131n\u0131n yan\u0131 s\u0131ra ay\u00e7i\u00e7e\u011fi tarlalar\u0131, \u00fcz\u00fcm ba\u011flar\u0131, kiraz bah\u00e7eleri ve Tekirda\u011f\u2019\u0131n farkl\u0131 do\u011fal g\u00fczelliklerini konu alan eserlerin sanatseverlerle bulu\u015faca\u011f\u0131n\u0131 s\u00f6yledi.<\/p>\n\n\n\n<p class=\"wp-block-paragraph\">\u00d6zaslan, \u00e7al\u0131\u015fmalar\u0131n b\u00fcy\u00fck b\u00f6l\u00fcm\u00fcn\u00fcn realist bir anlay\u0131\u015fla haz\u0131rland\u0131\u011f\u0131n\u0131 ifade ederek, \u201cDaha \u00f6nce kanola tarlas\u0131nda \u00e7al\u0131\u015fmalar yapm\u0131\u015ft\u0131. \u015eimdi de kentin mor g\u00fczelli\u011fini yans\u0131tan lavanta tarlas\u0131nda resim yap\u0131yor. \u0130nci, bu eserlerle \u00fc\u00e7\u00fcnc\u00fc ki\u015fisel sergisine haz\u0131rlan\u0131yor. Ya\u015f\u0131na g\u00f6re olduk\u00e7a ba\u015far\u0131l\u0131 ve \u00f6zverili \u00e7al\u0131\u015fmalar ortaya koyuyor.\u201d dedi.<\/p>\n\n\n\n<p class=\"wp-block-paragraph\">K\u00fc\u00e7\u00fck ya\u015fta a\u00e7t\u0131\u011f\u0131 sergilerle dikkat \u00e7eken \u0130nci Y\u0131lmaz\u2019\u0131n \u00fc\u00e7\u00fcnc\u00fc ki\u015fisel sergisinin, hem sanatseverlerden hem de Tekirda\u011fl\u0131lardan yo\u011fun ilgi g\u00f6rmesi bekleniyor. Gen\u00e7 sanat\u00e7\u0131n\u0131n eserleri, kentin do\u011fal g\u00fczelliklerini sanatla bulu\u015fturarak ziyaret\u00e7ilere farkl\u0131 bir bak\u0131\u015f a\u00e7\u0131s\u0131 sunacak.<\/p>\n","protected":false},"excerpt":{"rendered":"<p>Tekirda\u011f\u2019da ya\u015fayan 9 ya\u015f\u0131ndaki gen\u00e7 ressam \u0130nci Y\u0131lmaz, \u00fc\u00e7\u00fcnc\u00fc ki\u015fisel sergisine haz\u0131rlan\u0131rken \u00e7al\u0131\u015fmalar\u0131n\u0131 do\u011fan\u0131n i\u00e7inde&#8230;<\/p>\n","protected":false},"author":1,"featured_media":2615,"comment_status":"closed","ping_status":"closed","sticky":false,"template":"","format":"standard","meta":{"footnotes":""},"categories":[50],"tags":[],"ppma_author":[57],"class_list":["post-2614","post","type-post","status-publish","format-standard","has-post-thumbnail","hentry","category-kultur-ve-sanat"],"authors":[{"term_id":57,"user_id":1,"is_guest":0,"slug":"admin","display_name":"Alp Aslan","avatar_url":"https:\/\/secure.gravatar.com\/avatar\/07c18c5ad3350b025db8f3328450e071acb435c703e565899c880c63362f137a?s=96&d=mm&r=g","author_category":"1","first_name":"Alp Aslan","last_name":"ER\u0130N","user_url":"http:\/\/www.gundem59.com.tr","job_title":"","description":""}],"_links":{"self":[{"href":"https:\/\/gundem59.com.tr\/index.php?rest_route=\/wp\/v2\/posts\/2614","targetHints":{"allow":["GET"]}}],"collection":[{"href":"https:\/\/gundem59.com.tr\/index.php?rest_route=\/wp\/v2\/posts"}],"about":[{"href":"https:\/\/gundem59.com.tr\/index.php?rest_route=\/wp\/v2\/types\/post"}],"author":[{"embeddable":true,"href":"https:\/\/gundem59.com.tr\/index.php?rest_route=\/wp\/v2\/users\/1"}],"replies":[{"embeddable":true,"href":"https:\/\/gundem59.com.tr\/index.php?rest_route=%2Fwp%2Fv2%2Fcomments&post=2614"}],"version-history":[{"count":1,"href":"https:\/\/gundem59.com.tr\/index.php?rest_route=\/wp\/v2\/posts\/2614\/revisions"}],"predecessor-version":[{"id":2616,"href":"https:\/\/gundem59.com.tr\/index.php?rest_route=\/wp\/v2\/posts\/2614\/revisions\/2616"}],"wp:featuredmedia":[{"embeddable":true,"href":"https:\/\/gundem59.com.tr\/index.php?rest_route=\/wp\/v2\/media\/2615"}],"wp:attachment":[{"href":"https:\/\/gundem59.com.tr\/index.php?rest_route=%2Fwp%2Fv2%2Fmedia&parent=2614"}],"wp:term":[{"taxonomy":"category","embeddable":true,"href":"https:\/\/gundem59.com.tr\/index.php?rest_route=%2Fwp%2Fv2%2Fcategories&post=2614"},{"taxonomy":"post_tag","embeddable":true,"href":"https:\/\/gundem59.com.tr\/index.php?rest_route=%2Fwp%2Fv2%2Ftags&post=2614"},{"taxonomy":"author","embeddable":true,"href":"https:\/\/gundem59.com.tr\/index.php?rest_route=%2Fwp%2Fv2%2Fppma_author&post=2614"}],"curies":[{"name":"wp","href":"https:\/\/api.w.org\/{rel}","templated":true}]}}