{"id":2610,"date":"2026-06-29T10:10:31","date_gmt":"2026-06-29T10:10:31","guid":{"rendered":"https:\/\/gundem59.com.tr\/?p=2610"},"modified":"2026-06-29T10:10:32","modified_gmt":"2026-06-29T10:10:32","slug":"saadet-partisi-kapakli-teskilatindan-asure-ikrami","status":"publish","type":"post","link":"https:\/\/gundem59.com.tr\/?p=2610","title":{"rendered":"Saadet Partisi Kapakl\u0131 Te\u015fkilat\u0131ndan A\u015fure \u0130kram\u0131"},"content":{"rendered":"\n<p class=\"wp-block-paragraph\">Saadet Partisi Kapakl\u0131 \u0130l\u00e7e Ba\u015fkanl\u0131\u011f\u0131 taraf\u0131ndan Muharrem Ay\u0131 dolay\u0131s\u0131yla vatanda\u015flara a\u015fure ikram\u0131nda bulunuldu.<\/p>\n\n\n\n<p class=\"wp-block-paragraph\">D\u00fczenlenen etkinli\u011fe Saadet Partisi Tekirda\u011f \u0130l Ba\u015fkan\u0131 Halil \u0130brahim Kart ve il y\u00f6netim kurulu \u00fcyeleri de kat\u0131larak te\u015fkilat mensuplar\u0131 ve vatanda\u015flarla bir araya geldi. Kapakl\u0131 il\u00e7e merkezinde kurulan stantta ger\u00e7ekle\u015ftirilen a\u015fure ikram\u0131 yo\u011fun ilgi g\u00f6rd\u00fc.<\/p>\n\n\n\n<figure class=\"wp-block-image size-large\"><img  title=\"\" loading=\"lazy\" decoding=\"async\" width=\"1024\" height=\"771\" src=\"https:\/\/gundem59.com.tr\/wp-content\/uploads\/2026\/06\/WhatsApp-Image-2026-06-28-at-18.56.18-1024x771.jpeg\"  alt=\"WhatsApp-Image-2026-06-28-at-18.56.18-1024x771 Saadet Partisi Kapakl\u0131 Te\u015fkilat\u0131ndan A\u015fure \u0130kram\u0131\"  class=\"wp-image-2612\" srcset=\"https:\/\/gundem59.com.tr\/wp-content\/uploads\/2026\/06\/WhatsApp-Image-2026-06-28-at-18.56.18-1024x771.jpeg 1024w, https:\/\/gundem59.com.tr\/wp-content\/uploads\/2026\/06\/WhatsApp-Image-2026-06-28-at-18.56.18-300x226.jpeg 300w, https:\/\/gundem59.com.tr\/wp-content\/uploads\/2026\/06\/WhatsApp-Image-2026-06-28-at-18.56.18-768x578.jpeg 768w, https:\/\/gundem59.com.tr\/wp-content\/uploads\/2026\/06\/WhatsApp-Image-2026-06-28-at-18.56.18-1536x1156.jpeg 1536w, https:\/\/gundem59.com.tr\/wp-content\/uploads\/2026\/06\/WhatsApp-Image-2026-06-28-at-18.56.18.jpeg 1600w\" sizes=\"auto, (max-width: 1024px) 100vw, 1024px\" \/><\/figure>\n\n\n\n<p class=\"wp-block-paragraph\">Saadet Partisi Kapakl\u0131 \u0130l\u00e7e Ba\u015fkan\u0131 Hasan Karako\u00e7, Muharrem Ay\u0131&#8217;n\u0131n birlik, beraberlik ve payla\u015fma duygular\u0131n\u0131 g\u00fc\u00e7lendirdi\u011fini belirterek etkinli\u011fe kat\u0131lan vatanda\u015flara te\u015fekk\u00fcr etti.<\/p>\n\n\n\n<p class=\"wp-block-paragraph\">Program, vatanda\u015flara a\u015fure ikram\u0131n\u0131n ard\u0131ndan hat\u0131ra foto\u011fraf\u0131 \u00e7ekimiyle sona erdi.<\/p>\n","protected":false},"excerpt":{"rendered":"<p>Saadet Partisi Kapakl\u0131 \u0130l\u00e7e Ba\u015fkanl\u0131\u011f\u0131 taraf\u0131ndan Muharrem Ay\u0131 dolay\u0131s\u0131yla vatanda\u015flara a\u015fure ikram\u0131nda bulunuldu. D\u00fczenlenen etkinli\u011fe&#8230;<\/p>\n","protected":false},"author":1,"featured_media":2611,"comment_status":"closed","ping_status":"closed","sticky":false,"template":"","format":"standard","meta":{"footnotes":""},"categories":[56,7],"tags":[],"ppma_author":[57],"class_list":["post-2610","post","type-post","status-publish","format-standard","has-post-thumbnail","hentry","category-guncel","category-kapakli"],"authors":[{"term_id":57,"user_id":1,"is_guest":0,"slug":"admin","display_name":"Alp Aslan","avatar_url":"https:\/\/secure.gravatar.com\/avatar\/07c18c5ad3350b025db8f3328450e071acb435c703e565899c880c63362f137a?s=96&d=mm&r=g","author_category":"1","first_name":"Alp Aslan","last_name":"ER\u0130N","user_url":"http:\/\/www.gundem59.com.tr","job_title":"","description":""}],"_links":{"self":[{"href":"https:\/\/gundem59.com.tr\/index.php?rest_route=\/wp\/v2\/posts\/2610","targetHints":{"allow":["GET"]}}],"collection":[{"href":"https:\/\/gundem59.com.tr\/index.php?rest_route=\/wp\/v2\/posts"}],"about":[{"href":"https:\/\/gundem59.com.tr\/index.php?rest_route=\/wp\/v2\/types\/post"}],"author":[{"embeddable":true,"href":"https:\/\/gundem59.com.tr\/index.php?rest_route=\/wp\/v2\/users\/1"}],"replies":[{"embeddable":true,"href":"https:\/\/gundem59.com.tr\/index.php?rest_route=%2Fwp%2Fv2%2Fcomments&post=2610"}],"version-history":[{"count":1,"href":"https:\/\/gundem59.com.tr\/index.php?rest_route=\/wp\/v2\/posts\/2610\/revisions"}],"predecessor-version":[{"id":2613,"href":"https:\/\/gundem59.com.tr\/index.php?rest_route=\/wp\/v2\/posts\/2610\/revisions\/2613"}],"wp:featuredmedia":[{"embeddable":true,"href":"https:\/\/gundem59.com.tr\/index.php?rest_route=\/wp\/v2\/media\/2611"}],"wp:attachment":[{"href":"https:\/\/gundem59.com.tr\/index.php?rest_route=%2Fwp%2Fv2%2Fmedia&parent=2610"}],"wp:term":[{"taxonomy":"category","embeddable":true,"href":"https:\/\/gundem59.com.tr\/index.php?rest_route=%2Fwp%2Fv2%2Fcategories&post=2610"},{"taxonomy":"post_tag","embeddable":true,"href":"https:\/\/gundem59.com.tr\/index.php?rest_route=%2Fwp%2Fv2%2Ftags&post=2610"},{"taxonomy":"author","embeddable":true,"href":"https:\/\/gundem59.com.tr\/index.php?rest_route=%2Fwp%2Fv2%2Fppma_author&post=2610"}],"curies":[{"name":"wp","href":"https:\/\/api.w.org\/{rel}","templated":true}]}}