{"id":2607,"date":"2026-06-29T10:03:53","date_gmt":"2026-06-29T10:03:53","guid":{"rendered":"https:\/\/gundem59.com.tr\/?p=2607"},"modified":"2026-06-29T10:03:54","modified_gmt":"2026-06-29T10:03:54","slug":"tekirdagda-tarla-yanginlari-alarm-veriyor-10-gunde-2-bin-dekar-alan-kul-oldu","status":"publish","type":"post","link":"https:\/\/gundem59.com.tr\/?p=2607","title":{"rendered":"Tekirda\u011f\u2019da Tarla Yang\u0131nlar\u0131 Alarm Veriyor: 10 G\u00fcnde 2 Bin Dekar Alan K\u00fcl Oldu"},"content":{"rendered":"\n<p class=\"wp-block-paragraph\">Tekirda\u011f\u2019da hasat sezonunun ba\u015flamas\u0131yla birlikte tarla yang\u0131nlar\u0131nda dikkat \u00e7ekici bir art\u0131\u015f ya\u015fand\u0131. Son 10 g\u00fcn i\u00e7erisinde il genelinde meydana gelen yang\u0131nlarda yakla\u015f\u0131k 2 bin dekar bi\u00e7ilmemi\u015f bu\u011fday ve kanola ekili alan zarar g\u00f6rd\u00fc.<\/p>\n\n\n\n<p class=\"wp-block-paragraph\">S\u00fcleymanpa\u015fa ba\u015fta olmak \u00fczere bir\u00e7ok il\u00e7ede \u00e7\u0131kan yang\u0131nlar, \u00fcreticilerin aylar s\u00fcren eme\u011fini k\u0131sa s\u00fcrede yok ederken, baz\u0131 b\u00f6lgelerde yerle\u015fim alanlar\u0131 da risk alt\u0131nda kald\u0131. \u0130tfaiye ekiplerinin yo\u011fun m\u00fcdahalesiyle yang\u0131nlar kontrol alt\u0131na al\u0131nsa da tar\u0131m arazilerinde ciddi kay\u0131plar ya\u015fand\u0131.<\/p>\n\n\n\n<p class=\"wp-block-paragraph\">Tekirda\u011f \u0130l Tar\u0131m ve Orman M\u00fcd\u00fcrl\u00fc\u011f\u00fc taraf\u0131ndan yap\u0131lan a\u00e7\u0131klamada, hasat d\u00f6neminin hen\u00fcz ba\u015f\u0131nda olunmas\u0131na ra\u011fmen \u00e7ok say\u0131da \u00fcr\u00fcn yang\u0131n\u0131n\u0131n meydana geldi\u011fi belirtilerek \u00fcreticilere ve vatanda\u015flara \u00f6nemli uyar\u0131larda bulunuldu. A\u00e7\u0131klamada, Tekirda\u011f Valili\u011fi taraf\u0131ndan al\u0131nan tedbir ve yasaklama kararlar\u0131na ra\u011fmen ihmallerin devam etti\u011fi ifade edildi.<\/p>\n","protected":false},"excerpt":{"rendered":"<p>Tekirda\u011f\u2019da hasat sezonunun ba\u015flamas\u0131yla birlikte tarla yang\u0131nlar\u0131nda dikkat \u00e7ekici bir art\u0131\u015f ya\u015fand\u0131. Son 10 g\u00fcn&#8230;<\/p>\n","protected":false},"author":1,"featured_media":2608,"comment_status":"closed","ping_status":"closed","sticky":false,"template":"","format":"standard","meta":{"footnotes":""},"categories":[56,1],"tags":[],"ppma_author":[57],"class_list":["post-2607","post","type-post","status-publish","format-standard","has-post-thumbnail","hentry","category-guncel","category-tekirdag-gundemi"],"authors":[{"term_id":57,"user_id":1,"is_guest":0,"slug":"admin","display_name":"Alp Aslan","avatar_url":"https:\/\/secure.gravatar.com\/avatar\/07c18c5ad3350b025db8f3328450e071acb435c703e565899c880c63362f137a?s=96&d=mm&r=g","author_category":"1","first_name":"Alp Aslan","last_name":"ER\u0130N","user_url":"http:\/\/www.gundem59.com.tr","job_title":"","description":""}],"_links":{"self":[{"href":"https:\/\/gundem59.com.tr\/index.php?rest_route=\/wp\/v2\/posts\/2607","targetHints":{"allow":["GET"]}}],"collection":[{"href":"https:\/\/gundem59.com.tr\/index.php?rest_route=\/wp\/v2\/posts"}],"about":[{"href":"https:\/\/gundem59.com.tr\/index.php?rest_route=\/wp\/v2\/types\/post"}],"author":[{"embeddable":true,"href":"https:\/\/gundem59.com.tr\/index.php?rest_route=\/wp\/v2\/users\/1"}],"replies":[{"embeddable":true,"href":"https:\/\/gundem59.com.tr\/index.php?rest_route=%2Fwp%2Fv2%2Fcomments&post=2607"}],"version-history":[{"count":1,"href":"https:\/\/gundem59.com.tr\/index.php?rest_route=\/wp\/v2\/posts\/2607\/revisions"}],"predecessor-version":[{"id":2609,"href":"https:\/\/gundem59.com.tr\/index.php?rest_route=\/wp\/v2\/posts\/2607\/revisions\/2609"}],"wp:featuredmedia":[{"embeddable":true,"href":"https:\/\/gundem59.com.tr\/index.php?rest_route=\/wp\/v2\/media\/2608"}],"wp:attachment":[{"href":"https:\/\/gundem59.com.tr\/index.php?rest_route=%2Fwp%2Fv2%2Fmedia&parent=2607"}],"wp:term":[{"taxonomy":"category","embeddable":true,"href":"https:\/\/gundem59.com.tr\/index.php?rest_route=%2Fwp%2Fv2%2Fcategories&post=2607"},{"taxonomy":"post_tag","embeddable":true,"href":"https:\/\/gundem59.com.tr\/index.php?rest_route=%2Fwp%2Fv2%2Ftags&post=2607"},{"taxonomy":"author","embeddable":true,"href":"https:\/\/gundem59.com.tr\/index.php?rest_route=%2Fwp%2Fv2%2Fppma_author&post=2607"}],"curies":[{"name":"wp","href":"https:\/\/api.w.org\/{rel}","templated":true}]}}