{"id":2604,"date":"2026-06-29T10:00:07","date_gmt":"2026-06-29T10:00:07","guid":{"rendered":"https:\/\/gundem59.com.tr\/?p=2604"},"modified":"2026-06-29T10:00:07","modified_gmt":"2026-06-29T10:00:07","slug":"suleymanpasada-bugday-tarlasinda-yangin-100-dekar-alan-zarar-gordu","status":"publish","type":"post","link":"https:\/\/gundem59.com.tr\/?p=2604","title":{"rendered":"S\u00fcleymanpa\u015fa\u2019da Bu\u011fday Tarlas\u0131nda Yang\u0131n: 100 Dekar Alan Zarar G\u00f6rd\u00fc"},"content":{"rendered":"\n<p class=\"wp-block-paragraph\">Tekirda\u011f\u2019\u0131n S\u00fcleymanpa\u015fa il\u00e7esine ba\u011fl\u0131 Ya\u011fc\u0131 Mahallesi\u2019nde hasad\u0131 hen\u00fcz yap\u0131lmam\u0131\u015f bu\u011fday tarlas\u0131nda \u00e7\u0131kan yang\u0131n, itfaiye ekiplerinin h\u0131zl\u0131 m\u00fcdahalesiyle kontrol alt\u0131na al\u0131nd\u0131.<\/p>\n\n\n\n<p class=\"wp-block-paragraph\">Alevleri fark eden vatanda\u015flar\u0131n ihbar\u0131 \u00fczerine b\u00f6lgeye sevk edilen ekipler, yang\u0131n\u0131n \u00e7evredeki tar\u0131m arazilerine s\u0131\u00e7ramamas\u0131 i\u00e7in yo\u011fun \u00e7al\u0131\u015fma y\u00fcr\u00fctt\u00fc. Yang\u0131n k\u0131sa s\u00fcrede s\u00f6nd\u00fcr\u00fcl\u00fcrken, yakla\u015f\u0131k 100 dekar bu\u011fday ekili alan\u0131n zarar g\u00f6rd\u00fc\u011f\u00fc \u00f6\u011frenildi.<\/p>\n\n\n\n<p class=\"wp-block-paragraph\">Son g\u00fcnlerde Tekirda\u011f genelinde artan tarla yang\u0131nlar\u0131na bir yenisinin daha eklendi\u011fi olayda, yang\u0131n\u0131n \u00e7\u0131k\u0131\u015f nedeninin belirlenmesi i\u00e7in inceleme ba\u015flat\u0131ld\u0131.<\/p>\n\n\n\n<p class=\"wp-block-paragraph\">Yetkililer, s\u0131cak hava ve r\u00fczg\u00e2r\u0131n etkili oldu\u011fu bu g\u00fcnlerde vatanda\u015flar\u0131n yang\u0131n riskine kar\u015f\u0131 daha dikkatli olmalar\u0131 gerekti\u011fini hat\u0131rlatt\u0131.<\/p>\n","protected":false},"excerpt":{"rendered":"<p>Tekirda\u011f\u2019\u0131n S\u00fcleymanpa\u015fa il\u00e7esine ba\u011fl\u0131 Ya\u011fc\u0131 Mahallesi\u2019nde hasad\u0131 hen\u00fcz yap\u0131lmam\u0131\u015f bu\u011fday tarlas\u0131nda \u00e7\u0131kan yang\u0131n, itfaiye ekiplerinin&#8230;<\/p>\n","protected":false},"author":1,"featured_media":2605,"comment_status":"closed","ping_status":"closed","sticky":false,"template":"","format":"standard","meta":{"footnotes":""},"categories":[56],"tags":[],"ppma_author":[57],"class_list":["post-2604","post","type-post","status-publish","format-standard","has-post-thumbnail","hentry","category-guncel"],"authors":[{"term_id":57,"user_id":1,"is_guest":0,"slug":"admin","display_name":"Alp Aslan","avatar_url":"https:\/\/secure.gravatar.com\/avatar\/07c18c5ad3350b025db8f3328450e071acb435c703e565899c880c63362f137a?s=96&d=mm&r=g","author_category":"1","first_name":"Alp Aslan","last_name":"ER\u0130N","user_url":"http:\/\/www.gundem59.com.tr","job_title":"","description":""}],"_links":{"self":[{"href":"https:\/\/gundem59.com.tr\/index.php?rest_route=\/wp\/v2\/posts\/2604","targetHints":{"allow":["GET"]}}],"collection":[{"href":"https:\/\/gundem59.com.tr\/index.php?rest_route=\/wp\/v2\/posts"}],"about":[{"href":"https:\/\/gundem59.com.tr\/index.php?rest_route=\/wp\/v2\/types\/post"}],"author":[{"embeddable":true,"href":"https:\/\/gundem59.com.tr\/index.php?rest_route=\/wp\/v2\/users\/1"}],"replies":[{"embeddable":true,"href":"https:\/\/gundem59.com.tr\/index.php?rest_route=%2Fwp%2Fv2%2Fcomments&post=2604"}],"version-history":[{"count":1,"href":"https:\/\/gundem59.com.tr\/index.php?rest_route=\/wp\/v2\/posts\/2604\/revisions"}],"predecessor-version":[{"id":2606,"href":"https:\/\/gundem59.com.tr\/index.php?rest_route=\/wp\/v2\/posts\/2604\/revisions\/2606"}],"wp:featuredmedia":[{"embeddable":true,"href":"https:\/\/gundem59.com.tr\/index.php?rest_route=\/wp\/v2\/media\/2605"}],"wp:attachment":[{"href":"https:\/\/gundem59.com.tr\/index.php?rest_route=%2Fwp%2Fv2%2Fmedia&parent=2604"}],"wp:term":[{"taxonomy":"category","embeddable":true,"href":"https:\/\/gundem59.com.tr\/index.php?rest_route=%2Fwp%2Fv2%2Fcategories&post=2604"},{"taxonomy":"post_tag","embeddable":true,"href":"https:\/\/gundem59.com.tr\/index.php?rest_route=%2Fwp%2Fv2%2Ftags&post=2604"},{"taxonomy":"author","embeddable":true,"href":"https:\/\/gundem59.com.tr\/index.php?rest_route=%2Fwp%2Fv2%2Fppma_author&post=2604"}],"curies":[{"name":"wp","href":"https:\/\/api.w.org\/{rel}","templated":true}]}}