{"id":2601,"date":"2026-06-29T09:57:24","date_gmt":"2026-06-29T09:57:24","guid":{"rendered":"https:\/\/gundem59.com.tr\/?p=2601"},"modified":"2026-06-29T09:57:25","modified_gmt":"2026-06-29T09:57:25","slug":"corluda-salvar-gecesi-coskusu-sokaklar-doldu-tasti","status":"publish","type":"post","link":"https:\/\/gundem59.com.tr\/?p=2601","title":{"rendered":"\u00c7orlu\u2019da \u015ealvar Gecesi Co\u015fkusu: Sokaklar Doldu Ta\u015ft\u0131"},"content":{"rendered":"\n<p class=\"wp-block-paragraph\">Tekirda\u011f\u2019\u0131n \u00c7orlu il\u00e7esinde son y\u0131llar\u0131n en renkli sosyal etkinliklerinden biri haline gelen \u015falvar gecesi, bu y\u0131l da yo\u011fun kat\u0131l\u0131mla ger\u00e7ekle\u015ftirildi. Re\u015fadiye Mahallesi\u2019nde d\u00fczenlenen etkinlik, yaln\u0131zca \u00c7orlu\u2019dan de\u011fil \u00e7evre il\u00e7e ve mahallelerden gelen vatanda\u015flar\u0131n da kat\u0131l\u0131m\u0131yla adeta festivale d\u00f6n\u00fc\u015ft\u00fc.<\/p>\n\n\n\n<p class=\"wp-block-paragraph\">Geleneksel k\u0131yafetleriyle geceye kat\u0131lan kad\u0131nlar, m\u00fczik e\u015fli\u011finde doyas\u0131ya e\u011flenirken etkinlik alan\u0131nda renkli g\u00f6r\u00fcnt\u00fcler olu\u015ftu. Yo\u011fun kat\u0131l\u0131m nedeniyle etkinli\u011fin d\u00fczenlendi\u011fi sokak k\u0131sa s\u00fcrede dolup ta\u015farken, mahallede d\u00fc\u011f\u00fcn ve bayram havas\u0131 ya\u015fand\u0131.<\/p>\n\n\n\n<p class=\"wp-block-paragraph\">Kat\u0131l\u0131mc\u0131lar gece boyunca \u00e7e\u015fitli oyunlar oynay\u0131p m\u00fczik e\u015fli\u011finde e\u011flenirken, etkinlik sosyal dayan\u0131\u015fma ve k\u00fclt\u00fcrel birlikteli\u011fin de g\u00fczel \u00f6rneklerinden biri oldu. Vatanda\u015flar, bu t\u00fcr organizasyonlar\u0131n geleneksel k\u00fclt\u00fcr\u00fcn ya\u015fat\u0131lmas\u0131na katk\u0131 sa\u011flad\u0131\u011f\u0131n\u0131 belirterek etkinli\u011fin d\u00fczenlenmesinde eme\u011fi ge\u00e7enlere te\u015fekk\u00fcr etti.<\/p>\n\n\n\n<p class=\"wp-block-paragraph\">Renkli g\u00f6r\u00fcnt\u00fclere sahne olan \u015falvar gecesi, ge\u00e7 saatlere kadar s\u00fcren e\u011flencenin ard\u0131ndan sona erdi.<\/p>\n","protected":false},"excerpt":{"rendered":"<p>Tekirda\u011f\u2019\u0131n \u00c7orlu il\u00e7esinde son y\u0131llar\u0131n en renkli sosyal etkinliklerinden biri haline gelen \u015falvar gecesi, bu&#8230;<\/p>\n","protected":false},"author":1,"featured_media":2602,"comment_status":"closed","ping_status":"closed","sticky":false,"template":"","format":"standard","meta":{"footnotes":""},"categories":[5,56],"tags":[],"ppma_author":[57],"class_list":["post-2601","post","type-post","status-publish","format-standard","has-post-thumbnail","hentry","category-corlu","category-guncel"],"authors":[{"term_id":57,"user_id":1,"is_guest":0,"slug":"admin","display_name":"Alp Aslan","avatar_url":"https:\/\/secure.gravatar.com\/avatar\/07c18c5ad3350b025db8f3328450e071acb435c703e565899c880c63362f137a?s=96&d=mm&r=g","author_category":"1","first_name":"Alp Aslan","last_name":"ER\u0130N","user_url":"http:\/\/www.gundem59.com.tr","job_title":"","description":""}],"_links":{"self":[{"href":"https:\/\/gundem59.com.tr\/index.php?rest_route=\/wp\/v2\/posts\/2601","targetHints":{"allow":["GET"]}}],"collection":[{"href":"https:\/\/gundem59.com.tr\/index.php?rest_route=\/wp\/v2\/posts"}],"about":[{"href":"https:\/\/gundem59.com.tr\/index.php?rest_route=\/wp\/v2\/types\/post"}],"author":[{"embeddable":true,"href":"https:\/\/gundem59.com.tr\/index.php?rest_route=\/wp\/v2\/users\/1"}],"replies":[{"embeddable":true,"href":"https:\/\/gundem59.com.tr\/index.php?rest_route=%2Fwp%2Fv2%2Fcomments&post=2601"}],"version-history":[{"count":1,"href":"https:\/\/gundem59.com.tr\/index.php?rest_route=\/wp\/v2\/posts\/2601\/revisions"}],"predecessor-version":[{"id":2603,"href":"https:\/\/gundem59.com.tr\/index.php?rest_route=\/wp\/v2\/posts\/2601\/revisions\/2603"}],"wp:featuredmedia":[{"embeddable":true,"href":"https:\/\/gundem59.com.tr\/index.php?rest_route=\/wp\/v2\/media\/2602"}],"wp:attachment":[{"href":"https:\/\/gundem59.com.tr\/index.php?rest_route=%2Fwp%2Fv2%2Fmedia&parent=2601"}],"wp:term":[{"taxonomy":"category","embeddable":true,"href":"https:\/\/gundem59.com.tr\/index.php?rest_route=%2Fwp%2Fv2%2Fcategories&post=2601"},{"taxonomy":"post_tag","embeddable":true,"href":"https:\/\/gundem59.com.tr\/index.php?rest_route=%2Fwp%2Fv2%2Ftags&post=2601"},{"taxonomy":"author","embeddable":true,"href":"https:\/\/gundem59.com.tr\/index.php?rest_route=%2Fwp%2Fv2%2Fppma_author&post=2601"}],"curies":[{"name":"wp","href":"https:\/\/api.w.org\/{rel}","templated":true}]}}