{"id":260,"date":"2026-04-12T07:36:34","date_gmt":"2026-04-12T07:36:34","guid":{"rendered":"https:\/\/gundem59.com.tr\/?p=260"},"modified":"2026-04-12T07:36:35","modified_gmt":"2026-04-12T07:36:35","slug":"kulucka-programi-tanitim-ve-girisimci-bulusmalari-etkinliklerinin-ilki-tekirdag-nkude-gerceklesti","status":"publish","type":"post","link":"https:\/\/gundem59.com.tr\/?p=260","title":{"rendered":"KULU\u00c7KA PROGRAMI TANITIM VE G\u0130R\u0130\u015e\u0130MC\u0130 BULU\u015eMALARI\u201d ETK\u0130NL\u0130KLER\u0130N\u0130N \u0130LK\u0130 TEK\u0130RDA\u011e NK\u00dc&#8217;DE GER\u00c7EKLE\u015eT\u0130"},"content":{"rendered":"\n<p class=\"wp-block-paragraph\">Tekirda\u011f Nam\u0131k Kemal \u00dcniversitesi, Trakya Kalk\u0131nma Ajans\u0131 ve Nam\u0131k Kemal \u00dcniversitesi Teknoloji Geli\u015ftirme B\u00f6lgesi Y\u00f6netici A.\u015e. i\u015f birli\u011fiyle giri\u015fimcilik ekosistemini yeni ve geli\u015fmi\u015f bir yerde olan yerleri desteklemek amac\u0131yla \u201cKulu\u00e7ka Program\u0131 Tan\u0131t\u0131m\u0131 ve Giri\u015fimci Bulu\u015fmalar\u0131\u201d etkinli\u011fi d\u00fczenlendi.<\/p>\n\n\n\n<p class=\"wp-block-paragraph\">Tekirda\u011f Nam\u0131k Kemal \u00dcniversitesi Fen Edebiyat Fak\u00fcltesi Konferans Salonunda 08 Nisan 2026 tarihinde Saat 10.00&#8217;da d\u00fczenlenen etkinlik Tekirda\u011f Nam\u0131k Kemal \u00dcniversitesi Rekt\u00f6r\u00fc Prof. Dr. M\u00fcmin \u015eAH\u0130N, Fen-Edebiyat Fak\u00fcltesi Dekan\u0131 Prof. Dr. R\u0131fat B\u0130RCAN, Trakya Kalk\u0131nma Ajans\u0131 Genel Sekreteri Mahmut \u015eAH\u0130N, NK\u00dc Teknopark Genel M\u00fcd\u00fcr\u00fc Dr. \u00d6\u011fr. \u00dcyesi Bar\u0131\u015f KOCABIYIK, akademisyenler, giri\u015fimciler ve kat\u0131lanlar kat\u0131ld\u0131.<\/p>\n\n\n\n<p class=\"wp-block-paragraph\">NK\u00dc Teknopark Genel M\u00fcd\u00fcr\u00fc Dr. \u00d6\u011fr. Bar\u0131\u015f KOCABIYIK selamlama konu\u015fmas\u0131nda, &#8220;Giri\u015fimcilik programlar\u0131nda, ara\u015ft\u0131rmac\u0131lar\u0131n ve gen\u00e7 giri\u015fimcilerin g\u00fcvenli bir \u015fekilde kurtarabildi\u011fi test edebilen, mentorluk ve altyap\u0131 deste\u011fiyle geli\u015fmi\u015f g\u00fc\u00e7, akademiden sanayiye uzanan k\u00f6pr\u00fclerdir. NK\u00dc Teknopark olarak bizim en b\u00fcy\u00fck hedefimiz; ara\u015ft\u0131rmalar\u0131n\u0131n ortaya \u00e7\u0131kt\u0131\u011f\u0131, gen\u00e7lerin \u00f6zg\u00fcrce geli\u015ftirebildi\u011fi, insanlar\u0131n bilgi birikiminin g\u00fcc\u00fc s\u00fcrd\u00fcr\u00fclebilir bir ortamda olu\u015fturmakt\u0131r. i\u015f birliklerinden do\u011far.\u201d dedi.<\/p>\n\n\n\n<p class=\"wp-block-paragraph\">Fen Edebiyat Fak\u00fcltesi Dekan\u0131 ise Prof. Dr. dedi.<\/p>\n\n\n\n<p class=\"wp-block-paragraph\">Giri\u015fimci adaylar\u0131 ile yo\u011fun ilgi g\u00f6sterdi\u011fi etkinlik, Trakya Kalk\u0131nma Ajans\u0131 taraf\u0131ndan hayata ge\u00e7irilmesi planlanan Kulu\u00e7ka Program\u0131&#8217;n\u0131n kapsam\u0131, ba\u015fvuru s\u00fcreci ve belirtilmesi ayr\u0131nt\u0131l\u0131 \u015fekilde anlat\u0131ld\u0131 ve program, i\u015f fikri olan giri\u015fimci adaylar\u0131n\u0131n projelerini geli\u015ftirmelerine, mentorluk ve e\u011fitimleriyle i\u015f faaliyetlerinin haz\u0131rlanmalar\u0131na katk\u0131 sunaca\u011f\u0131 vurguland\u0131.<\/p>\n\n\n\n<p class=\"wp-block-paragraph\">Etkinlikte, daha \u00f6nce Trakya Kalk\u0131nma Ajans\u0131 taraf\u0131ndan y\u00fcr\u00fct\u00fclen benzer programlara kat\u0131larak kendi ba\u015far\u0131 hik\u00e2yelerini, giri\u015fimcilerin, deneyimlerini bar\u0131nd\u0131rd\u0131klar\u0131yla payla\u015f\u0131ld\u0131. Konu\u015fmac\u0131lar, i\u015flerinde nas\u0131l hayatta kald\u0131klar\u0131n\u0131 ve s\u00fcre\u00e7te kar\u015f\u0131la\u015ft\u0131klar\u0131 zorluklar ile kamu kurumu ve paralardan ayr\u0131lmalar\u0131 destekleri anlatarak gen\u00e7 giri\u015fimci adaylar\u0131na ilham verdiler.<\/p>\n\n\n\n<p class=\"wp-block-paragraph\">Etkinli\u011fin sonunda Tekirda\u011f Nam\u0131k Kemal \u00dcniversitesi Rekt\u00f6r\u00fc Prof. Dr. M\u00fcmin \u015eAH\u0130N ile Trakya Kalk\u0131nma Ajans\u0131 Genel Sekreteri Mahmut \u015eAH\u0130N taraf\u0131ndan konuk giri\u015fimcilere g\u00fcn\u00fcn an\u0131s\u0131na plaket takdiminde bulunuldu.<\/p>\n\n\n\n<p class=\"wp-block-paragraph\">Etkinlikler, ki\u015filer taraf\u0131ndan ilgiyle takip edilirken, b\u00f6lgedeki giri\u015fimcilik k\u00fclt\u00fcr\u00fcn\u00fcn ortaya \u00e7\u0131kmas\u0131na y\u00f6nelik \u00f6nemli bir toplant\u0131 olarak de\u011ferlendirildi. Etkinli\u011fin devam\u0131 28 Nisan 2026 tarihinde K\u0131rklareli \u00dcniversitesi ile Trakya \u00dcniversitesinde icra edilecek.<\/p>\n","protected":false},"excerpt":{"rendered":"<p>Tekirda\u011f Nam\u0131k Kemal \u00dcniversitesi, Trakya Kalk\u0131nma Ajans\u0131 ve Nam\u0131k Kemal \u00dcniversitesi Teknoloji Geli\u015ftirme B\u00f6lgesi Y\u00f6netici&#8230;<\/p>\n","protected":false},"author":1,"featured_media":261,"comment_status":"open","ping_status":"open","sticky":false,"template":"","format":"standard","meta":{"footnotes":""},"categories":[1],"tags":[],"ppma_author":[57],"class_list":["post-260","post","type-post","status-publish","format-standard","has-post-thumbnail","hentry","category-tekirdag-gundemi"],"authors":[{"term_id":57,"user_id":1,"is_guest":0,"slug":"admin","display_name":"Alp Aslan","avatar_url":"https:\/\/secure.gravatar.com\/avatar\/07c18c5ad3350b025db8f3328450e071acb435c703e565899c880c63362f137a?s=96&d=mm&r=g","author_category":"1","first_name":"Alp Aslan","last_name":"ER\u0130N","user_url":"http:\/\/www.gundem59.com.tr","job_title":"","description":""}],"_links":{"self":[{"href":"https:\/\/gundem59.com.tr\/index.php?rest_route=\/wp\/v2\/posts\/260","targetHints":{"allow":["GET"]}}],"collection":[{"href":"https:\/\/gundem59.com.tr\/index.php?rest_route=\/wp\/v2\/posts"}],"about":[{"href":"https:\/\/gundem59.com.tr\/index.php?rest_route=\/wp\/v2\/types\/post"}],"author":[{"embeddable":true,"href":"https:\/\/gundem59.com.tr\/index.php?rest_route=\/wp\/v2\/users\/1"}],"replies":[{"embeddable":true,"href":"https:\/\/gundem59.com.tr\/index.php?rest_route=%2Fwp%2Fv2%2Fcomments&post=260"}],"version-history":[{"count":1,"href":"https:\/\/gundem59.com.tr\/index.php?rest_route=\/wp\/v2\/posts\/260\/revisions"}],"predecessor-version":[{"id":262,"href":"https:\/\/gundem59.com.tr\/index.php?rest_route=\/wp\/v2\/posts\/260\/revisions\/262"}],"wp:featuredmedia":[{"embeddable":true,"href":"https:\/\/gundem59.com.tr\/index.php?rest_route=\/wp\/v2\/media\/261"}],"wp:attachment":[{"href":"https:\/\/gundem59.com.tr\/index.php?rest_route=%2Fwp%2Fv2%2Fmedia&parent=260"}],"wp:term":[{"taxonomy":"category","embeddable":true,"href":"https:\/\/gundem59.com.tr\/index.php?rest_route=%2Fwp%2Fv2%2Fcategories&post=260"},{"taxonomy":"post_tag","embeddable":true,"href":"https:\/\/gundem59.com.tr\/index.php?rest_route=%2Fwp%2Fv2%2Ftags&post=260"},{"taxonomy":"author","embeddable":true,"href":"https:\/\/gundem59.com.tr\/index.php?rest_route=%2Fwp%2Fv2%2Fppma_author&post=260"}],"curies":[{"name":"wp","href":"https:\/\/api.w.org\/{rel}","templated":true}]}}