{"id":2598,"date":"2026-06-29T09:54:30","date_gmt":"2026-06-29T09:54:30","guid":{"rendered":"https:\/\/gundem59.com.tr\/?p=2598"},"modified":"2026-06-29T09:54:30","modified_gmt":"2026-06-29T09:54:30","slug":"emekli-insaat-ustasi-musa-samastinin-altinci-resim-sergisi-buyuk-ilgi-gordu","status":"publish","type":"post","link":"https:\/\/gundem59.com.tr\/?p=2598","title":{"rendered":"Emekli \u0130n\u015faat Ustas\u0131 Musa Samasti\u2019nin Alt\u0131nc\u0131 Resim Sergisi B\u00fcy\u00fck \u0130lgi G\u00f6rd\u00fc"},"content":{"rendered":"\n<p class=\"wp-block-paragraph\">Tekirda\u011f\u2019da ya\u015fayan 71 ya\u015f\u0131ndaki emekli in\u015faat ustas\u0131 Musa Samasti, sanat tutkusunu ziyaret\u00e7ilerle bulu\u015fturmaya devam ediyor. Samasti, Tekirda\u011f Karadeniz \u0130lleri K\u00fclt\u00fcr, Yard\u0131mla\u015fma ve Dayan\u0131\u015fma Derne\u011fi taraf\u0131ndan d\u00fczenlenen 22. Geleneksel Yayla \u015eenlikleri kapsam\u0131nda a\u00e7t\u0131\u011f\u0131 alt\u0131nc\u0131 ki\u015fisel resim sergisiyle sanatseverlerin kar\u015f\u0131s\u0131na \u00e7\u0131kt\u0131.<\/p>\n\n\n\n<p class=\"wp-block-paragraph\">\u015eenlik alan\u0131nda a\u00e7\u0131lan sergide, sanat\u00e7\u0131n\u0131n do\u011fa manzaralar\u0131, k\u00f6y ya\u015fam\u0131, Karadeniz k\u00fclt\u00fcr\u00fc ve Anadolu\u2019nun farkl\u0131 g\u00fczelliklerini yans\u0131tan eserleri ziyaret\u00e7ilerin be\u011fenisine sunuldu. Birbirinden farkl\u0131 tekniklerle haz\u0131rlanan tablolar, etkinli\u011fe kat\u0131lan vatanda\u015flar taraf\u0131ndan ilgiyle incelendi.<\/p>\n\n\n\n<p class=\"wp-block-paragraph\">Uzun y\u0131llar in\u015faat sekt\u00f6r\u00fcnde \u00e7al\u0131\u015fan Musa Samasti, emeklili\u011finin ard\u0131ndan gen\u00e7lik y\u0131llar\u0131ndan bu yana ilgi duydu\u011fu resim sanat\u0131na daha fazla zaman ay\u0131rmaya ba\u015flad\u0131. Sanata olan ilgisini y\u0131llar i\u00e7erisinde geli\u015ftiren Samasti, bug\u00fcne kadar alt\u0131 ki\u015fisel sergi a\u00e7arken, tuval \u00e7al\u0131\u015fmalar\u0131n\u0131n yan\u0131 s\u0131ra \u00e7e\u015fitli bina, dernek ve sosyal alanlar\u0131n d\u0131\u015f cephelerine yapt\u0131\u011f\u0131 resimlerle de dikkat \u00e7ekti.<\/p>\n\n\n\n<p class=\"wp-block-paragraph\">Resim yapman\u0131n kendisi i\u00e7in bir hobi olman\u0131n \u00f6tesine ge\u00e7ti\u011fini belirten Samasti, sanat\u0131n hayat\u0131n\u0131n \u00f6nemli bir par\u00e7as\u0131 haline geldi\u011fini s\u00f6yledi. Her eserinde duygu ve d\u00fc\u015f\u00fcncelerini yans\u0131tmaya \u00e7al\u0131\u015ft\u0131\u011f\u0131n\u0131 ifade eden Samasti, ziyaret\u00e7ilerden g\u00f6rd\u00fc\u011f\u00fc ilginin kendisine yeni \u00e7al\u0131\u015fmalar i\u00e7in motivasyon verdi\u011fini dile getirdi.<\/p>\n\n\n\n<p class=\"wp-block-paragraph\">Sergiyi gezen vatanda\u015flar ise eserlerin \u00f6zellikle y\u00f6resel ya\u015fam\u0131 ve do\u011fan\u0131n g\u00fczelliklerini ba\u015far\u0131l\u0131 \u015fekilde yans\u0131tt\u0131\u011f\u0131n\u0131 belirterek sanat\u00e7\u0131y\u0131 tebrik etti.<\/p>\n\n\n\n<ol start=\"22\" class=\"wp-block-list\">\n<li>Geleneksel Yayla \u015eenlikleri kapsam\u0131nda sanatseverlerle bulu\u015fan sergi, ziyaret\u00e7ilerden tam not al\u0131rken, Musa Samasti de \u00fcretmeye ve yeni eserler ortaya koymaya devam edece\u011fini ifade etti.<\/li>\n<\/ol>\n","protected":false},"excerpt":{"rendered":"<p>Tekirda\u011f\u2019da ya\u015fayan 71 ya\u015f\u0131ndaki emekli in\u015faat ustas\u0131 Musa Samasti, sanat tutkusunu ziyaret\u00e7ilerle bulu\u015fturmaya devam ediyor&#8230;.<\/p>\n","protected":false},"author":1,"featured_media":2599,"comment_status":"closed","ping_status":"closed","sticky":false,"template":"","format":"standard","meta":{"footnotes":""},"categories":[50],"tags":[],"ppma_author":[57],"class_list":["post-2598","post","type-post","status-publish","format-standard","has-post-thumbnail","hentry","category-kultur-ve-sanat"],"authors":[{"term_id":57,"user_id":1,"is_guest":0,"slug":"admin","display_name":"Alp Aslan","avatar_url":"https:\/\/secure.gravatar.com\/avatar\/07c18c5ad3350b025db8f3328450e071acb435c703e565899c880c63362f137a?s=96&d=mm&r=g","author_category":"1","first_name":"Alp Aslan","last_name":"ER\u0130N","user_url":"http:\/\/www.gundem59.com.tr","job_title":"","description":""}],"_links":{"self":[{"href":"https:\/\/gundem59.com.tr\/index.php?rest_route=\/wp\/v2\/posts\/2598","targetHints":{"allow":["GET"]}}],"collection":[{"href":"https:\/\/gundem59.com.tr\/index.php?rest_route=\/wp\/v2\/posts"}],"about":[{"href":"https:\/\/gundem59.com.tr\/index.php?rest_route=\/wp\/v2\/types\/post"}],"author":[{"embeddable":true,"href":"https:\/\/gundem59.com.tr\/index.php?rest_route=\/wp\/v2\/users\/1"}],"replies":[{"embeddable":true,"href":"https:\/\/gundem59.com.tr\/index.php?rest_route=%2Fwp%2Fv2%2Fcomments&post=2598"}],"version-history":[{"count":1,"href":"https:\/\/gundem59.com.tr\/index.php?rest_route=\/wp\/v2\/posts\/2598\/revisions"}],"predecessor-version":[{"id":2600,"href":"https:\/\/gundem59.com.tr\/index.php?rest_route=\/wp\/v2\/posts\/2598\/revisions\/2600"}],"wp:featuredmedia":[{"embeddable":true,"href":"https:\/\/gundem59.com.tr\/index.php?rest_route=\/wp\/v2\/media\/2599"}],"wp:attachment":[{"href":"https:\/\/gundem59.com.tr\/index.php?rest_route=%2Fwp%2Fv2%2Fmedia&parent=2598"}],"wp:term":[{"taxonomy":"category","embeddable":true,"href":"https:\/\/gundem59.com.tr\/index.php?rest_route=%2Fwp%2Fv2%2Fcategories&post=2598"},{"taxonomy":"post_tag","embeddable":true,"href":"https:\/\/gundem59.com.tr\/index.php?rest_route=%2Fwp%2Fv2%2Ftags&post=2598"},{"taxonomy":"author","embeddable":true,"href":"https:\/\/gundem59.com.tr\/index.php?rest_route=%2Fwp%2Fv2%2Fppma_author&post=2598"}],"curies":[{"name":"wp","href":"https:\/\/api.w.org\/{rel}","templated":true}]}}