{"id":2595,"date":"2026-06-29T09:50:08","date_gmt":"2026-06-29T09:50:08","guid":{"rendered":"https:\/\/gundem59.com.tr\/?p=2595"},"modified":"2026-06-29T09:50:09","modified_gmt":"2026-06-29T09:50:09","slug":"tekirdagda-yerli-ve-milli-silahlar-sergisi-ilgi-gordu","status":"publish","type":"post","link":"https:\/\/gundem59.com.tr\/?p=2595","title":{"rendered":"Tekirda\u011f\u2019da Yerli ve Milli Silahlar Sergisi \u0130lgi G\u00f6rd\u00fc"},"content":{"rendered":"\n<p class=\"wp-block-paragraph\">T\u00fcrk Kara Kuvvetleri\u2019nin 2235\u2019inci kurulu\u015f y\u0131l d\u00f6n\u00fcm\u00fc dolay\u0131s\u0131yla Tekirda\u011f Garnizon Komutanl\u0131\u011f\u0131 taraf\u0131ndan d\u00fczenlenen program kapsam\u0131nda a\u00e7\u0131lan yerli ve milli silahlar ile askeri te\u00e7hizat sergisi yo\u011fun ilgi g\u00f6rd\u00fc.<\/p>\n\n\n\n<p class=\"wp-block-paragraph\">Sayg\u0131 duru\u015fu ve \u0130stiklal Mar\u015f\u0131\u2019n\u0131n okunmas\u0131yla ba\u015flayan programda, Garnizon Komutan\u0131 Tu\u011fgeneral Aytu\u011f Y\u00f6r\u00fcy\u00fc\u015f g\u00fcn\u00fcn anlam ve \u00f6nemine ili\u015fkin bir konu\u015fma yapt\u0131. Etkinlikte Kara Kuvvetleri Komutanl\u0131\u011f\u0131\u2019n\u0131n tan\u0131t\u0131m filmi ile 8\u2019inci Mekanize Piyade Tugay Komutanl\u0131\u011f\u0131\u2019n\u0131n e\u011fitim faaliyetlerini anlatan video g\u00f6sterimleri de ger\u00e7ekle\u015ftirildi.<\/p>\n\n\n\n<p class=\"wp-block-paragraph\">Program\u0131n ard\u0131ndan protokol \u00fcyeleri ve davetliler, yerli ve milli imkanlarla \u00fcretilen silahlar ile Garnizon Komutanl\u0131\u011f\u0131 envanterinde bulunan askeri te\u00e7hizat\u0131n sergilendi\u011fi alan\u0131 gezdi. Sergide yer alan piyade silahlar\u0131 ve \u00e7e\u015fitli askeri ekipmanlar kat\u0131l\u0131mc\u0131lar\u0131n ilgisini \u00e7ekerken, g\u00f6revliler taraf\u0131ndan teknik bilgiler verildi.<\/p>\n\n\n\n<p class=\"wp-block-paragraph\">Tekirda\u011f Valisi Recep Soyt\u00fcrk ba\u015fta olmak \u00fczere il protokol\u00fcn\u00fcn kat\u0131ld\u0131\u011f\u0131 etkinlik, T\u00fcrk Kara Kuvvetleri\u2019nin k\u00f6kl\u00fc ge\u00e7mi\u015fi ve savun<\/p>\n","protected":false},"excerpt":{"rendered":"<p>T\u00fcrk Kara Kuvvetleri\u2019nin 2235\u2019inci kurulu\u015f y\u0131l d\u00f6n\u00fcm\u00fc dolay\u0131s\u0131yla Tekirda\u011f Garnizon Komutanl\u0131\u011f\u0131 taraf\u0131ndan d\u00fczenlenen program kapsam\u0131nda&#8230;<\/p>\n","protected":false},"author":1,"featured_media":2596,"comment_status":"closed","ping_status":"closed","sticky":false,"template":"","format":"standard","meta":{"footnotes":""},"categories":[56],"tags":[],"ppma_author":[57],"class_list":["post-2595","post","type-post","status-publish","format-standard","has-post-thumbnail","hentry","category-guncel"],"authors":[{"term_id":57,"user_id":1,"is_guest":0,"slug":"admin","display_name":"Alp Aslan","avatar_url":"https:\/\/secure.gravatar.com\/avatar\/07c18c5ad3350b025db8f3328450e071acb435c703e565899c880c63362f137a?s=96&d=mm&r=g","author_category":"1","first_name":"Alp Aslan","last_name":"ER\u0130N","user_url":"http:\/\/www.gundem59.com.tr","job_title":"","description":""}],"_links":{"self":[{"href":"https:\/\/gundem59.com.tr\/index.php?rest_route=\/wp\/v2\/posts\/2595","targetHints":{"allow":["GET"]}}],"collection":[{"href":"https:\/\/gundem59.com.tr\/index.php?rest_route=\/wp\/v2\/posts"}],"about":[{"href":"https:\/\/gundem59.com.tr\/index.php?rest_route=\/wp\/v2\/types\/post"}],"author":[{"embeddable":true,"href":"https:\/\/gundem59.com.tr\/index.php?rest_route=\/wp\/v2\/users\/1"}],"replies":[{"embeddable":true,"href":"https:\/\/gundem59.com.tr\/index.php?rest_route=%2Fwp%2Fv2%2Fcomments&post=2595"}],"version-history":[{"count":1,"href":"https:\/\/gundem59.com.tr\/index.php?rest_route=\/wp\/v2\/posts\/2595\/revisions"}],"predecessor-version":[{"id":2597,"href":"https:\/\/gundem59.com.tr\/index.php?rest_route=\/wp\/v2\/posts\/2595\/revisions\/2597"}],"wp:featuredmedia":[{"embeddable":true,"href":"https:\/\/gundem59.com.tr\/index.php?rest_route=\/wp\/v2\/media\/2596"}],"wp:attachment":[{"href":"https:\/\/gundem59.com.tr\/index.php?rest_route=%2Fwp%2Fv2%2Fmedia&parent=2595"}],"wp:term":[{"taxonomy":"category","embeddable":true,"href":"https:\/\/gundem59.com.tr\/index.php?rest_route=%2Fwp%2Fv2%2Fcategories&post=2595"},{"taxonomy":"post_tag","embeddable":true,"href":"https:\/\/gundem59.com.tr\/index.php?rest_route=%2Fwp%2Fv2%2Ftags&post=2595"},{"taxonomy":"author","embeddable":true,"href":"https:\/\/gundem59.com.tr\/index.php?rest_route=%2Fwp%2Fv2%2Fppma_author&post=2595"}],"curies":[{"name":"wp","href":"https:\/\/api.w.org\/{rel}","templated":true}]}}