{"id":2592,"date":"2026-06-29T09:46:31","date_gmt":"2026-06-29T09:46:31","guid":{"rendered":"https:\/\/gundem59.com.tr\/?p=2592"},"modified":"2026-06-29T09:46:31","modified_gmt":"2026-06-29T09:46:31","slug":"tekirdagda-kara-kuvvetlerinin-2235inci-kurulus-yil-donumu-kutlandi","status":"publish","type":"post","link":"https:\/\/gundem59.com.tr\/?p=2592","title":{"rendered":"Tekirda\u011f\u2019da Kara Kuvvetleri\u2019nin 2235\u2019inci Kurulu\u015f Y\u0131l D\u00f6n\u00fcm\u00fc Kutland\u0131"},"content":{"rendered":"\n<p class=\"wp-block-paragraph\">T\u00fcrk Kara Kuvvetleri&#8217;nin 2235&#8217;inci y\u0131l d\u00f6n\u00fcm\u00fc Tekirda\u011f&#8217;da d\u00fczenlenen t\u00f6renle kutland\u0131.<\/p>\n\n\n\n<p class=\"wp-block-paragraph\">T\u00fcrk Kara Kuvvetleri\u2019nin kurulu\u015funun 2235\u2019inci y\u0131l d\u00f6n\u00fcm\u00fc dolay\u0131s\u0131yla Tekirda\u011f Garnizon Komutanl\u0131\u011f\u0131\u2019nda t\u00f6ren d\u00fczenlendi. Sayg\u0131 duru\u015fu ve \u0130stiklal Mar\u015f\u0131\u2019n\u0131n okunmas\u0131yla ba\u015flayan programa askeri ve sivil protokol \u00fcyeleri kat\u0131ld\u0131.<\/p>\n\n\n\n<p class=\"wp-block-paragraph\">Programda konu\u015fan Garnizon Komutan\u0131 Tu\u011fgeneral Aytu\u011f Y\u00f6r\u00fcy\u00fc\u015f, T\u00fcrk Kara Kuvvetleri\u2019nin k\u00f6kl\u00fc ge\u00e7mi\u015fi, g\u00f6rev anlay\u0131\u015f\u0131 ve \u00fclke savunmas\u0131ndaki \u00f6nemine ili\u015fkin de\u011ferlendirmelerde bulundu. Etkinlik kapsam\u0131nda Kara Kuvvetleri Komutanl\u0131\u011f\u0131\u2019n\u0131n tan\u0131t\u0131m filmi ile 8\u2019inci Mekanize Piyade Tugay Komutanl\u0131\u011f\u0131\u2019n\u0131n 2025-2026 e\u011fitim d\u00f6neminde ger\u00e7ekle\u015ftirdi\u011fi faaliyetleri i\u00e7eren video g\u00f6sterimi yap\u0131ld\u0131.<\/p>\n\n\n\n<p class=\"wp-block-paragraph\">Kutlama program\u0131nda ayr\u0131ca yerli ve milli imkanlarla \u00fcretilen silahlar ile Garnizon Komutanl\u0131\u011f\u0131 envanterinde bulunan askeri te\u00e7hizat\u0131n yer ald\u0131\u011f\u0131 sergi ziyaret edildi. Kat\u0131l\u0131mc\u0131lar, T\u00fcrk savunma sanayisinin geldi\u011fi noktay\u0131 yans\u0131tan \u00fcr\u00fcnleri yak\u0131ndan inceleme f\u0131rsat\u0131 buldu.<\/p>\n\n\n\n<p class=\"wp-block-paragraph\">Programa Tekirda\u011f Valisi Recep Soyt\u00fcrk, S\u00fcleymanpa\u015fa Kaymakam\u0131 Mahmut Nedim Tun\u00e7er, \u0130l Emniyet M\u00fcd\u00fcr\u00fc Ahmet Metin Turanl\u0131, \u0130l Jandarma Komutan Vekili K\u0131demli Albay Kamil K\u0131spet, Sahil G\u00fcvenlik Karakol Komutan\u0131 Y\u00fczba\u015f\u0131 Can \u00c7ak\u0131c\u0131, Tekirda\u011f B\u00fcy\u00fck\u015fehir Belediyesi Genel Sekreter Yard\u0131mc\u0131s\u0131 Erdin Eral, kurum m\u00fcd\u00fcrleri ve \u00e7ok say\u0131da askeri personel kat\u0131ld\u0131.<\/p>\n\n\n\n<p class=\"wp-block-paragraph\">T\u00fcrk Kara Kuvvetleri\u2019nin 2235 y\u0131ll\u0131k k\u00f6kl\u00fc ge\u00e7mi\u015fine vurgu yap\u0131lan program, serginin gezilmesinin ard\u0131ndan sona erdi.<\/p>\n","protected":false},"excerpt":{"rendered":"<p>T\u00fcrk Kara Kuvvetleri&#8217;nin 2235&#8217;inci y\u0131l d\u00f6n\u00fcm\u00fc Tekirda\u011f&#8217;da d\u00fczenlenen t\u00f6renle kutland\u0131. T\u00fcrk Kara Kuvvetleri\u2019nin kurulu\u015funun 2235\u2019inci&#8230;<\/p>\n","protected":false},"author":1,"featured_media":2593,"comment_status":"closed","ping_status":"closed","sticky":false,"template":"","format":"standard","meta":{"footnotes":""},"categories":[56],"tags":[],"ppma_author":[57],"class_list":["post-2592","post","type-post","status-publish","format-standard","has-post-thumbnail","hentry","category-guncel"],"authors":[{"term_id":57,"user_id":1,"is_guest":0,"slug":"admin","display_name":"Alp Aslan","avatar_url":"https:\/\/secure.gravatar.com\/avatar\/07c18c5ad3350b025db8f3328450e071acb435c703e565899c880c63362f137a?s=96&d=mm&r=g","author_category":"1","first_name":"Alp Aslan","last_name":"ER\u0130N","user_url":"http:\/\/www.gundem59.com.tr","job_title":"","description":""}],"_links":{"self":[{"href":"https:\/\/gundem59.com.tr\/index.php?rest_route=\/wp\/v2\/posts\/2592","targetHints":{"allow":["GET"]}}],"collection":[{"href":"https:\/\/gundem59.com.tr\/index.php?rest_route=\/wp\/v2\/posts"}],"about":[{"href":"https:\/\/gundem59.com.tr\/index.php?rest_route=\/wp\/v2\/types\/post"}],"author":[{"embeddable":true,"href":"https:\/\/gundem59.com.tr\/index.php?rest_route=\/wp\/v2\/users\/1"}],"replies":[{"embeddable":true,"href":"https:\/\/gundem59.com.tr\/index.php?rest_route=%2Fwp%2Fv2%2Fcomments&post=2592"}],"version-history":[{"count":1,"href":"https:\/\/gundem59.com.tr\/index.php?rest_route=\/wp\/v2\/posts\/2592\/revisions"}],"predecessor-version":[{"id":2594,"href":"https:\/\/gundem59.com.tr\/index.php?rest_route=\/wp\/v2\/posts\/2592\/revisions\/2594"}],"wp:featuredmedia":[{"embeddable":true,"href":"https:\/\/gundem59.com.tr\/index.php?rest_route=\/wp\/v2\/media\/2593"}],"wp:attachment":[{"href":"https:\/\/gundem59.com.tr\/index.php?rest_route=%2Fwp%2Fv2%2Fmedia&parent=2592"}],"wp:term":[{"taxonomy":"category","embeddable":true,"href":"https:\/\/gundem59.com.tr\/index.php?rest_route=%2Fwp%2Fv2%2Fcategories&post=2592"},{"taxonomy":"post_tag","embeddable":true,"href":"https:\/\/gundem59.com.tr\/index.php?rest_route=%2Fwp%2Fv2%2Ftags&post=2592"},{"taxonomy":"author","embeddable":true,"href":"https:\/\/gundem59.com.tr\/index.php?rest_route=%2Fwp%2Fv2%2Fppma_author&post=2592"}],"curies":[{"name":"wp","href":"https:\/\/api.w.org\/{rel}","templated":true}]}}