{"id":2589,"date":"2026-06-29T09:43:09","date_gmt":"2026-06-29T09:43:09","guid":{"rendered":"https:\/\/gundem59.com.tr\/?p=2589"},"modified":"2026-06-29T09:43:09","modified_gmt":"2026-06-29T09:43:09","slug":"tekirdagda-bicerdover-denetimleri-araliksiz-suruyor","status":"publish","type":"post","link":"https:\/\/gundem59.com.tr\/?p=2589","title":{"rendered":"Tekirda\u011f\u2019da Bi\u00e7erd\u00f6ver Denetimleri Aral\u0131ks\u0131z S\u00fcr\u00fcyor"},"content":{"rendered":"\n<p class=\"wp-block-paragraph\">Tekirda\u011f\u2019da hasat sezonunun ba\u015flamas\u0131yla birlikte tar\u0131m arazilerinde meydana gelebilecek yang\u0131nlar\u0131n \u00f6nlenmesine y\u00f6nelik denetimler yo\u011funla\u015ft\u0131r\u0131ld\u0131. Tekirda\u011f Tar\u0131m ve Orman M\u00fcd\u00fcrl\u00fc\u011f\u00fc ekipleri, il genelinde bi\u00e7erd\u00f6verlere y\u00f6nelik teknik ve g\u00fcvenlik kontrollerini s\u00fcrd\u00fcr\u00fcyor.<\/p>\n\n\n\n<p class=\"wp-block-paragraph\">\u0130l Tar\u0131m ve Orman M\u00fcd\u00fcrl\u00fc\u011f\u00fc taraf\u0131ndan yap\u0131lan a\u00e7\u0131klamada, denetimlerde bi\u00e7erd\u00f6verlerin teknik yeterliliklerinin yan\u0131 s\u0131ra yang\u0131n tedbirlerine uygunluklar\u0131n\u0131n da titizlikle incelendi\u011fi belirtildi. \u00d6zellikle yaz aylar\u0131nda artan hava s\u0131cakl\u0131klar\u0131 ve r\u00fczg\u00e2r\u0131n etkisiyle tar\u0131m arazilerinde yang\u0131n riskinin y\u00fckseldi\u011fine dikkat \u00e7ekilerek, \u00fcreticilerin ve operat\u00f6rlerin gerekli \u00f6nlemleri eksiksiz \u015fekilde uygulamalar\u0131 istendi.<\/p>\n\n\n\n<p class=\"wp-block-paragraph\">Tekirda\u011f Valili\u011fi taraf\u0131ndan hasat sezonu boyunca uygulanacak yang\u0131n tedbirlerinin \u00f6nemine vurgu yap\u0131lan a\u00e7\u0131klamada, bi\u00e7erd\u00f6verlerde en az iki adet yang\u0131n s\u00f6nd\u00fcrme t\u00fcp\u00fcn\u00fcn bulundurulmas\u0131n\u0131n zorunlu oldu\u011fu hat\u0131rlat\u0131ld\u0131. Ayr\u0131ca hasat yap\u0131lan alanlarda olas\u0131 yang\u0131nlara h\u0131zl\u0131 m\u00fcdahale edilebilmesi amac\u0131yla en az 3 ton kapasiteli su tankeri veya sulu ila\u00e7lama makinesinin haz\u0131r bulundurulmas\u0131 gerekti\u011fi ifade edildi.<\/p>\n\n\n\n<p class=\"wp-block-paragraph\">Yetkililer, s\u0131cakl\u0131k ve r\u00fczg\u00e2r\u0131n en y\u00fcksek seviyeye ula\u015ft\u0131\u011f\u0131 saatlerde hasat \u00e7al\u0131\u015fmalar\u0131na ara verilmesinin olas\u0131 yang\u0131nlar\u0131n \u00f6n\u00fcne ge\u00e7ilmesinde b\u00fcy\u00fck \u00f6nem ta\u015f\u0131d\u0131\u011f\u0131n\u0131 belirtti. Vatanda\u015flardan ve \u00e7ift\u00e7ilerden herhangi bir yang\u0131n veya olumsuz durumla kar\u015f\u0131la\u015fmalar\u0131 halinde vakit kaybetmeden 112 Acil \u00c7a\u011fr\u0131 Merkezi\u2019ne bilgi vermeleri istendi.<\/p>\n\n\n\n<p class=\"wp-block-paragraph\">Tar\u0131m ve Orman M\u00fcd\u00fcrl\u00fc\u011f\u00fc ekiplerinin hasat d\u00f6nemi boyunca denetim ve bilgilendirme \u00e7al\u0131\u015fmalar\u0131na aral\u0131ks\u0131z devam edece\u011fi bildirildi.<\/p>\n","protected":false},"excerpt":{"rendered":"<p>Tekirda\u011f\u2019da hasat sezonunun ba\u015flamas\u0131yla birlikte tar\u0131m arazilerinde meydana gelebilecek yang\u0131nlar\u0131n \u00f6nlenmesine y\u00f6nelik denetimler yo\u011funla\u015ft\u0131r\u0131ld\u0131. Tekirda\u011f&#8230;<\/p>\n","protected":false},"author":1,"featured_media":2590,"comment_status":"closed","ping_status":"closed","sticky":false,"template":"","format":"standard","meta":{"footnotes":""},"categories":[56],"tags":[],"ppma_author":[57],"class_list":["post-2589","post","type-post","status-publish","format-standard","has-post-thumbnail","hentry","category-guncel"],"authors":[{"term_id":57,"user_id":1,"is_guest":0,"slug":"admin","display_name":"Alp Aslan","avatar_url":"https:\/\/secure.gravatar.com\/avatar\/07c18c5ad3350b025db8f3328450e071acb435c703e565899c880c63362f137a?s=96&d=mm&r=g","author_category":"1","first_name":"Alp Aslan","last_name":"ER\u0130N","user_url":"http:\/\/www.gundem59.com.tr","job_title":"","description":""}],"_links":{"self":[{"href":"https:\/\/gundem59.com.tr\/index.php?rest_route=\/wp\/v2\/posts\/2589","targetHints":{"allow":["GET"]}}],"collection":[{"href":"https:\/\/gundem59.com.tr\/index.php?rest_route=\/wp\/v2\/posts"}],"about":[{"href":"https:\/\/gundem59.com.tr\/index.php?rest_route=\/wp\/v2\/types\/post"}],"author":[{"embeddable":true,"href":"https:\/\/gundem59.com.tr\/index.php?rest_route=\/wp\/v2\/users\/1"}],"replies":[{"embeddable":true,"href":"https:\/\/gundem59.com.tr\/index.php?rest_route=%2Fwp%2Fv2%2Fcomments&post=2589"}],"version-history":[{"count":1,"href":"https:\/\/gundem59.com.tr\/index.php?rest_route=\/wp\/v2\/posts\/2589\/revisions"}],"predecessor-version":[{"id":2591,"href":"https:\/\/gundem59.com.tr\/index.php?rest_route=\/wp\/v2\/posts\/2589\/revisions\/2591"}],"wp:featuredmedia":[{"embeddable":true,"href":"https:\/\/gundem59.com.tr\/index.php?rest_route=\/wp\/v2\/media\/2590"}],"wp:attachment":[{"href":"https:\/\/gundem59.com.tr\/index.php?rest_route=%2Fwp%2Fv2%2Fmedia&parent=2589"}],"wp:term":[{"taxonomy":"category","embeddable":true,"href":"https:\/\/gundem59.com.tr\/index.php?rest_route=%2Fwp%2Fv2%2Fcategories&post=2589"},{"taxonomy":"post_tag","embeddable":true,"href":"https:\/\/gundem59.com.tr\/index.php?rest_route=%2Fwp%2Fv2%2Ftags&post=2589"},{"taxonomy":"author","embeddable":true,"href":"https:\/\/gundem59.com.tr\/index.php?rest_route=%2Fwp%2Fv2%2Fppma_author&post=2589"}],"curies":[{"name":"wp","href":"https:\/\/api.w.org\/{rel}","templated":true}]}}