{"id":2549,"date":"2026-06-28T09:03:40","date_gmt":"2026-06-28T09:03:40","guid":{"rendered":"https:\/\/gundem59.com.tr\/?p=2549"},"modified":"2026-06-28T09:03:40","modified_gmt":"2026-06-28T09:03:40","slug":"tekirdagda-denize-giris-yasagi","status":"publish","type":"post","link":"https:\/\/gundem59.com.tr\/?p=2549","title":{"rendered":"Tekirda\u011f&#8217;da Denize Giri\u015f Yasa\u011f\u0131"},"content":{"rendered":"\n<p class=\"wp-block-paragraph\">Tekirda\u011f ve K\u0131rklareli&#8217;de olumsuz hava ko\u015fullar\u0131 nedeniyle denize girmek yasakland\u0131.<\/p>\n\n\n\n<p class=\"wp-block-paragraph\">TEK\u0130RDA\u011e&#8217;\u0131n Saray ile&nbsp;<a href=\"https:\/\/www.sondakika.com\/kirklareli\/\">K\u0131rklareli<\/a>&#8216;nin Vize il\u00e7elerinde, olumsuz hava ko\u015fullar\u0131 nedeniyle bug\u00fcn denize girmek yasakland\u0131.<\/p>\n\n\n\n<p class=\"wp-block-paragraph\">Karadeniz k\u0131y\u0131s\u0131ndaki&nbsp;<a href=\"https:\/\/www.sondakika.com\/tekirdag\/\">Tekirda\u011f<\/a>&#8216;\u0131n Saray ile K\u0131rklareli&#8217;nin Vize il\u00e7elerinde, olumsuz hava ve deniz \u015fartlar\u0131 nedeniyle bug\u00fcn denize girmek yasakland\u0131. Tekirda\u011f Valili\u011fi&#8217;nden yap\u0131lan a\u00e7\u0131klamada, &#8220;Olumsuz hava\/deniz \u015fartlar\u0131 sebebiyle suda bo\u011fulmalar\u0131n \u00f6nlenmesi maksad\u0131yla Saray il\u00e7emiz s\u0131n\u0131rlar\u0131 i\u00e7erisinde 28 Haziran 2026 Pazar g\u00fcn\u00fc 1 g\u00fcn s\u00fcreyle denize giri\u015fler yasaklanm\u0131\u015ft\u0131r&#8221; denildi.<\/p>\n\n\n\n<p class=\"wp-block-paragraph\">K\u0131rklareli&#8217;nin Vize Kaymakaml\u0131\u011f\u0131&#8217;ndan yap\u0131lan duyuruda ise &#8220;Sayg\u0131de\u011fer vatanda\u015flar\u0131m\u0131z, olumsuz hava\/deniz \u015fartlar\u0131 sebebiyle 28 Haziran 2026 Pazar g\u00fcn\u00fc Vize il\u00e7emizde bulunan t\u00fcm plajlarda denize girmek yasaklanm\u0131\u015ft\u0131r&#8221; ifadeleri kullan\u0131ld\u0131.<\/p>\n","protected":false},"excerpt":{"rendered":"<p>Tekirda\u011f ve K\u0131rklareli&#8217;de olumsuz hava ko\u015fullar\u0131 nedeniyle denize girmek yasakland\u0131. TEK\u0130RDA\u011e&#8217;\u0131n Saray ile&nbsp;K\u0131rklareli&#8216;nin Vize il\u00e7elerinde,&#8230;<\/p>\n","protected":false},"author":1,"featured_media":2550,"comment_status":"closed","ping_status":"closed","sticky":false,"template":"","format":"standard","meta":{"footnotes":""},"categories":[4],"tags":[],"ppma_author":[57],"class_list":["post-2549","post","type-post","status-publish","format-standard","has-post-thumbnail","hentry","category-saray"],"authors":[{"term_id":57,"user_id":1,"is_guest":0,"slug":"admin","display_name":"Alp Aslan","avatar_url":"https:\/\/secure.gravatar.com\/avatar\/07c18c5ad3350b025db8f3328450e071acb435c703e565899c880c63362f137a?s=96&d=mm&r=g","author_category":"1","first_name":"Alp Aslan","last_name":"ER\u0130N","user_url":"http:\/\/www.gundem59.com.tr","job_title":"","description":""}],"_links":{"self":[{"href":"https:\/\/gundem59.com.tr\/index.php?rest_route=\/wp\/v2\/posts\/2549","targetHints":{"allow":["GET"]}}],"collection":[{"href":"https:\/\/gundem59.com.tr\/index.php?rest_route=\/wp\/v2\/posts"}],"about":[{"href":"https:\/\/gundem59.com.tr\/index.php?rest_route=\/wp\/v2\/types\/post"}],"author":[{"embeddable":true,"href":"https:\/\/gundem59.com.tr\/index.php?rest_route=\/wp\/v2\/users\/1"}],"replies":[{"embeddable":true,"href":"https:\/\/gundem59.com.tr\/index.php?rest_route=%2Fwp%2Fv2%2Fcomments&post=2549"}],"version-history":[{"count":1,"href":"https:\/\/gundem59.com.tr\/index.php?rest_route=\/wp\/v2\/posts\/2549\/revisions"}],"predecessor-version":[{"id":2551,"href":"https:\/\/gundem59.com.tr\/index.php?rest_route=\/wp\/v2\/posts\/2549\/revisions\/2551"}],"wp:featuredmedia":[{"embeddable":true,"href":"https:\/\/gundem59.com.tr\/index.php?rest_route=\/wp\/v2\/media\/2550"}],"wp:attachment":[{"href":"https:\/\/gundem59.com.tr\/index.php?rest_route=%2Fwp%2Fv2%2Fmedia&parent=2549"}],"wp:term":[{"taxonomy":"category","embeddable":true,"href":"https:\/\/gundem59.com.tr\/index.php?rest_route=%2Fwp%2Fv2%2Fcategories&post=2549"},{"taxonomy":"post_tag","embeddable":true,"href":"https:\/\/gundem59.com.tr\/index.php?rest_route=%2Fwp%2Fv2%2Ftags&post=2549"},{"taxonomy":"author","embeddable":true,"href":"https:\/\/gundem59.com.tr\/index.php?rest_route=%2Fwp%2Fv2%2Fppma_author&post=2549"}],"curies":[{"name":"wp","href":"https:\/\/api.w.org\/{rel}","templated":true}]}}