{"id":2545,"date":"2026-06-28T09:00:56","date_gmt":"2026-06-28T09:00:56","guid":{"rendered":"https:\/\/gundem59.com.tr\/?p=2545"},"modified":"2026-06-28T09:00:57","modified_gmt":"2026-06-28T09:00:57","slug":"tekirdagda-yangin-100-dekar-bugday-alani-yandi","status":"publish","type":"post","link":"https:\/\/gundem59.com.tr\/?p=2545","title":{"rendered":"Tekirda\u011f&#8217;da yang\u0131n, 100 dekar bu\u011fday alan\u0131 yand\u0131"},"content":{"rendered":"\n<p class=\"wp-block-paragraph\">S\u00fcleymanpa\u015fa&#8217;da \u00e7\u0131kan yang\u0131nda 100 dekar bu\u011fday alan\u0131 zarar g\u00f6rd\u00fc, itfaiye ekipleri m\u00fcdahale etti.<\/p>\n\n\n\n<p class=\"wp-block-paragraph\"><a href=\"https:\/\/www.sondakika.com\/tekirdag\/\">Tekirda\u011f<\/a>&#8216;\u0131n&nbsp;<a href=\"https:\/\/www.sondakika.com\/suleymanpasa\/\">S\u00fcleymanpa\u015fa<\/a>&nbsp;il\u00e7esinde \u00e7\u0131kan yang\u0131nda 100 dekar bu\u011fday ekili alan yand\u0131.<\/p>\n\n\n\n<p class=\"wp-block-paragraph\">Ya\u011fc\u0131 Mahallesi&#8217;nde hasat edilmemi\u015f bu\u011fday tarlas\u0131nda yang\u0131n \u00e7\u0131kt\u0131.<\/p>\n\n\n\n<p class=\"wp-block-paragraph\">R\u00fczgar\u0131n etkisiyle b\u00fcy\u00fcyen yang\u0131n \u00e7evredeki tarlalara s\u0131\u00e7rad\u0131.<\/p>\n\n\n\n<p class=\"wp-block-paragraph\">Mahalle sakinlerinin durumu 112 Acil \u00c7a\u011fr\u0131 Merkezi&#8217;ne bildirmesi \u00fczerine b\u00f6lgeye itfaiye ekipleri sevk edildi.<\/p>\n\n\n\n<p class=\"wp-block-paragraph\">\u00c7ift\u00e7iler de trakt\u00f6rlerle tarlalar\u0131n etraf\u0131n\u0131 s\u00fcrerek yang\u0131n\u0131n b\u00fcy\u00fcmesini engellemeye \u00e7al\u0131\u015ft\u0131.<\/p>\n\n\n\n<p class=\"wp-block-paragraph\">Ekiplerin m\u00fcdahalesiyle s\u00f6nd\u00fcr\u00fclen yang\u0131nda, 100 dekar bu\u011fday ekili alan zarar g\u00f6rd\u00fc.<\/p>\n","protected":false},"excerpt":{"rendered":"<p>S\u00fcleymanpa\u015fa&#8217;da \u00e7\u0131kan yang\u0131nda 100 dekar bu\u011fday alan\u0131 zarar g\u00f6rd\u00fc, itfaiye ekipleri m\u00fcdahale etti. Tekirda\u011f&#8216;\u0131n&nbsp;S\u00fcleymanpa\u015fa&nbsp;il\u00e7esinde \u00e7\u0131kan&#8230;<\/p>\n","protected":false},"author":1,"featured_media":2546,"comment_status":"closed","ping_status":"closed","sticky":false,"template":"","format":"standard","meta":{"footnotes":""},"categories":[56],"tags":[],"ppma_author":[57],"class_list":["post-2545","post","type-post","status-publish","format-standard","has-post-thumbnail","hentry","category-guncel"],"authors":[{"term_id":57,"user_id":1,"is_guest":0,"slug":"admin","display_name":"Alp Aslan","avatar_url":"https:\/\/secure.gravatar.com\/avatar\/07c18c5ad3350b025db8f3328450e071acb435c703e565899c880c63362f137a?s=96&d=mm&r=g","author_category":"1","first_name":"Alp Aslan","last_name":"ER\u0130N","user_url":"http:\/\/www.gundem59.com.tr","job_title":"","description":""}],"_links":{"self":[{"href":"https:\/\/gundem59.com.tr\/index.php?rest_route=\/wp\/v2\/posts\/2545","targetHints":{"allow":["GET"]}}],"collection":[{"href":"https:\/\/gundem59.com.tr\/index.php?rest_route=\/wp\/v2\/posts"}],"about":[{"href":"https:\/\/gundem59.com.tr\/index.php?rest_route=\/wp\/v2\/types\/post"}],"author":[{"embeddable":true,"href":"https:\/\/gundem59.com.tr\/index.php?rest_route=\/wp\/v2\/users\/1"}],"replies":[{"embeddable":true,"href":"https:\/\/gundem59.com.tr\/index.php?rest_route=%2Fwp%2Fv2%2Fcomments&post=2545"}],"version-history":[{"count":1,"href":"https:\/\/gundem59.com.tr\/index.php?rest_route=\/wp\/v2\/posts\/2545\/revisions"}],"predecessor-version":[{"id":2547,"href":"https:\/\/gundem59.com.tr\/index.php?rest_route=\/wp\/v2\/posts\/2545\/revisions\/2547"}],"wp:featuredmedia":[{"embeddable":true,"href":"https:\/\/gundem59.com.tr\/index.php?rest_route=\/wp\/v2\/media\/2546"}],"wp:attachment":[{"href":"https:\/\/gundem59.com.tr\/index.php?rest_route=%2Fwp%2Fv2%2Fmedia&parent=2545"}],"wp:term":[{"taxonomy":"category","embeddable":true,"href":"https:\/\/gundem59.com.tr\/index.php?rest_route=%2Fwp%2Fv2%2Fcategories&post=2545"},{"taxonomy":"post_tag","embeddable":true,"href":"https:\/\/gundem59.com.tr\/index.php?rest_route=%2Fwp%2Fv2%2Ftags&post=2545"},{"taxonomy":"author","embeddable":true,"href":"https:\/\/gundem59.com.tr\/index.php?rest_route=%2Fwp%2Fv2%2Fppma_author&post=2545"}],"curies":[{"name":"wp","href":"https:\/\/api.w.org\/{rel}","templated":true}]}}