{"id":2542,"date":"2026-06-27T20:13:07","date_gmt":"2026-06-27T20:13:07","guid":{"rendered":"https:\/\/gundem59.com.tr\/?p=2542"},"modified":"2026-06-27T20:13:08","modified_gmt":"2026-06-27T20:13:08","slug":"kosgeb-heyeti-tekirdag-tsoyu-ziyaret-etti","status":"publish","type":"post","link":"https:\/\/gundem59.com.tr\/?p=2542","title":{"rendered":"KOSGEB Heyeti Tekirda\u011f TSO&#8217;yu Ziyaret Etti"},"content":{"rendered":"\n<p class=\"wp-block-paragraph\">KOSGEB Ba\u015fkan Yard\u0131mc\u0131s\u0131 Ercan, Tekirda\u011f TSO Ba\u015fkan\u0131 G\u00fcnay ile g\u00f6r\u00fc\u015ft\u00fc, i\u015f birli\u011fi konular\u0131 ele al\u0131nd\u0131<\/p>\n\n\n\n<p class=\"wp-block-paragraph\">KOSGEB Ba\u015fkan Yard\u0131mc\u0131s\u0131 Selim Serkan Ercan ve beraberindeki heyet,&nbsp;<a href=\"https:\/\/www.sondakika.com\/tekirdag\/\">Tekirda\u011f<\/a>&nbsp;Ticaret ve Sanayi Odas\u0131 (TSO) Ba\u015fkan\u0131 Cengiz G\u00fcnay&#8217;\u0131 ziyaret etti.<\/p>\n\n\n\n<p class=\"wp-block-paragraph\">Tekirda\u011f TSO&#8217;dan yap\u0131lan a\u00e7\u0131klamaya g\u00f6re, Ercan ve G\u00fcnay makamda bir s\u00fcre g\u00f6r\u00fc\u015ft\u00fc.<\/p>\n\n\n\n<p class=\"wp-block-paragraph\">Ziyarette KOSGEB Tekirda\u011f M\u00fcd\u00fcr\u00fc Ceyhan Bahad\u0131r Karata\u015f, Tekirda\u011f G\u0131da Kontrol Laboratuvar M\u00fcd\u00fcr\u00fc \u0130brahim Halil Bak\u0131r ile Tekirda\u011f Nam\u0131k Kemal \u00dcniversitesi Dekan Yard\u0131mc\u0131s\u0131 Ali \u0130lhan da yer ald\u0131.<\/p>\n\n\n\n<p class=\"wp-block-paragraph\">Ba\u015fkan G\u00fcnay, ziyaretten duydu\u011fu memnuniyeti dile getirerek konuklar\u0131na te\u015fekk\u00fcr etti.<\/p>\n\n\n\n<p class=\"wp-block-paragraph\">S\u00fcleymanpa\u015fa Kaymakam\u0131 Tun\u00e7er, TREPA\u015e y\u00f6neticilerini kabul etti<\/p>\n\n\n\n<p class=\"wp-block-paragraph\">S\u00fcleymanpa\u015fa Kaymakam\u0131 Mahmut Nedim Tun\u00e7er, Trakya Elektrik Perakende Sat\u0131\u015f A\u015e (TREPA\u015e) Genel M\u00fcd\u00fcr\u00fc Burak Sava\u015f ve beraberindeki heyeti makam\u0131nda kabul etti.<\/p>\n\n\n\n<p class=\"wp-block-paragraph\">Kaymakaml\u0131ktan yap\u0131lan a\u00e7\u0131klamaya g\u00f6re, ziyarete TREPA\u015e m\u00fcd\u00fcrleri Murat T\u00fcrk, K\u0131van\u00e7 Akg\u00fcn ve G\u00fcrcan G\u00f6nen\u00e7 de kat\u0131ld\u0131.<\/p>\n\n\n\n<p class=\"wp-block-paragraph\">G\u00f6r\u00fc\u015fmede, kurumlar aras\u0131ndaki i\u015f birli\u011fi ve \u00e7e\u015fitli konularda de\u011ferlendirmelerde bulunuldu.<\/p>\n\n\n\n<p class=\"wp-block-paragraph\">Kaymakam Tun\u00e7er, ziyaret i\u00e7in konuklar\u0131na te\u015fekk\u00fcr etti.<\/p>\n\n\n\n<p class=\"wp-block-paragraph\">Kaymakam G\u00fcrdal, \u00f6\u011frencilerin &#8220;Zaman T\u00fcneli&#8221; koro dinletisini izledi<\/p>\n\n\n\n<p class=\"wp-block-paragraph\">Kapakl\u0131 Kaymakam\u0131 Mustafa G\u00fcrdal, Nazmiye Seyfettin Ko\u00e7ak Ortaokulu \u00f6\u011frencilerince haz\u0131rlanan &#8220;Zaman T\u00fcneli&#8221; adl\u0131 koro dinletisine kat\u0131ld\u0131.<\/p>\n\n\n\n<p class=\"wp-block-paragraph\">Kaymakaml\u0131ktan yap\u0131lan a\u00e7\u0131klamaya g\u00f6re, \u00f6\u011frencilerin yakla\u015f\u0131k iki saat s\u00fcren programda ge\u00e7mi\u015ften g\u00fcn\u00fcm\u00fcze haf\u0131zalarda yer edinen 22 eseri seslendirdi\u011fi dinleti, izleyicilerden ilgi g\u00f6rd\u00fc.<\/p>\n\n\n\n<p class=\"wp-block-paragraph\">Programa Kaymakam Mustafa G\u00fcrdal ve e\u015fi Arzu G\u00fcrdal&#8217;\u0131n yan\u0131 s\u0131ra Belediye Ba\u015fkan Yard\u0131mc\u0131s\u0131 \u00c7a\u011flar B\u00fct\u00fcn, \u0130l\u00e7e Milli E\u011fitim M\u00fcd\u00fcr\u00fc Halil Vard\u0131 ve vatanda\u015flar kat\u0131ld\u0131.<\/p>\n","protected":false},"excerpt":{"rendered":"<p>KOSGEB Ba\u015fkan Yard\u0131mc\u0131s\u0131 Ercan, Tekirda\u011f TSO Ba\u015fkan\u0131 G\u00fcnay ile g\u00f6r\u00fc\u015ft\u00fc, i\u015f birli\u011fi konular\u0131 ele al\u0131nd\u0131&#8230;<\/p>\n","protected":false},"author":1,"featured_media":2543,"comment_status":"closed","ping_status":"closed","sticky":false,"template":"","format":"standard","meta":{"footnotes":""},"categories":[56],"tags":[],"ppma_author":[57],"class_list":["post-2542","post","type-post","status-publish","format-standard","has-post-thumbnail","hentry","category-guncel"],"authors":[{"term_id":57,"user_id":1,"is_guest":0,"slug":"admin","display_name":"Alp Aslan","avatar_url":"https:\/\/secure.gravatar.com\/avatar\/07c18c5ad3350b025db8f3328450e071acb435c703e565899c880c63362f137a?s=96&d=mm&r=g","author_category":"1","first_name":"Alp Aslan","last_name":"ER\u0130N","user_url":"http:\/\/www.gundem59.com.tr","job_title":"","description":""}],"_links":{"self":[{"href":"https:\/\/gundem59.com.tr\/index.php?rest_route=\/wp\/v2\/posts\/2542","targetHints":{"allow":["GET"]}}],"collection":[{"href":"https:\/\/gundem59.com.tr\/index.php?rest_route=\/wp\/v2\/posts"}],"about":[{"href":"https:\/\/gundem59.com.tr\/index.php?rest_route=\/wp\/v2\/types\/post"}],"author":[{"embeddable":true,"href":"https:\/\/gundem59.com.tr\/index.php?rest_route=\/wp\/v2\/users\/1"}],"replies":[{"embeddable":true,"href":"https:\/\/gundem59.com.tr\/index.php?rest_route=%2Fwp%2Fv2%2Fcomments&post=2542"}],"version-history":[{"count":1,"href":"https:\/\/gundem59.com.tr\/index.php?rest_route=\/wp\/v2\/posts\/2542\/revisions"}],"predecessor-version":[{"id":2544,"href":"https:\/\/gundem59.com.tr\/index.php?rest_route=\/wp\/v2\/posts\/2542\/revisions\/2544"}],"wp:featuredmedia":[{"embeddable":true,"href":"https:\/\/gundem59.com.tr\/index.php?rest_route=\/wp\/v2\/media\/2543"}],"wp:attachment":[{"href":"https:\/\/gundem59.com.tr\/index.php?rest_route=%2Fwp%2Fv2%2Fmedia&parent=2542"}],"wp:term":[{"taxonomy":"category","embeddable":true,"href":"https:\/\/gundem59.com.tr\/index.php?rest_route=%2Fwp%2Fv2%2Fcategories&post=2542"},{"taxonomy":"post_tag","embeddable":true,"href":"https:\/\/gundem59.com.tr\/index.php?rest_route=%2Fwp%2Fv2%2Ftags&post=2542"},{"taxonomy":"author","embeddable":true,"href":"https:\/\/gundem59.com.tr\/index.php?rest_route=%2Fwp%2Fv2%2Fppma_author&post=2542"}],"curies":[{"name":"wp","href":"https:\/\/api.w.org\/{rel}","templated":true}]}}