{"id":2539,"date":"2026-06-27T20:05:06","date_gmt":"2026-06-27T20:05:06","guid":{"rendered":"https:\/\/gundem59.com.tr\/?p=2539"},"modified":"2026-06-27T20:05:07","modified_gmt":"2026-06-27T20:05:07","slug":"tekirdagda-kaza-1i-agir-2-yarali","status":"publish","type":"post","link":"https:\/\/gundem59.com.tr\/?p=2539","title":{"rendered":"Tekirda\u011f&#8217;da Kaza: 1&#8217;i A\u011f\u0131r 2 Yaral\u0131"},"content":{"rendered":"\n<p class=\"wp-block-paragraph\">Tekirda\u011f&#8217;da iki ara\u00e7 kafa kafaya \u00e7arp\u0131\u015ft\u0131, 1&#8217;i a\u011f\u0131r 2 ki\u015fi yaraland\u0131. Jandarma inceleme ba\u015flatt\u0131.<\/p>\n\n\n\n<p class=\"wp-block-paragraph\"><a href=\"https:\/\/www.sondakika.com\/tekirdag\/\">Tekirda\u011f<\/a>&#8216;da sollamaya \u00e7\u0131kt\u0131\u011f\u0131 iddia edilen otomobil kar\u015f\u0131 y\u00f6nden gelen hafif ticari ara\u00e7la kafa kafaya \u00e7arp\u0131\u015ft\u0131.&nbsp;<a href=\"https:\/\/www.sondakika.com\/kaza\/\">Kaza<\/a>&nbsp;sonras\u0131 1&#8217;i a\u011f\u0131r iki ki\u015fi yaraland\u0131.<\/p>\n\n\n\n<p class=\"wp-block-paragraph\">Kaza, \u00c7orlu il\u00e7esi Mimar Sinan Caddesi Sar\u0131lar Mahallesi giri\u015finde meydana geldi. Sar\u0131lar y\u00f6n\u00fcne seyreden Batu S. idaresindeki otomobil, iddiaya g\u00f6re, sollamaya \u00e7\u0131kt\u0131\u011f\u0131 s\u0131rada kar\u015f\u0131 y\u00f6nden gelen Hac\u0131 Ali S. y\u00f6netimindeki hafif ticari ara\u00e7 ile kafa kafaya \u00e7arp\u0131\u015ft\u0131.<\/p>\n\n\n\n<p class=\"wp-block-paragraph\">Kaza sonras\u0131 hurdaya d\u00f6nen ara\u00e7larda s\u0131k\u0131\u015fan s\u00fcr\u00fcc\u00fcler yaraland\u0131. \u0130hbar \u00fczerine olay yerine gelen itfaiye ve sa\u011fl\u0131k ekipleri yaral\u0131lara m\u00fcdahale etti. Ara\u00e7lardan \u00e7\u0131kar\u0131lan yaral\u0131lar, sa\u011fl\u0131k ekiplerinin ilk m\u00fcdahalesinin ard\u0131ndan ambulanslarla hastaneye kald\u0131r\u0131ld\u0131. Otomobil s\u00fcr\u00fcc\u00fcs\u00fc Batu S.&#8217;nin durumunun a\u011f\u0131r oldu\u011fu \u00f6\u011frenildi.<\/p>\n\n\n\n<p class=\"wp-block-paragraph\">Kazayla ilgili jandarma taraf\u0131ndan inceleme ba\u015flat\u0131ld\u0131.<\/p>\n","protected":false},"excerpt":{"rendered":"<p>Tekirda\u011f&#8217;da iki ara\u00e7 kafa kafaya \u00e7arp\u0131\u015ft\u0131, 1&#8217;i a\u011f\u0131r 2 ki\u015fi yaraland\u0131. Jandarma inceleme ba\u015flatt\u0131. Tekirda\u011f&#8216;da&#8230;<\/p>\n","protected":false},"author":1,"featured_media":2540,"comment_status":"closed","ping_status":"closed","sticky":false,"template":"","format":"standard","meta":{"footnotes":""},"categories":[5],"tags":[],"ppma_author":[57],"class_list":["post-2539","post","type-post","status-publish","format-standard","has-post-thumbnail","hentry","category-corlu"],"authors":[{"term_id":57,"user_id":1,"is_guest":0,"slug":"admin","display_name":"Alp Aslan","avatar_url":"https:\/\/secure.gravatar.com\/avatar\/07c18c5ad3350b025db8f3328450e071acb435c703e565899c880c63362f137a?s=96&d=mm&r=g","author_category":"1","first_name":"Alp Aslan","last_name":"ER\u0130N","user_url":"http:\/\/www.gundem59.com.tr","job_title":"","description":""}],"_links":{"self":[{"href":"https:\/\/gundem59.com.tr\/index.php?rest_route=\/wp\/v2\/posts\/2539","targetHints":{"allow":["GET"]}}],"collection":[{"href":"https:\/\/gundem59.com.tr\/index.php?rest_route=\/wp\/v2\/posts"}],"about":[{"href":"https:\/\/gundem59.com.tr\/index.php?rest_route=\/wp\/v2\/types\/post"}],"author":[{"embeddable":true,"href":"https:\/\/gundem59.com.tr\/index.php?rest_route=\/wp\/v2\/users\/1"}],"replies":[{"embeddable":true,"href":"https:\/\/gundem59.com.tr\/index.php?rest_route=%2Fwp%2Fv2%2Fcomments&post=2539"}],"version-history":[{"count":1,"href":"https:\/\/gundem59.com.tr\/index.php?rest_route=\/wp\/v2\/posts\/2539\/revisions"}],"predecessor-version":[{"id":2541,"href":"https:\/\/gundem59.com.tr\/index.php?rest_route=\/wp\/v2\/posts\/2539\/revisions\/2541"}],"wp:featuredmedia":[{"embeddable":true,"href":"https:\/\/gundem59.com.tr\/index.php?rest_route=\/wp\/v2\/media\/2540"}],"wp:attachment":[{"href":"https:\/\/gundem59.com.tr\/index.php?rest_route=%2Fwp%2Fv2%2Fmedia&parent=2539"}],"wp:term":[{"taxonomy":"category","embeddable":true,"href":"https:\/\/gundem59.com.tr\/index.php?rest_route=%2Fwp%2Fv2%2Fcategories&post=2539"},{"taxonomy":"post_tag","embeddable":true,"href":"https:\/\/gundem59.com.tr\/index.php?rest_route=%2Fwp%2Fv2%2Ftags&post=2539"},{"taxonomy":"author","embeddable":true,"href":"https:\/\/gundem59.com.tr\/index.php?rest_route=%2Fwp%2Fv2%2Fppma_author&post=2539"}],"curies":[{"name":"wp","href":"https:\/\/api.w.org\/{rel}","templated":true}]}}