{"id":2536,"date":"2026-06-27T20:01:22","date_gmt":"2026-06-27T20:01:22","guid":{"rendered":"https:\/\/gundem59.com.tr\/?p=2536"},"modified":"2026-06-27T20:01:22","modified_gmt":"2026-06-27T20:01:22","slug":"marmaraereglide-tarla-yangini-kontrol-altina-alindi","status":"publish","type":"post","link":"https:\/\/gundem59.com.tr\/?p=2536","title":{"rendered":"Marmaraere\u011fli&#8217;de Tarla Yang\u0131n\u0131 Kontrol Alt\u0131na Al\u0131nd\u0131"},"content":{"rendered":"\n<p class=\"wp-block-paragraph\">Tekirda\u011f&#8217;\u0131n Marmaraere\u011flisi&#8217;nde tarlada \u00e7\u0131kan yang\u0131n, itfaiye ve \u00e7ift\u00e7ilerin m\u00fcdahalesiyle s\u00f6nd\u00fcr\u00fcld\u00fc.<\/p>\n\n\n\n<p class=\"wp-block-paragraph\"><a href=\"https:\/\/www.sondakika.com\/tekirdag\/\">Tekirda\u011f<\/a>&#8216;\u0131n&nbsp;<a href=\"https:\/\/www.sondakika.com\/marmaraereglisi\/\">Marmaraere\u011flisi<\/a>&nbsp;il\u00e7esinde tarlada \u00e7\u0131kan yang\u0131n s\u00f6nd\u00fcr\u00fcld\u00fc.<\/p>\n\n\n\n<p class=\"wp-block-paragraph\">Yeni\u00e7iftlik Mahallesi&#8217;ndeki bu\u011fday ekili tarlada hen\u00fcz belirlenemeyen bir nedenle yang\u0131n \u00e7\u0131kt\u0131.<\/p>\n\n\n\n<p class=\"wp-block-paragraph\">R\u00fczgar\u0131n etkisiyle k\u0131sa s\u00fcrede b\u00fcy\u00fcyen alevler, \u00e7evredeki tarlalara s\u0131\u00e7rad\u0131.<\/p>\n\n\n\n<p class=\"wp-block-paragraph\">\u0130hbar \u00fczerine b\u00f6lgeye itfaiye ve jandarma ekipleri sevk edildi.<\/p>\n\n\n\n<p class=\"wp-block-paragraph\">\u0130l Emniyet M\u00fcd\u00fcrl\u00fc\u011f\u00fcne ait Toplumsal Olaylara M\u00fcdahale Arac\u0131 (TOMA) da yang\u0131na m\u00fcdahale etti.<\/p>\n\n\n\n<p class=\"wp-block-paragraph\">Yang\u0131n s\u00f6nd\u00fcrme \u00e7al\u0131\u015fmalar\u0131na \u00e7ift\u00e7iler trakt\u00f6rlerle, Marmaraere\u011flisi Belediye ekipleri de i\u015f makineleriyle kat\u0131ld\u0131.<\/p>\n\n\n\n<p class=\"wp-block-paragraph\">Ekiplerin \u00e7al\u0131\u015fmas\u0131 sonucu yang\u0131n s\u00f6nd\u00fcr\u00fcld\u00fc.<\/p>\n\n\n\n<p class=\"wp-block-paragraph\">Yang\u0131nda, 500 d\u00f6n\u00fcm bi\u00e7ilmemi\u015f bu\u011fday ve hasat edilmemi\u015f 250 d\u00f6n\u00fcm kanola ile tar\u0131m arazisinde bulunan 20 konteyner ev zarar g\u00f6rd\u00fc.<\/p>\n","protected":false},"excerpt":{"rendered":"<p>Tekirda\u011f&#8217;\u0131n Marmaraere\u011flisi&#8217;nde tarlada \u00e7\u0131kan yang\u0131n, itfaiye ve \u00e7ift\u00e7ilerin m\u00fcdahalesiyle s\u00f6nd\u00fcr\u00fcld\u00fc. Tekirda\u011f&#8216;\u0131n&nbsp;Marmaraere\u011flisi&nbsp;il\u00e7esinde tarlada \u00e7\u0131kan yang\u0131n s\u00f6nd\u00fcr\u00fcld\u00fc&#8230;.<\/p>\n","protected":false},"author":1,"featured_media":2537,"comment_status":"closed","ping_status":"closed","sticky":false,"template":"","format":"standard","meta":{"footnotes":""},"categories":[8],"tags":[],"ppma_author":[57],"class_list":["post-2536","post","type-post","status-publish","format-standard","has-post-thumbnail","hentry","category-marmara-eregilisi"],"authors":[{"term_id":57,"user_id":1,"is_guest":0,"slug":"admin","display_name":"Alp Aslan","avatar_url":"https:\/\/secure.gravatar.com\/avatar\/07c18c5ad3350b025db8f3328450e071acb435c703e565899c880c63362f137a?s=96&d=mm&r=g","author_category":"1","first_name":"Alp Aslan","last_name":"ER\u0130N","user_url":"http:\/\/www.gundem59.com.tr","job_title":"","description":""}],"_links":{"self":[{"href":"https:\/\/gundem59.com.tr\/index.php?rest_route=\/wp\/v2\/posts\/2536","targetHints":{"allow":["GET"]}}],"collection":[{"href":"https:\/\/gundem59.com.tr\/index.php?rest_route=\/wp\/v2\/posts"}],"about":[{"href":"https:\/\/gundem59.com.tr\/index.php?rest_route=\/wp\/v2\/types\/post"}],"author":[{"embeddable":true,"href":"https:\/\/gundem59.com.tr\/index.php?rest_route=\/wp\/v2\/users\/1"}],"replies":[{"embeddable":true,"href":"https:\/\/gundem59.com.tr\/index.php?rest_route=%2Fwp%2Fv2%2Fcomments&post=2536"}],"version-history":[{"count":1,"href":"https:\/\/gundem59.com.tr\/index.php?rest_route=\/wp\/v2\/posts\/2536\/revisions"}],"predecessor-version":[{"id":2538,"href":"https:\/\/gundem59.com.tr\/index.php?rest_route=\/wp\/v2\/posts\/2536\/revisions\/2538"}],"wp:featuredmedia":[{"embeddable":true,"href":"https:\/\/gundem59.com.tr\/index.php?rest_route=\/wp\/v2\/media\/2537"}],"wp:attachment":[{"href":"https:\/\/gundem59.com.tr\/index.php?rest_route=%2Fwp%2Fv2%2Fmedia&parent=2536"}],"wp:term":[{"taxonomy":"category","embeddable":true,"href":"https:\/\/gundem59.com.tr\/index.php?rest_route=%2Fwp%2Fv2%2Fcategories&post=2536"},{"taxonomy":"post_tag","embeddable":true,"href":"https:\/\/gundem59.com.tr\/index.php?rest_route=%2Fwp%2Fv2%2Ftags&post=2536"},{"taxonomy":"author","embeddable":true,"href":"https:\/\/gundem59.com.tr\/index.php?rest_route=%2Fwp%2Fv2%2Fppma_author&post=2536"}],"curies":[{"name":"wp","href":"https:\/\/api.w.org\/{rel}","templated":true}]}}