{"id":2533,"date":"2026-06-27T19:58:56","date_gmt":"2026-06-27T19:58:56","guid":{"rendered":"https:\/\/gundem59.com.tr\/?p=2533"},"modified":"2026-06-27T19:58:57","modified_gmt":"2026-06-27T19:58:57","slug":"tekirdagda-tarim-arazisinde-baslayan-yangin-alevler-4-farkli-noktaya-sicradi","status":"publish","type":"post","link":"https:\/\/gundem59.com.tr\/?p=2533","title":{"rendered":"Tekirda\u011f&#8217;da tar\u0131m arazisinde ba\u015flayan yang\u0131n: Alevler 4 farkl\u0131 noktaya s\u0131\u00e7rad\u0131"},"content":{"rendered":"\n<p class=\"wp-block-paragraph\">Tekirda\u011f&#8217;\u0131n Marmaraere\u011flisi il\u00e7esinde tar\u0131m arazilerinde \u00e7\u0131kan yang\u0131n, r\u00fczgar\u0131n etkisiyle d\u00f6rt farkl\u0131 noktaya s\u0131\u00e7rad\u0131. Yerle\u015fim alanlar\u0131na yakla\u015fan alevler pani\u011fe yol a\u00e7arken, itfaiye, AFAD, jandarma ve TOMA ara\u00e7lar\u0131yla s\u00f6nd\u00fcrme \u00e7al\u0131\u015fmalar\u0131 s\u00fcr\u00fcyor.<\/p>\n\n\n\n<p class=\"wp-block-paragraph\"><a href=\"https:\/\/www.sondakika.com\/tekirdag\/\">Tekirda\u011f<\/a>&#8216;\u0131n&nbsp;<a href=\"https:\/\/www.sondakika.com\/marmaraereglisi\/\">Marmaraere\u011flisi<\/a>&nbsp;il\u00e7esinde tar\u0131m arazilerinde \u00e7\u0131kan yang\u0131n, kuvvetli r\u00fczgar\u0131n etkisiyle k\u0131sa s\u00fcrede b\u00fcy\u00fcyerek d\u00f6rt farkl\u0131 noktaya s\u0131\u00e7rad\u0131. Yerle\u015fim alanlar\u0131 ve tatil sitesine kadar yakla\u015fan alevler b\u00f6lgede pani\u011fe neden olurken, yang\u0131n\u0131 kontrol alt\u0131na almak i\u00e7in \u00e7ok say\u0131da ekip seferber edildi.<\/p>\n\n\n\n<p class=\"wp-block-paragraph\">\u0130lk olarak Tekirda\u011f-\u0130stanbul kara yolu \u00fczerindeki tar\u0131m arazisinde ba\u015flayan yang\u0131n, ayn\u0131 saatlerde Marmaraere\u011flisi il\u00e7esi s\u0131n\u0131rlar\u0131 i\u00e7erisindeki ba\u015fka bir tar\u0131m arazisinde \u00e7\u0131kan yang\u0131nla birlikte geni\u015f bir alana yay\u0131ld\u0131. \u015eiddetli r\u00fczgar nedeniyle alevler k\u0131sa s\u00fcrede d\u00f6rt farkl\u0131 noktada etkili olurken, ekili alanlar ile b\u00f6lgede bulunan \u00e7ok say\u0131da konteyner alevlere teslim oldu.<\/p>\n\n\n\n<p class=\"wp-block-paragraph\">Yang\u0131n\u0131n yerle\u015fim alanlar\u0131na yakla\u015fmas\u0131 \u00fczerine b\u00f6lgeye Tekirda\u011f B\u00fcy\u00fck\u015fehir Belediyesi&nbsp;<a href=\"https:\/\/www.sondakika.com\/itfaiye\/\">\u0130tfaiye<\/a>&nbsp;Daire Ba\u015fkanl\u0131\u011f\u0131&#8217;na ba\u011fl\u0131 \u00e7ok say\u0131da itfaiye ekibi, Orman \u0130\u015fletme M\u00fcd\u00fcrl\u00fc\u011f\u00fc&#8217;ne ait araz\u00f6zler, \u00e7evre il\u00e7e belediyelerinden su tankerleri,&nbsp;<a href=\"https:\/\/www.sondakika.com\/afad\/\">AFAD<\/a>, jandarma, polis ve sa\u011fl\u0131k ekipleri sevk edildi. Ayr\u0131ca, \u00c7evik Kuvvet \u015eube M\u00fcd\u00fcrl\u00fc\u011f\u00fc&#8217;ne ba\u011fl\u0131 TOMA ara\u00e7lar\u0131 da s\u00f6nd\u00fcrme \u00e7al\u0131\u015fmalar\u0131na destek vererek alevlere suyla m\u00fcdahalede bulundu. \u00c7ok say\u0131da kurumun koordineli \u015fekilde y\u00fcr\u00fctt\u00fc\u011f\u00fc \u00e7al\u0131\u015fmalarda ekipler, yang\u0131n\u0131n yerle\u015fim alanlar\u0131na s\u0131\u00e7ramamas\u0131 i\u00e7in yo\u011fun \u00e7aba harc\u0131yor.<\/p>\n\n\n\n<p class=\"wp-block-paragraph\">\u0130\u015f makineleriyle yang\u0131n\u0131n ilerleyi\u015fini durdurmak amac\u0131yla yang\u0131n \u015feritleri a\u00e7\u0131l\u0131rken, ekipler hem karadan hem de su takviyesiyle alevleri kontrol alt\u0131na almaya \u00e7al\u0131\u015f\u0131yor. Yo\u011fun duman nedeniyle Tekirda\u011f-\u0130stanbul kara yolunda g\u00f6r\u00fc\u015f mesafesi zaman zaman d\u00fc\u015ferken, trafik ekipleri s\u00fcr\u00fcc\u00fcleri dikkatli olmalar\u0131 konusunda uyard\u0131.<\/p>\n\n\n\n<p class=\"wp-block-paragraph\">Yang\u0131n\u0131n \u00e7\u0131k\u0131\u015f nedeni hen\u00fcz belirlenemezken, ekiplerin s\u00f6nd\u00fcrme \u00e7al\u0131\u015fmalar\u0131 aral\u0131ks\u0131z devam ediyor.<\/p>\n","protected":false},"excerpt":{"rendered":"<p>Tekirda\u011f&#8217;\u0131n Marmaraere\u011flisi il\u00e7esinde tar\u0131m arazilerinde \u00e7\u0131kan yang\u0131n, r\u00fczgar\u0131n etkisiyle d\u00f6rt farkl\u0131 noktaya s\u0131\u00e7rad\u0131. Yerle\u015fim alanlar\u0131na&#8230;<\/p>\n","protected":false},"author":1,"featured_media":2534,"comment_status":"closed","ping_status":"closed","sticky":false,"template":"","format":"standard","meta":{"footnotes":""},"categories":[8],"tags":[],"ppma_author":[57],"class_list":["post-2533","post","type-post","status-publish","format-standard","has-post-thumbnail","hentry","category-marmara-eregilisi"],"authors":[{"term_id":57,"user_id":1,"is_guest":0,"slug":"admin","display_name":"Alp Aslan","avatar_url":"https:\/\/secure.gravatar.com\/avatar\/07c18c5ad3350b025db8f3328450e071acb435c703e565899c880c63362f137a?s=96&d=mm&r=g","author_category":"1","first_name":"Alp Aslan","last_name":"ER\u0130N","user_url":"http:\/\/www.gundem59.com.tr","job_title":"","description":""}],"_links":{"self":[{"href":"https:\/\/gundem59.com.tr\/index.php?rest_route=\/wp\/v2\/posts\/2533","targetHints":{"allow":["GET"]}}],"collection":[{"href":"https:\/\/gundem59.com.tr\/index.php?rest_route=\/wp\/v2\/posts"}],"about":[{"href":"https:\/\/gundem59.com.tr\/index.php?rest_route=\/wp\/v2\/types\/post"}],"author":[{"embeddable":true,"href":"https:\/\/gundem59.com.tr\/index.php?rest_route=\/wp\/v2\/users\/1"}],"replies":[{"embeddable":true,"href":"https:\/\/gundem59.com.tr\/index.php?rest_route=%2Fwp%2Fv2%2Fcomments&post=2533"}],"version-history":[{"count":1,"href":"https:\/\/gundem59.com.tr\/index.php?rest_route=\/wp\/v2\/posts\/2533\/revisions"}],"predecessor-version":[{"id":2535,"href":"https:\/\/gundem59.com.tr\/index.php?rest_route=\/wp\/v2\/posts\/2533\/revisions\/2535"}],"wp:featuredmedia":[{"embeddable":true,"href":"https:\/\/gundem59.com.tr\/index.php?rest_route=\/wp\/v2\/media\/2534"}],"wp:attachment":[{"href":"https:\/\/gundem59.com.tr\/index.php?rest_route=%2Fwp%2Fv2%2Fmedia&parent=2533"}],"wp:term":[{"taxonomy":"category","embeddable":true,"href":"https:\/\/gundem59.com.tr\/index.php?rest_route=%2Fwp%2Fv2%2Fcategories&post=2533"},{"taxonomy":"post_tag","embeddable":true,"href":"https:\/\/gundem59.com.tr\/index.php?rest_route=%2Fwp%2Fv2%2Ftags&post=2533"},{"taxonomy":"author","embeddable":true,"href":"https:\/\/gundem59.com.tr\/index.php?rest_route=%2Fwp%2Fv2%2Fppma_author&post=2533"}],"curies":[{"name":"wp","href":"https:\/\/api.w.org\/{rel}","templated":true}]}}