{"id":2530,"date":"2026-06-27T19:56:00","date_gmt":"2026-06-27T19:56:00","guid":{"rendered":"https:\/\/gundem59.com.tr\/?p=2530"},"modified":"2026-06-27T19:56:00","modified_gmt":"2026-06-27T19:56:00","slug":"kapaklida-otluk-alanda-yangin","status":"publish","type":"post","link":"https:\/\/gundem59.com.tr\/?p=2530","title":{"rendered":"Kapakl\u0131&#8217;da Otluk Alanda Yang\u0131n"},"content":{"rendered":"\n<p class=\"wp-block-paragraph\">Tekirda\u011f&#8217;\u0131n Kapakl\u0131 il\u00e7esinde otluk alanda \u00e7\u0131kan yang\u0131n, itfaiye ve vatanda\u015flarca s\u00f6nd\u00fcr\u00fcld\u00fc.<\/p>\n\n\n\n<p class=\"wp-block-paragraph\"><a href=\"https:\/\/www.sondakika.com\/tekirdag\/\">Tekirda\u011f<\/a>&#8216;\u0131n&nbsp;<a href=\"https:\/\/www.sondakika.com\/kapakli\/\">Kapakl\u0131<\/a>&nbsp;il\u00e7esinde bulunan otluk alanda \u00e7\u0131kan yang\u0131n vatanda\u015flar ve itfaiye ekipleri taraf\u0131ndan s\u00f6nd\u00fcr\u00fcld\u00fc.<\/p>\n\n\n\n<p class=\"wp-block-paragraph\">Ya\u015fanan yang\u0131n, Kapakl\u0131 il\u00e7esi Vatan Mahallesi \u015eahin Sokak&#8217;ta meydana geldi. Edinilen bilgilere g\u00f6re, sokak \u00fczerinde bulunan otluk alandaki at\u0131klardan duman \u00e7\u0131kmaya ba\u015flad\u0131.<\/p>\n\n\n\n<p class=\"wp-block-paragraph\">Durumu fark eden bir vatanda\u015f aya\u011f\u0131yla otlar\u0131 ezerek y\u00fckselen dumanlar\u0131 s\u00f6nd\u00fcrd\u00fc. K\u0131sa s\u00fcre sonra otluk alanda yeniden duman t\u00fctmeye ba\u015flad\u0131. Bu sefer fark edilemeyen dumanlar\u0131n b\u00fcy\u00fcmesi \u00fczerine yang\u0131n \u00e7\u0131kt\u0131.<\/p>\n\n\n\n<p class=\"wp-block-paragraph\">Yang\u0131n\u0131 g\u00f6ren vatanda\u015flar durumu itfaiye ekiplerine bildirdi.&nbsp;<a href=\"https:\/\/www.sondakika.com\/itfaiye\/\">\u0130tfaiye<\/a>&nbsp;ekipleri gelene kadar vatanda\u015flar hortumla yang\u0131na m\u00fcdahale etti. Ekipler geldikten sonra ise yang\u0131n kontrol alt\u0131na al\u0131narak s\u00f6nd\u00fcr\u00fcld\u00fc.&nbsp;<\/p>\n","protected":false},"excerpt":{"rendered":"<p>Tekirda\u011f&#8217;\u0131n Kapakl\u0131 il\u00e7esinde otluk alanda \u00e7\u0131kan yang\u0131n, itfaiye ve vatanda\u015flarca s\u00f6nd\u00fcr\u00fcld\u00fc. Tekirda\u011f&#8216;\u0131n&nbsp;Kapakl\u0131&nbsp;il\u00e7esinde bulunan otluk alanda&#8230;<\/p>\n","protected":false},"author":1,"featured_media":2531,"comment_status":"closed","ping_status":"closed","sticky":false,"template":"","format":"standard","meta":{"footnotes":""},"categories":[7],"tags":[],"ppma_author":[57],"class_list":["post-2530","post","type-post","status-publish","format-standard","has-post-thumbnail","hentry","category-kapakli"],"authors":[{"term_id":57,"user_id":1,"is_guest":0,"slug":"admin","display_name":"Alp Aslan","avatar_url":"https:\/\/secure.gravatar.com\/avatar\/07c18c5ad3350b025db8f3328450e071acb435c703e565899c880c63362f137a?s=96&d=mm&r=g","author_category":"1","first_name":"Alp Aslan","last_name":"ER\u0130N","user_url":"http:\/\/www.gundem59.com.tr","job_title":"","description":""}],"_links":{"self":[{"href":"https:\/\/gundem59.com.tr\/index.php?rest_route=\/wp\/v2\/posts\/2530","targetHints":{"allow":["GET"]}}],"collection":[{"href":"https:\/\/gundem59.com.tr\/index.php?rest_route=\/wp\/v2\/posts"}],"about":[{"href":"https:\/\/gundem59.com.tr\/index.php?rest_route=\/wp\/v2\/types\/post"}],"author":[{"embeddable":true,"href":"https:\/\/gundem59.com.tr\/index.php?rest_route=\/wp\/v2\/users\/1"}],"replies":[{"embeddable":true,"href":"https:\/\/gundem59.com.tr\/index.php?rest_route=%2Fwp%2Fv2%2Fcomments&post=2530"}],"version-history":[{"count":1,"href":"https:\/\/gundem59.com.tr\/index.php?rest_route=\/wp\/v2\/posts\/2530\/revisions"}],"predecessor-version":[{"id":2532,"href":"https:\/\/gundem59.com.tr\/index.php?rest_route=\/wp\/v2\/posts\/2530\/revisions\/2532"}],"wp:featuredmedia":[{"embeddable":true,"href":"https:\/\/gundem59.com.tr\/index.php?rest_route=\/wp\/v2\/media\/2531"}],"wp:attachment":[{"href":"https:\/\/gundem59.com.tr\/index.php?rest_route=%2Fwp%2Fv2%2Fmedia&parent=2530"}],"wp:term":[{"taxonomy":"category","embeddable":true,"href":"https:\/\/gundem59.com.tr\/index.php?rest_route=%2Fwp%2Fv2%2Fcategories&post=2530"},{"taxonomy":"post_tag","embeddable":true,"href":"https:\/\/gundem59.com.tr\/index.php?rest_route=%2Fwp%2Fv2%2Ftags&post=2530"},{"taxonomy":"author","embeddable":true,"href":"https:\/\/gundem59.com.tr\/index.php?rest_route=%2Fwp%2Fv2%2Fppma_author&post=2530"}],"curies":[{"name":"wp","href":"https:\/\/api.w.org\/{rel}","templated":true}]}}