{"id":253,"date":"2026-04-12T07:30:36","date_gmt":"2026-04-12T07:30:36","guid":{"rendered":"https:\/\/gundem59.com.tr\/?p=253"},"modified":"2026-04-12T07:30:37","modified_gmt":"2026-04-12T07:30:37","slug":"tekirdagda-olu-bulunan-caretta-caretta-incelemeye-alindi","status":"publish","type":"post","link":"https:\/\/gundem59.com.tr\/?p=253","title":{"rendered":"Tekirda\u011f&#8217;da \u00f6l\u00fc bulunan caretta caretta incelemeye al\u0131nd\u0131"},"content":{"rendered":"\n<p class=\"wp-block-paragraph\">Tekirda\u011f&#8217;da bal\u0131k\u00e7\u0131lar taraf\u0131ndan \u00f6l\u00fc bulunan nesli koruma alt\u0131ndaki caretta caretta t\u00fcr\u00fc deniz kaplumba\u011fas\u0131, \u00f6l\u00fcm nedeninin belirlenmesi i\u00e7in incelemeye al\u0131nd\u0131.<\/p>\n\n\n\n<p class=\"wp-block-paragraph\">Tekirda\u011f&#8217;da bal\u0131k\u00e7\u0131lar taraf\u0131ndan \u00f6l\u00fc bulunan nesli koruma alt\u0131ndaki caretta caretta t\u00fcr\u00fc deniz kaplumba\u011fas\u0131, \u00f6l\u00fcm nedeninin belirlenmesi i\u00e7in incelemeye al\u0131nd\u0131.<br>Tekirda\u011f&#8217;da bal\u0131k\u00e7\u0131lar taraf\u0131ndan k\u0131y\u0131ya yak\u0131n bir noktada \u00f6l\u00fc bulunan deniz kaplumba\u011fas\u0131, \u0130l Tar\u0131m ve Orman M\u00fcd\u00fcrl\u00fc\u011f\u00fc Su \u00dcr\u00fcnleri Ekibi taraf\u0131ndan teslim al\u0131narak ilk incelemesi yap\u0131ld\u0131. Nesli koruma alt\u0131nda bulunan caretta caretta t\u00fcr\u00fc kaplumba\u011fa, detayl\u0131 inceleme i\u00e7in Tekirda\u011f Nam\u0131k Kemal \u00dcniversitesi Veteriner Fak\u00fcltesi&#8217;ne g\u00f6nderildi. Uzman veteriner hekimler taraf\u0131ndan ger\u00e7ekle\u015ftirilecek nekropsi i\u015flemiyle deniz kaplumba\u011fas\u0131n\u0131n \u00f6l\u00fcm nedeninin net olarak ortaya konulmas\u0131 hedefleniyor. Yap\u0131lacak incelemelerde elde edilecek bulgular\u0131n deniz canl\u0131lar\u0131n\u0131n kar\u015f\u0131 kar\u015f\u0131ya kald\u0131\u011f\u0131 risklerin belirlenmesine katk\u0131 sa\u011flamas\u0131 bekleniyor.<br>Yetkililer, deniz ekosisteminin korunmas\u0131 a\u00e7\u0131s\u0131ndan bu t\u00fcr olaylar\u0131n b\u00fcy\u00fck \u00f6nem ta\u015f\u0131d\u0131\u011f\u0131n\u0131 vurgulayarak, vatanda\u015flar\u0131n k\u0131y\u0131 b\u00f6lgelerinde kar\u015f\u0131la\u015ft\u0131klar\u0131 benzer durumlar\u0131 vakit kaybetmeden ilgili kurumlara bildirmelerinin kritik oldu\u011funu ifade etti.<\/p>\n","protected":false},"excerpt":{"rendered":"<p>Tekirda\u011f&#8217;da bal\u0131k\u00e7\u0131lar taraf\u0131ndan \u00f6l\u00fc bulunan nesli koruma alt\u0131ndaki caretta caretta t\u00fcr\u00fc deniz kaplumba\u011fas\u0131, \u00f6l\u00fcm nedeninin&#8230;<\/p>\n","protected":false},"author":1,"featured_media":254,"comment_status":"open","ping_status":"open","sticky":false,"template":"","format":"standard","meta":{"footnotes":""},"categories":[1],"tags":[],"ppma_author":[57],"class_list":["post-253","post","type-post","status-publish","format-standard","has-post-thumbnail","hentry","category-tekirdag-gundemi"],"authors":[{"term_id":57,"user_id":1,"is_guest":0,"slug":"admin","display_name":"Alp Aslan","avatar_url":"https:\/\/secure.gravatar.com\/avatar\/07c18c5ad3350b025db8f3328450e071acb435c703e565899c880c63362f137a?s=96&d=mm&r=g","author_category":"1","first_name":"Alp Aslan","last_name":"ER\u0130N","user_url":"http:\/\/www.gundem59.com.tr","job_title":"","description":""}],"_links":{"self":[{"href":"https:\/\/gundem59.com.tr\/index.php?rest_route=\/wp\/v2\/posts\/253","targetHints":{"allow":["GET"]}}],"collection":[{"href":"https:\/\/gundem59.com.tr\/index.php?rest_route=\/wp\/v2\/posts"}],"about":[{"href":"https:\/\/gundem59.com.tr\/index.php?rest_route=\/wp\/v2\/types\/post"}],"author":[{"embeddable":true,"href":"https:\/\/gundem59.com.tr\/index.php?rest_route=\/wp\/v2\/users\/1"}],"replies":[{"embeddable":true,"href":"https:\/\/gundem59.com.tr\/index.php?rest_route=%2Fwp%2Fv2%2Fcomments&post=253"}],"version-history":[{"count":1,"href":"https:\/\/gundem59.com.tr\/index.php?rest_route=\/wp\/v2\/posts\/253\/revisions"}],"predecessor-version":[{"id":255,"href":"https:\/\/gundem59.com.tr\/index.php?rest_route=\/wp\/v2\/posts\/253\/revisions\/255"}],"wp:featuredmedia":[{"embeddable":true,"href":"https:\/\/gundem59.com.tr\/index.php?rest_route=\/wp\/v2\/media\/254"}],"wp:attachment":[{"href":"https:\/\/gundem59.com.tr\/index.php?rest_route=%2Fwp%2Fv2%2Fmedia&parent=253"}],"wp:term":[{"taxonomy":"category","embeddable":true,"href":"https:\/\/gundem59.com.tr\/index.php?rest_route=%2Fwp%2Fv2%2Fcategories&post=253"},{"taxonomy":"post_tag","embeddable":true,"href":"https:\/\/gundem59.com.tr\/index.php?rest_route=%2Fwp%2Fv2%2Ftags&post=253"},{"taxonomy":"author","embeddable":true,"href":"https:\/\/gundem59.com.tr\/index.php?rest_route=%2Fwp%2Fv2%2Fppma_author&post=253"}],"curies":[{"name":"wp","href":"https:\/\/api.w.org\/{rel}","templated":true}]}}