{"id":2527,"date":"2026-06-27T19:52:17","date_gmt":"2026-06-27T19:52:17","guid":{"rendered":"https:\/\/gundem59.com.tr\/?p=2527"},"modified":"2026-06-27T19:52:17","modified_gmt":"2026-06-27T19:52:17","slug":"tekirdagda-tarim-arazilerinde-yangin","status":"publish","type":"post","link":"https:\/\/gundem59.com.tr\/?p=2527","title":{"rendered":"Tekirda\u011f&#8217;da Tar\u0131m Arazilerinde Yang\u0131n"},"content":{"rendered":"\n<p class=\"wp-block-paragraph\">Muratl\u0131&#8217;da \u00e7\u0131kan yang\u0131n, r\u00fczgar\u0131n etkisiyle geni\u015fledi. \u0130tfaiye ve vatanda\u015flar m\u00fcdahale etti.<\/p>\n\n\n\n<p class=\"wp-block-paragraph\"><a href=\"https:\/\/www.sondakika.com\/tekirdag\/\">Tekirda\u011f<\/a>&#8216;\u0131n&nbsp;<a href=\"https:\/\/www.sondakika.com\/muratli\/\">Muratl\u0131<\/a>&nbsp;il\u00e7esinde K\u0131rkkepenekli Mahallesi ile Balabanl\u0131 Mahallesi aras\u0131ndaki tar\u0131m arazilerinde hen\u00fcz belirlenemeyen bir nedenle \u00e7\u0131kan yang\u0131n, r\u00fczgar\u0131n etkisiyle k\u0131sa s\u00fcrede geni\u015f bir alana yay\u0131ld\u0131. \u00c7evredeki ekili ve bo\u015f arazileri tehdit eden yang\u0131n, b\u00f6lgede k\u0131sa s\u00fcreli pani\u011fe neden oldu.<\/p>\n\n\n\n<p class=\"wp-block-paragraph\">Yang\u0131n ihbar\u0131n\u0131n ard\u0131ndan olay yerine \u00e7ok say\u0131da itfaiye ekibi sevk edildi. Ekipler, alevlerin daha fazla yay\u0131lmas\u0131n\u0131 \u00f6nlemek i\u00e7in yo\u011fun bir \u00e7al\u0131\u015fma y\u00fcr\u00fctt\u00fc. Vatanda\u015flar da trakt\u00f6rler ve su tankerleriyle yang\u0131na m\u00fcdahale etti.<\/p>\n\n\n\n<p class=\"wp-block-paragraph\">Yo\u011fun \u00e7al\u0131\u015fmalar\u0131n ard\u0131ndan yang\u0131n kontrol alt\u0131na al\u0131n\u0131rken, ekipler b\u00f6lgede so\u011futma \u00e7al\u0131\u015fmalar\u0131n\u0131 s\u00fcrd\u00fcr\u00fcyor. Yang\u0131nda zarar g\u00f6ren alan\u0131n tespit edilmesi i\u00e7in incelemeler devam ederken, yang\u0131n\u0131n \u00e7\u0131k\u0131\u015f nedeninin belirlenmesi amac\u0131yla da ara\u015ft\u0131rma ba\u015flat\u0131ld\u0131.<\/p>\n","protected":false},"excerpt":{"rendered":"<p>Muratl\u0131&#8217;da \u00e7\u0131kan yang\u0131n, r\u00fczgar\u0131n etkisiyle geni\u015fledi. \u0130tfaiye ve vatanda\u015flar m\u00fcdahale etti. Tekirda\u011f&#8216;\u0131n&nbsp;Muratl\u0131&nbsp;il\u00e7esinde K\u0131rkkepenekli Mahallesi ile&#8230;<\/p>\n","protected":false},"author":1,"featured_media":2528,"comment_status":"closed","ping_status":"closed","sticky":false,"template":"","format":"standard","meta":{"footnotes":""},"categories":[12],"tags":[],"ppma_author":[57],"class_list":["post-2527","post","type-post","status-publish","format-standard","has-post-thumbnail","hentry","category-muratli"],"authors":[{"term_id":57,"user_id":1,"is_guest":0,"slug":"admin","display_name":"Alp Aslan","avatar_url":"https:\/\/secure.gravatar.com\/avatar\/07c18c5ad3350b025db8f3328450e071acb435c703e565899c880c63362f137a?s=96&d=mm&r=g","author_category":"1","first_name":"Alp Aslan","last_name":"ER\u0130N","user_url":"http:\/\/www.gundem59.com.tr","job_title":"","description":""}],"_links":{"self":[{"href":"https:\/\/gundem59.com.tr\/index.php?rest_route=\/wp\/v2\/posts\/2527","targetHints":{"allow":["GET"]}}],"collection":[{"href":"https:\/\/gundem59.com.tr\/index.php?rest_route=\/wp\/v2\/posts"}],"about":[{"href":"https:\/\/gundem59.com.tr\/index.php?rest_route=\/wp\/v2\/types\/post"}],"author":[{"embeddable":true,"href":"https:\/\/gundem59.com.tr\/index.php?rest_route=\/wp\/v2\/users\/1"}],"replies":[{"embeddable":true,"href":"https:\/\/gundem59.com.tr\/index.php?rest_route=%2Fwp%2Fv2%2Fcomments&post=2527"}],"version-history":[{"count":1,"href":"https:\/\/gundem59.com.tr\/index.php?rest_route=\/wp\/v2\/posts\/2527\/revisions"}],"predecessor-version":[{"id":2529,"href":"https:\/\/gundem59.com.tr\/index.php?rest_route=\/wp\/v2\/posts\/2527\/revisions\/2529"}],"wp:featuredmedia":[{"embeddable":true,"href":"https:\/\/gundem59.com.tr\/index.php?rest_route=\/wp\/v2\/media\/2528"}],"wp:attachment":[{"href":"https:\/\/gundem59.com.tr\/index.php?rest_route=%2Fwp%2Fv2%2Fmedia&parent=2527"}],"wp:term":[{"taxonomy":"category","embeddable":true,"href":"https:\/\/gundem59.com.tr\/index.php?rest_route=%2Fwp%2Fv2%2Fcategories&post=2527"},{"taxonomy":"post_tag","embeddable":true,"href":"https:\/\/gundem59.com.tr\/index.php?rest_route=%2Fwp%2Fv2%2Ftags&post=2527"},{"taxonomy":"author","embeddable":true,"href":"https:\/\/gundem59.com.tr\/index.php?rest_route=%2Fwp%2Fv2%2Fppma_author&post=2527"}],"curies":[{"name":"wp","href":"https:\/\/api.w.org\/{rel}","templated":true}]}}