{"id":2517,"date":"2026-06-27T12:24:38","date_gmt":"2026-06-27T12:24:38","guid":{"rendered":"https:\/\/gundem59.com.tr\/?p=2517"},"modified":"2026-06-27T12:24:38","modified_gmt":"2026-06-27T12:24:38","slug":"yaz-bu-yil-bitmek-bilmeyecek-meteoroloji-uzmani-uyardi","status":"publish","type":"post","link":"https:\/\/gundem59.com.tr\/?p=2517","title":{"rendered":"Yaz bu y\u0131l bitmek bilmeyecek! Meteoroloji uzman\u0131 uyard\u0131"},"content":{"rendered":"\n<p class=\"wp-block-paragraph\">Meteoroloji m\u00fchendisi Adil Tek, &#8220;Yaz s\u0131cakl\u0131klar\u0131 baz\u0131 b\u00f6lgelerde zaman zaman mevsim normallerinin birka\u00e7 derece \u00fczerine \u00e7\u0131kacak. Daha \u00e7ok s\u0131caklar\u0131 biz yaz\u0131n uzamas\u0131 \u015feklinde g\u00f6rece\u011fiz. Yani eyl\u00fcl, ekim aylar\u0131nda &#8216;Bu yaz daha bitmedi&#8217; diyece\u011fiz, \u00f6yle g\u00f6z\u00fck\u00fcyor. Yaz uzayacak&#8221; dedi.<\/p>\n\n\n\n<p class=\"wp-block-paragraph\">Meteoroloji m\u00fchendisi Adil Tek, T\u00fcrkiye genelinde s\u0131cak hava ile ilgili de\u011ferlendirmelerde bulundu. Tek, Portekiz&#8217;den Almanya&#8217;ya uzanan hat boyunca hayat\u0131 olumsuz etkileyen ve Paris gibi serin iklimiyle bilinen \u015fehirlerde bile rekorlar k\u0131ran s\u0131cak havan\u0131n &#8216;Omega blokaj\u0131&#8217; ad\u0131 verilen hava durumundan kaynakland\u0131\u011f\u0131n\u0131 belirtti. Avrupa&#8217;y\u0131 etkisi alt\u0131na alan &#8216;Omega blokaj\u0131&#8217; ile ilgili konu\u015fan Tek, T\u00fcrkiye \u00fczerindeki dolayl\u0131 etkilerini de de\u011ferlendirdi.<\/p>\n\n\n\n<h3 class=\"wp-block-heading\">&#8220;\u0130STANBUL&#8217;DA BO\u011eAZ KOR\u0130DORU BOYUNCA POYRAZDAN ESEN B\u0130R R\u00dcZGAR VAR&#8221;<\/h3>\n\n\n\n<p class=\"wp-block-paragraph\">Tek, &#8220;\u0130stanbul&#8217;da \u015fu anda \u00f6zellikle bo\u011faz koridoru boyunca poyrazdan esen bir r\u00fczgar var. Bunun \u015fiddeti zaman zaman saatte 20 kilometreye kadar \u00e7\u0131k\u0131yor. \u00d6zellikle bo\u011faz koridorunda olan \u0130stanbullular\u0131 rahatlat\u0131yor. S\u0131cakl\u0131k de\u011ferleri yer yer g\u00fcney il\u00e7elerde 30 derecelere kadar \u00e7\u0131k\u0131yor. Nereler bunlar? Tuzla, Kartal, Bak\u0131rk\u00f6y, Beylikd\u00fcz\u00fc, B\u00fcy\u00fck\u00e7ekmece gibi il\u00e7elerde s\u0131cakl\u0131klar\u0131n 30 dereceye kadar \u00e7\u0131kt\u0131\u011f\u0131n\u0131 g\u00f6r\u00fcyoruz. Ge\u00e7ti\u011fimiz g\u00fcnlerde de var, bug\u00fcn de ayn\u0131 de\u011ferleri g\u00f6r\u00fcyor olaca\u011f\u0131z. Ama genel olarak bakt\u0131\u011f\u0131m\u0131zda \u0130stanbul&#8217;da s\u0131cakl\u0131k de\u011ferleri bu il\u00e7eler d\u0131\u015f\u0131nda 27-28 dereceler civar\u0131nda. Gece s\u0131cakl\u0131klar\u0131 da 20 dereceler civar\u0131nda seyrediyor. Tabii ki bu bir yaz g\u00fcn\u00fc. Yer yer 30 derecenin \u00fczerine \u00e7\u0131kt\u0131\u011f\u0131 zaman &#8216;tropikal g\u00fcn&#8217; diye de adland\u0131r\u0131yoruz ama tropikal g\u00fcnler, o s\u0131cakl\u0131k de\u011ferleri a\u00e7\u0131s\u0131ndan, \u0130stanbul&#8217;da daha tam manas\u0131yla ya\u015fanmad\u0131. Geceleri biraz daha \u0130stanbullular rahat yat\u0131yor. Bu s\u0131cakl\u0131klar bu mevsim i\u00e7in biraz daha normaller ve normallerin alt\u0131nda de\u011ferler, son y\u0131llarla k\u0131yaslad\u0131\u011f\u0131m\u0131zda ki; ge\u00e7en y\u0131l olduk\u00e7a s\u0131cak havada, \u00fclke genelinde ve \u0130stanbul&#8217;da tabii ki s\u0131cak hava dalgalar\u0131na \u00e7ok uzun s\u00fcreli maruz kald\u0131k. Yakla\u015f\u0131k 4, 5-6 tane s\u0131cak hava dalgas\u0131, bunlar\u0131n baz\u0131lar\u0131 yakla\u015f\u0131k bir hafta 10 g\u00fcn kadar da s\u00fcrd\u00fc. Ama bu sene o s\u0131cak hava dalgalar\u0131n\u0131 bu zamana kadar daha g\u00f6rmedik ki \u00f6n\u00fcm\u00fczdeki aylar i\u00e7erisinde de \u00f6yle \u00e7ok y\u00fcksek s\u0131cak hava dalgalar\u0131na maruz kalaca\u011f\u0131m\u0131z g\u00f6z\u00fckm\u00fcyor. Yine zaman zaman s\u0131cak hava dalgalar\u0131 g\u00f6rece\u011fiz ama o ge\u00e7en seneki kadar, \u00f6zellikle \u015e\u0131rnak&#8217;ta k\u0131r\u0131lan bir 50 derece \u00fclkenin rekor s\u0131cakl\u0131\u011f\u0131 vard\u0131, o de\u011ferlere de \u00e7ok \u00e7\u0131k\u0131lacak g\u00f6z\u00fckm\u00fcyor. \u0130stanbul i\u00e7in de \u00e7\u0131kabilece\u011fi en y\u00fcksek de\u011ferler 35-36 dereceler ki bunlar \u00e7ok uzun soluklu de\u011fil. \u0130stanbul&#8217;da genel tablo b\u00f6yle&#8221; ifadelerini kuland\u0131.<\/p>\n\n\n\n<figure class=\"wp-block-image\"><img  title=\"\" decoding=\"async\" src=\"https:\/\/foto.sondakika.com\/haber\/2026\/06\/27\/yaz-bu-yil-bitmek-bilmeyecek-m-19994869-4837_1_m.jpg\"  alt=\"yaz-bu-yil-bitmek-bilmeyecek-m-19994869-4837_1_m Yaz bu y\u0131l bitmek bilmeyecek! Meteoroloji uzman\u0131 uyard\u0131\" \/><\/figure>\n\n\n\n<h3 class=\"wp-block-heading\">&#8220;RUSYA \u00dcZER\u0130NDEN SARKAN SER\u0130N HAVA VE AL\u00c7AK BASIN\u00c7 S\u0130STEM\u0130 YA\u011eI\u015eLARI OLU\u015eTURUYOR&#8221;<\/h3>\n\n\n\n<p class=\"wp-block-paragraph\">Tek, &#8220;\u00dclke genelinde ise yurdun orta ve do\u011fu kesimlerinde devam eden, yer yer \u00f6zellikle \u00f6\u011fleden sonraki saatlerde olu\u015fan ya\u011f\u0131\u015flar var. Tabii bu ya\u011f\u0131\u015flar\u0131n sebebi de Avrupa \u00fczerine oturmu\u015f olan o y\u00fcksek bas\u0131nc\u0131n etkisinden dolay\u0131 bizim b\u00f6lgelerimizde biraz daha Rusya \u00fczerinden sarkan bir serin hava ve al\u00e7ak bas\u0131n\u00e7 sisteminin olu\u015fturdu\u011fu oluk var, o ya\u011f\u0131\u015flar\u0131 olu\u015fturuyor. Bizim b\u00f6lgelerimiz serin seyrederken, ortalamalar ve civar\u0131 alt\u0131 de\u011ferlerde seyrederken, Avrupa s\u0131cakl\u0131klar\u0131 a\u00e7\u0131s\u0131ndan olduk\u00e7a y\u00fcksek de\u011ferlere, bu zamana kadar g\u00f6rmedi\u011fi, \u00e7ok s\u0131kl\u0131kla rastlan\u0131lmayan o s\u0131cak hava dalgas\u0131n\u0131n etkisinde kalmaya devam ediyor ki haziran ay\u0131 ba\u015f\u0131nda b\u00f6yle bir s\u0131cak hava dalgas\u0131 olu\u015fmu\u015ftu. Ama ard\u0131ndan biraz rahatlama olsa da ge\u00e7ti\u011fimiz g\u00fcnlerden bu yana devam eden o y\u00fcksek bas\u0131n\u00e7, yani Afrika \u00fczerindeki Azor y\u00fcksek bas\u0131nc\u0131n\u0131n Avrupa&#8217;ya do\u011fru uzanan s\u0131rt\u0131 boyunca ve Avrupa&#8217;da bunun daha geli\u015fmesiyle birlikte o kuvvetli s\u0131cak hava de\u011ferleri art\u0131k olu\u015ftu. Nereler buralar? \u00d6zellikle Portekiz, \u0130spanya, Fransa ve Almanya&#8217;ya uzanan hat boyunca y\u00fcksek s\u0131cakl\u0131klar\u0131, 40 derecelere yakla\u015fan s\u0131cakl\u0131klar\u0131 bug\u00fcnlerde g\u00f6r\u00fcyoruz ki Avrupa zaten \u015fu anda bu s\u0131cakl\u0131klardan dolay\u0131 alarmda. Bu s\u0131cakl\u0131klar \u00f6n\u00fcm\u00fczdeki g\u00fcnlerde da devam ediyor olacak. Yani ay\u0131n asl\u0131nda 28-29&#8217;una kadar devam eden bir s\u0131cak hava dalgas\u0131 var. Yava\u015f yava\u015f da Orta Avrupa&#8217;ya do\u011fru kayacak. Yani az \u00f6nce sayd\u0131\u011f\u0131m\u0131z \u00fclkelerden ziyade biraz daha i\u015fte Avusturya, Macaristan, Polonya ve \u0130talya&#8217;y\u0131 da tabii ki bunlar\u0131n i\u00e7erisine koyabiliriz, Romanya&#8217;ya kadar uzanan b\u00f6lgede de o y\u00fcksek bas\u0131nc\u0131n etkilerini g\u00f6rmeye ba\u015flayaca\u011f\u0131z&#8221; dedi.<\/p>\n\n\n\n<h3 class=\"wp-block-heading\">&#8220;AY BA\u015eINDAN \u0130T\u0130BAREN \u00d6ZELL\u0130KLE TRAKYA&#8217;DA VE EGE&#8217;DE Y\u00dcKSEK SICAKLIKLARI G\u00d6RECE\u011e\u0130Z&#8221;<\/h3>\n\n\n\n<p class=\"wp-block-paragraph\">Tek, &#8220;Temmuz ay\u0131 ba\u015f\u0131 itibar\u0131yla da bu y\u00fcksek bas\u0131nc\u0131n olu\u015fturdu\u011fu ve o &#8216;Omega blokaj\u0131&#8217; diye adland\u0131rd\u0131\u011f\u0131m\u0131z yap\u0131 biraz daha Avrupa&#8217;n\u0131n orta ve do\u011fu kesimlerine kaymaya ba\u015flayacak. Bunun k\u0131y\u0131 b\u00f6l\u00fcm\u00fcnde de \u00fclkemizin bat\u0131 b\u00f6lgeleri kal\u0131yor. O ay ba\u015f\u0131ndan itibaren \u00f6zellikle Trakya&#8217;da ve Ege&#8217;de y\u00fcksek s\u0131cakl\u0131klar\u0131 g\u00f6rece\u011fiz. Yani Ege&#8217;de nereler daha \u00e7ok etkileniyor? \u0130zmir, Manisa, Ayd\u0131n. Zaten \u015fu anda da oradaki s\u0131cakl\u0131k de\u011ferleri 35-36 derecelerde ama oradaki kendi etkisinden dolay\u0131, Avrupa&#8217;daki etki de\u011fil bu. Ama ay ba\u015f\u0131ndan itibaren bu s\u0131cakl\u0131klar Ege&#8217;de yakla\u015f\u0131k s\u0131cakl\u0131klar\u0131n 40 derecelere kadar \u00e7\u0131kmas\u0131na sebebiyet verecek ki Trakya&#8217;da da yine Edirne, K\u0131rklareli, Tekirda\u011f, \u00c7anakkale bu s\u0131cakl\u0131k de\u011ferlerine ula\u015fabilecek illerimiz aras\u0131nda&#8221; diye konu\u015ftu.<\/p>\n\n\n\n<figure class=\"wp-block-image\"><img  title=\"\" decoding=\"async\" src=\"https:\/\/foto.sondakika.com\/haber\/2026\/06\/27\/yaz-bu-yil-bitmek-bilmeyecek-m-19994869-4085_1_m.jpg\"  alt=\"yaz-bu-yil-bitmek-bilmeyecek-m-19994869-4085_1_m Yaz bu y\u0131l bitmek bilmeyecek! Meteoroloji uzman\u0131 uyard\u0131\" \/><\/figure>\n\n\n\n<h3 class=\"wp-block-heading\">&#8220;G\u00dcNEYDO\u011eU ANADOLU&#8217;DAK\u0130 DE\u011eERLER ORANIN NORMAL ORTALAMA DE\u011eERLER\u0130&#8221;<\/h3>\n\n\n\n<p class=\"wp-block-paragraph\">Adil Tek, &#8220;Tabii bu arada G\u00fcneydo\u011fu Anadolu&#8217;da, o zaten oran\u0131n normal ortalama de\u011ferleri art\u0131k, oralarda da 37-38 dereceleri g\u00f6r\u00fcyoruz. Nereler? Diyarbak\u0131r, \u015eanl\u0131urfa, Mardin, \u015e\u0131rnak gibi illerimiz bu de\u011ferleri g\u00f6r\u00fcyor. Oradaki de\u011ferler zaten \u00f6n\u00fcm\u00fczdeki g\u00fcnlerde de devam ediyor olacak. Temmuz ve a\u011fustos ay\u0131n\u0131n geneline de bakt\u0131\u011f\u0131m\u0131zda asl\u0131nda ge\u00e7en sene ve \u00f6nceki y\u0131llarla k\u0131yaslad\u0131\u011f\u0131m\u0131zda bu sene asl\u0131nda o kadar \u00e7ok a\u015f\u0131r\u0131 bir s\u0131cak yaz bizleri beklemiyor&#8221; ifadelerini kulland\u0131.<\/p>\n\n\n\n<h3 class=\"wp-block-heading\">&#8220;EYL\u00dcL, EK\u0130M AYLARINDA, BU YAZ DAHA B\u0130TMED\u0130 D\u0130YECE\u011e\u0130Z&#8221;<\/h3>\n\n\n\n<p class=\"wp-block-paragraph\">Tek, &#8220;Yaz s\u0131cakl\u0131klar\u0131 genel olarak mevsim normalleri ve mevsim normallerinden zaman zaman birka\u00e7 derece \u00fczerine \u00e7\u0131kacak yerler var. Tabii ki bu az \u00f6nceki sayd\u0131\u011f\u0131m\u0131z illerin genel ortalamalar\u0131 da s\u0131cakl\u0131k a\u00e7\u0131s\u0131ndan normalin biraz daha \u00fczerinde di\u011fer illere nazaran. Daha \u00e7ok s\u0131caklar\u0131 biz yaz\u0131n uzamas\u0131 \u015feklinde g\u00f6rece\u011fiz. Yani eyl\u00fcl, ekim aylar\u0131nda &#8216;Bu yaz daha bitmedi&#8217; diyece\u011fiz, \u00f6yle g\u00f6z\u00fck\u00fcyor. \u015eu andaki iklim modellerimizin \u00e7\u0131kt\u0131lar\u0131 bu sonu\u00e7lar\u0131 g\u00f6steriyor bize. Hafta baz\u0131nda da de\u011ferlendirsek, temmuz ay\u0131n\u0131n ilk haftas\u0131nda bat\u0131 b\u00f6lgelerde s\u0131cakl\u0131klar mevsim normallerinin birka\u00e7 derece \u00fczerine \u00e7\u0131kacak g\u00f6z\u00fck\u00fcyor. Sonraki g\u00fcnler, yani temmuzun devam eden g\u00fcnlerinde de \u00f6zellikle bat\u0131da s\u0131cakl\u0131klar birka\u00e7 derece yukar\u0131 seviyelerde seyredecek g\u00f6r\u00fcn\u00fcyor. Yaz bitmeyecek, uzayacak yaz&#8221; dedi.<\/p>\n\n\n\n<h3 class=\"wp-block-heading\">&#8220;\u00dcLKEM\u0130ZDE Y\u00dcKSEK SICAKLIKLARIN OLU\u015eMASINI ENGELL\u0130YOR&#8221;<\/h3>\n\n\n\n<p class=\"wp-block-paragraph\">Tek son olarak, &#8220;Avrupa&#8217;da 40 dereceler, mesela Paris 40 dereceyi kolay kolay g\u00f6ren, \u00e7ok s\u0131k g\u00f6ren bir yer de\u011fil. \u0130talya g\u00f6r\u00fcr ama Paris&#8217;te g\u00f6r\u00fclmesi \u00e7ok y\u00fcksek bir durum s\u00f6z konusu. Yani o \u00e7ok s\u0131k rastlanan de\u011fer de\u011fil. Omega blokaj\u0131n\u0131n \u015fu anki konumu bizim \u00fclkemizde y\u00fcksek s\u0131cakl\u0131klar\u0131n olu\u015fmas\u0131n\u0131 engelliyor&#8221; diye konu\u015ftu.<\/p>\n","protected":false},"excerpt":{"rendered":"<p>Meteoroloji m\u00fchendisi Adil Tek, &#8220;Yaz s\u0131cakl\u0131klar\u0131 baz\u0131 b\u00f6lgelerde zaman zaman mevsim normallerinin birka\u00e7 derece \u00fczerine&#8230;<\/p>\n","protected":false},"author":1,"featured_media":2518,"comment_status":"closed","ping_status":"closed","sticky":false,"template":"","format":"standard","meta":{"footnotes":""},"categories":[30],"tags":[],"ppma_author":[57],"class_list":["post-2517","post","type-post","status-publish","format-standard","has-post-thumbnail","hentry","category-ulusal-gundem"],"authors":[{"term_id":57,"user_id":1,"is_guest":0,"slug":"admin","display_name":"Alp Aslan","avatar_url":"https:\/\/secure.gravatar.com\/avatar\/07c18c5ad3350b025db8f3328450e071acb435c703e565899c880c63362f137a?s=96&d=mm&r=g","author_category":"1","first_name":"Alp Aslan","last_name":"ER\u0130N","user_url":"http:\/\/www.gundem59.com.tr","job_title":"","description":""}],"_links":{"self":[{"href":"https:\/\/gundem59.com.tr\/index.php?rest_route=\/wp\/v2\/posts\/2517","targetHints":{"allow":["GET"]}}],"collection":[{"href":"https:\/\/gundem59.com.tr\/index.php?rest_route=\/wp\/v2\/posts"}],"about":[{"href":"https:\/\/gundem59.com.tr\/index.php?rest_route=\/wp\/v2\/types\/post"}],"author":[{"embeddable":true,"href":"https:\/\/gundem59.com.tr\/index.php?rest_route=\/wp\/v2\/users\/1"}],"replies":[{"embeddable":true,"href":"https:\/\/gundem59.com.tr\/index.php?rest_route=%2Fwp%2Fv2%2Fcomments&post=2517"}],"version-history":[{"count":1,"href":"https:\/\/gundem59.com.tr\/index.php?rest_route=\/wp\/v2\/posts\/2517\/revisions"}],"predecessor-version":[{"id":2519,"href":"https:\/\/gundem59.com.tr\/index.php?rest_route=\/wp\/v2\/posts\/2517\/revisions\/2519"}],"wp:featuredmedia":[{"embeddable":true,"href":"https:\/\/gundem59.com.tr\/index.php?rest_route=\/wp\/v2\/media\/2518"}],"wp:attachment":[{"href":"https:\/\/gundem59.com.tr\/index.php?rest_route=%2Fwp%2Fv2%2Fmedia&parent=2517"}],"wp:term":[{"taxonomy":"category","embeddable":true,"href":"https:\/\/gundem59.com.tr\/index.php?rest_route=%2Fwp%2Fv2%2Fcategories&post=2517"},{"taxonomy":"post_tag","embeddable":true,"href":"https:\/\/gundem59.com.tr\/index.php?rest_route=%2Fwp%2Fv2%2Ftags&post=2517"},{"taxonomy":"author","embeddable":true,"href":"https:\/\/gundem59.com.tr\/index.php?rest_route=%2Fwp%2Fv2%2Fppma_author&post=2517"}],"curies":[{"name":"wp","href":"https:\/\/api.w.org\/{rel}","templated":true}]}}