{"id":2511,"date":"2026-06-27T12:20:15","date_gmt":"2026-06-27T12:20:15","guid":{"rendered":"https:\/\/gundem59.com.tr\/?p=2511"},"modified":"2026-06-27T12:20:16","modified_gmt":"2026-06-27T12:20:16","slug":"3-gunde-2-buyuk-aci-soner-aricadan-dayisi-kadir-inanira-yurek-burkan-veda","status":"publish","type":"post","link":"https:\/\/gundem59.com.tr\/?p=2511","title":{"rendered":"3 g\u00fcnde 2 b\u00fcy\u00fck ac\u0131! Soner Ar\u0131ca&#8217;dan day\u0131s\u0131 Kadir \u0130nan\u0131r&#8217;a y\u00fcrek burkan veda"},"content":{"rendered":"\n<p class=\"wp-block-paragraph\">Annesi Altun Ar\u0131ca&#8217;y\u0131 son yolculu\u011funa u\u011furlayan sanat\u00e7\u0131 Soner Ar\u0131ca, hen\u00fcz \u00fc\u00e7 g\u00fcn sonra bu kez day\u0131s\u0131 Kadir \u0130nan\u0131r&#8217;\u0131n vefat\u0131yla sars\u0131ld\u0131. Ar\u0131ca, Ye\u015fil\u00e7am&#8217;\u0131n usta ismi \u0130nan\u0131r&#8217;a, &#8220;Defalarca bakt\u0131\u011f\u0131m filmlerine yine bakaca\u011f\u0131m, an\u0131lar\u0131m\u0131z da film gibi akacak g\u00f6zlerimin \u00f6n\u00fcnden, her zaman ya\u015famaya devam edecek benim i\u00e7in&#8221; s\u00f6zleriyle veda etti.<\/p>\n\n\n\n<p class=\"wp-block-paragraph\">T\u00fcrk sinemas\u0131n\u0131n unutulmaz isimlerinden&nbsp;<a href=\"https:\/\/www.sondakika.com\/kadir-inanir\/\">Kadir \u0130nan\u0131r<\/a>, zat\u00fcrre nedeniyle tedavi g\u00f6rd\u00fc\u011f\u00fc hastanede organ yetmezli\u011fi sonucu 77 ya\u015f\u0131nda hayat\u0131n\u0131 kaybetti.<\/p>\n\n\n\n<p class=\"wp-block-paragraph\">\u0130nan\u0131r&#8217;\u0131n vefat\u0131 ailesini ve sanat camias\u0131n\u0131 yasa bo\u011farken, sanat\u00e7\u0131&nbsp;<a href=\"https:\/\/www.sondakika.com\/soner-arica\/\">Soner Ar\u0131ca<\/a>&nbsp;pe\u015f pe\u015fe ya\u015fad\u0131\u011f\u0131 ac\u0131larla sars\u0131ld\u0131. Ar\u0131ca&#8217;n\u0131n annesi, Kadir \u0130nan\u0131r&#8217;\u0131n ablas\u0131 Altun Ar\u0131ca, 23 Haziran&#8217;da ya\u015fam\u0131n\u0131 yitirmi\u015f, 24 Haziran&#8217;da Ordu&#8217;nun Fatsa il\u00e7esinde topra\u011fa verilmi\u015fti.<\/p>\n\n\n\n<figure class=\"wp-block-image\"><img  title=\"\" decoding=\"async\" src=\"https:\/\/foto.sondakika.com\/haber\/2026\/06\/27\/3-gunde-2-buyuk-aci-soner-aric-89298966-9862_1_m.jpg\"  alt=\"3-gunde-2-buyuk-aci-soner-aric-89298966-9862_1_m 3 g\u00fcnde 2 b\u00fcy\u00fck ac\u0131! Soner Ar\u0131ca&#039;dan day\u0131s\u0131 Kadir \u0130nan\u0131r&#039;a y\u00fcrek burkan veda\" \/><\/figure>\n\n\n\n<h3 class=\"wp-block-heading\">&#8220;\u00c7OK \u00dcZG\u00dcN\u00dcM&#8221;<\/h3>\n\n\n\n<p class=\"wp-block-paragraph\">Annesini kaybetmesinin \u00fczerinden yaln\u0131zca \u00fc\u00e7 g\u00fcn ge\u00e7tikten sonra day\u0131s\u0131 Kadir \u0130nan\u0131r&#8217;\u0131n ac\u0131 haberiyle y\u0131k\u0131lan Soner Ar\u0131ca, sosyal medya hesab\u0131ndan yapt\u0131\u011f\u0131 payla\u015f\u0131mda \u015fu ifadeleri kulland\u0131:<\/p>\n\n\n\n<p class=\"wp-block-paragraph\">&#8220;Bir g\u00fcn buraya foto\u011fraf\u0131n\u0131 bu sebepten ekleyece\u011fim hi\u00e7 akl\u0131ma gelmezdi. K\u00fc\u00e7\u00fck bir zaman dilimine denk gelen b\u00fcy\u00fck ac\u0131larla, karmakar\u0131\u015f\u0131k duygular i\u00e7indeyim. \u00c7ok \u00fczg\u00fcn\u00fcm&#8230; Ba\u015fsa\u011fl\u0131\u011f\u0131 mesajlar\u0131n\u0131z i\u00e7in te\u015fekk\u00fcr ederim.&#8221;<\/p>\n\n\n\n<figure class=\"wp-block-image\"><img  title=\"\" decoding=\"async\" src=\"https:\/\/foto.sondakika.com\/haber\/2026\/06\/27\/3-gunde-2-buyuk-aci-soner-aric-52563648-6250_1_m.jpg\"  alt=\"3-gunde-2-buyuk-aci-soner-aric-52563648-6250_1_m 3 g\u00fcnde 2 b\u00fcy\u00fck ac\u0131! Soner Ar\u0131ca&#039;dan day\u0131s\u0131 Kadir \u0130nan\u0131r&#039;a y\u00fcrek burkan veda\" \/><\/figure>\n\n\n\n<h3 class=\"wp-block-heading\">&#8220;TAR\u0130F\u0130 ZOR BAZI DUYGU DURUMLARININ&#8221;<\/h3>\n\n\n\n<p class=\"wp-block-paragraph\">Day\u0131s\u0131 Kadir \u0130nan\u0131r i\u00e7in uzun bir veda mesaj\u0131 payla\u015fan Ar\u0131ca, usta oyuncunun yaln\u0131zca ailesi i\u00e7in de\u011fil, milyonlarca insan i\u00e7in de \u00e7ok \u00f6zel bir isim oldu\u011funu vurgulad\u0131.&nbsp;Ar\u0131ca mesaj\u0131nda \u015fu ifadeleri kulland\u0131:&nbsp;<\/p>\n\n\n\n<p class=\"wp-block-paragraph\">&#8220;Tarifi zor baz\u0131 duygu durumlar\u0131n\u0131n; bir film sahnesi oldu\u011funa inanaca\u011f\u0131m bu zamans\u0131z vedan\u0131n, yoksa bu ger\u00e7ekli\u011fin neresini anla\u015f\u0131labilir bulur ki insan; ac\u0131 r\u00fczgar\u0131yla \u00e7evrelenmi\u015f bir \u015fekilde \u00e7ok \u00fczg\u00fcn\u00fcm\u2026 Onu sadece day\u0131m diye tan\u0131mlamak az gelir, \u00e7\u00fcnk\u00fc benim i\u00e7in ayn\u0131 zamanda usta akt\u00f6r-b\u00fcy\u00fck sanat\u00e7\u0131-T\u00fcrk sinemas\u0131n\u0131n e\u015fsiz starlar\u0131ndan biriydi, zaten yaln\u0131z aile i\u00e7inde de\u011fil neredeyse t\u00fcm \u00fclkenin day\u0131s\u0131, karde\u015fi a\u011fabeyiydi, birka\u00e7 jenerasyonun erkeklerinin b\u00fcy\u00fck bir b\u00f6l\u00fcm\u00fc onun gibi bakt\u0131, g\u00fcld\u00fc, y\u00fcr\u00fcd\u00fc, onun replikleriyle konu\u015ftular; idold\u00fc-ikondu, en yak\u0131\u015f\u0131kl\u0131lardand\u0131\u2026 Sanat\u00e7\u0131l\u0131\u011f\u0131na hayranl\u0131k duydu\u011fun birisinin yak\u0131n\u0131n olmas\u0131 ayr\u0131cal\u0131\u011f\u0131n\u0131 deneyimledim varl\u0131\u011f\u0131yla; perdede alk\u0131\u015flad\u0131\u011f\u0131m y\u0131ld\u0131za dokunabilmenin o \u015fahane ayr\u0131cal\u0131\u011f\u0131\u2026 Defalarca bakt\u0131\u011f\u0131m filmlerine yine bakaca\u011f\u0131m, an\u0131lar\u0131m\u0131z da film gibi akacak g\u00f6zlerimin \u00f6n\u00fcnden, her zaman ya\u015famaya devam edecek benim i\u00e7in\u2026&#8221;<\/p>\n\n\n\n<figure class=\"wp-block-image\"><img  title=\"\" decoding=\"async\" src=\"https:\/\/foto.sondakika.com\/haber\/2026\/06\/27\/3-gunde-2-buyuk-aci-soner-aric-71496345-9640_1_m.jpg\"  alt=\"3-gunde-2-buyuk-aci-soner-aric-71496345-9640_1_m 3 g\u00fcnde 2 b\u00fcy\u00fck ac\u0131! Soner Ar\u0131ca&#039;dan day\u0131s\u0131 Kadir \u0130nan\u0131r&#039;a y\u00fcrek burkan veda\" \/><\/figure>\n\n\n\n<h3 class=\"wp-block-heading\">&#8220;VAS\u0130YET\u0130 YOKTU&#8221;<\/h3>\n\n\n\n<p class=\"wp-block-paragraph\">\u0130nan\u0131r&#8217;\u0131n vefat etti\u011fi hastanenin \u00f6n\u00fcnde konu\u015fan ye\u011feni Levent \u0130nan\u0131r, &#8220;Akci\u011ferde sorun, b\u00f6breklerde sorun vard\u0131. Art\u0131k organlar\u0131 yorulmu\u015ftu. Kendi yorulmu\u015ftu, kalbi yorulmu\u015ftu. \u00d6zel bir iste\u011fi yoktu, vasiyeti yoktu. Biz elimizden geldi\u011fince Kadir \u0130nan\u0131r neye lay\u0131ksa onu en g\u00fczel \u015fekilde yapmaya \u00e7al\u0131\u015faca\u011f\u0131z. Onu, ona yak\u0131\u015f\u0131r \u015fekilde u\u011furlayaca\u011f\u0131z.&#8221; ifadelerini kulland\u0131.<\/p>\n\n\n\n<figure class=\"wp-block-image\"><img  title=\"\" decoding=\"async\" src=\"https:\/\/foto.sondakika.com\/haber\/2026\/06\/27\/3-gunde-2-buyuk-aci-soner-aric-11140717-4290_1_m.jpg\"  alt=\"3-gunde-2-buyuk-aci-soner-aric-11140717-4290_1_m 3 g\u00fcnde 2 b\u00fcy\u00fck ac\u0131! Soner Ar\u0131ca&#039;dan day\u0131s\u0131 Kadir \u0130nan\u0131r&#039;a y\u00fcrek burkan veda\" \/><\/figure>\n\n\n\n<h3 class=\"wp-block-heading\">CENAZE PROGRAMI BELL\u0130 OLDU<\/h3>\n\n\n\n<p class=\"wp-block-paragraph\">Kadir \u0130nan\u0131r i\u00e7in ilk t\u00f6ren 28 Haziran Pazar g\u00fcn\u00fc (yar\u0131n) saat 13.00&#8217;te Harbiye Muhsin Ertu\u011frul Sahnesi&#8217;nde ger\u00e7ekle\u015ftirilecek.<\/p>\n\n\n\n<p class=\"wp-block-paragraph\">Buradaki anma t\u00f6reninin ard\u0131ndan Kadir \u0130nan\u0131r&#8217;\u0131n cenazesi, Barbaros Hayrettin Pa\u015fa Camisi&#8217;ne getirilecek. K\u0131l\u0131nacak cenaze namaz\u0131n\u0131 m\u00fcteakip \u0130nan\u0131r, Ulus Mezarl\u0131\u011f\u0131&#8217;nda dualarla son yolculu\u011funa u\u011furlanacak.<\/p>\n","protected":false},"excerpt":{"rendered":"<p>Annesi Altun Ar\u0131ca&#8217;y\u0131 son yolculu\u011funa u\u011furlayan sanat\u00e7\u0131 Soner Ar\u0131ca, hen\u00fcz \u00fc\u00e7 g\u00fcn sonra bu kez&#8230;<\/p>\n","protected":false},"author":1,"featured_media":2512,"comment_status":"closed","ping_status":"closed","sticky":false,"template":"","format":"standard","meta":{"footnotes":""},"categories":[51],"tags":[],"ppma_author":[57],"class_list":["post-2511","post","type-post","status-publish","format-standard","has-post-thumbnail","hentry","category-magazin"],"authors":[{"term_id":57,"user_id":1,"is_guest":0,"slug":"admin","display_name":"Alp Aslan","avatar_url":"https:\/\/secure.gravatar.com\/avatar\/07c18c5ad3350b025db8f3328450e071acb435c703e565899c880c63362f137a?s=96&d=mm&r=g","author_category":"1","first_name":"Alp Aslan","last_name":"ER\u0130N","user_url":"http:\/\/www.gundem59.com.tr","job_title":"","description":""}],"_links":{"self":[{"href":"https:\/\/gundem59.com.tr\/index.php?rest_route=\/wp\/v2\/posts\/2511","targetHints":{"allow":["GET"]}}],"collection":[{"href":"https:\/\/gundem59.com.tr\/index.php?rest_route=\/wp\/v2\/posts"}],"about":[{"href":"https:\/\/gundem59.com.tr\/index.php?rest_route=\/wp\/v2\/types\/post"}],"author":[{"embeddable":true,"href":"https:\/\/gundem59.com.tr\/index.php?rest_route=\/wp\/v2\/users\/1"}],"replies":[{"embeddable":true,"href":"https:\/\/gundem59.com.tr\/index.php?rest_route=%2Fwp%2Fv2%2Fcomments&post=2511"}],"version-history":[{"count":1,"href":"https:\/\/gundem59.com.tr\/index.php?rest_route=\/wp\/v2\/posts\/2511\/revisions"}],"predecessor-version":[{"id":2513,"href":"https:\/\/gundem59.com.tr\/index.php?rest_route=\/wp\/v2\/posts\/2511\/revisions\/2513"}],"wp:featuredmedia":[{"embeddable":true,"href":"https:\/\/gundem59.com.tr\/index.php?rest_route=\/wp\/v2\/media\/2512"}],"wp:attachment":[{"href":"https:\/\/gundem59.com.tr\/index.php?rest_route=%2Fwp%2Fv2%2Fmedia&parent=2511"}],"wp:term":[{"taxonomy":"category","embeddable":true,"href":"https:\/\/gundem59.com.tr\/index.php?rest_route=%2Fwp%2Fv2%2Fcategories&post=2511"},{"taxonomy":"post_tag","embeddable":true,"href":"https:\/\/gundem59.com.tr\/index.php?rest_route=%2Fwp%2Fv2%2Ftags&post=2511"},{"taxonomy":"author","embeddable":true,"href":"https:\/\/gundem59.com.tr\/index.php?rest_route=%2Fwp%2Fv2%2Fppma_author&post=2511"}],"curies":[{"name":"wp","href":"https:\/\/api.w.org\/{rel}","templated":true}]}}