{"id":2508,"date":"2026-06-27T12:18:05","date_gmt":"2026-06-27T12:18:05","guid":{"rendered":"https:\/\/gundem59.com.tr\/?p=2508"},"modified":"2026-06-27T12:18:05","modified_gmt":"2026-06-27T12:18:05","slug":"kadir-inanirin-cenaze-programi-degisti","status":"publish","type":"post","link":"https:\/\/gundem59.com.tr\/?p=2508","title":{"rendered":"Kadir \u0130nan\u0131r&#8217;\u0131n cenaze program\u0131 de\u011fi\u015fti"},"content":{"rendered":"\n<p class=\"wp-block-paragraph\">Hayat\u0131n\u0131 kaybederek t\u00fcm T\u00fcrkiye&#8217;yi yasa bo\u011fan T\u00fcrk sinemas\u0131n\u0131n efsane ismi Kadir \u0130nan\u0131r&#8217;\u0131n cenaze program\u0131nda son dakika de\u011fi\u015fikli\u011fine gidildi. Daha \u00f6nce Atat\u00fcrk K\u00fclt\u00fcr Merkezi&#8217;nde (AKM) yap\u0131laca\u011f\u0131 duyurulan veda t\u00f6reninin yeni adresi Harbiye Muhsin Ertu\u011frul Sahnesi olarak g\u00fcncellendi. Usta sanat\u00e7\u0131, pazar g\u00fcn\u00fc d\u00fczenlenecek t\u00f6renlerin ard\u0131ndan topra\u011fa verilecek.<\/p>\n\n\n\n<p class=\"wp-block-paragraph\">Ye\u015fil\u00e7am&#8217;\u0131n unutulmaz y\u00fcz\u00fc, T\u00fcrk sinemas\u0131n\u0131n usta akt\u00f6r\u00fc&nbsp;<a href=\"https:\/\/www.sondakika.com\/kadir-inanir\/\">Kadir \u0130nan\u0131r<\/a>&#8216;dan gelen ac\u0131 haber, sanat d\u00fcnyas\u0131n\u0131 ve t\u00fcm&nbsp;<a href=\"https:\/\/www.sondakika.com\/turkiye\/\">T\u00fcrkiye<\/a>&#8216;yi yasa bo\u011fdu. Bir s\u00fcredir sa\u011fl\u0131k sorunlar\u0131yla m\u00fccadele eden ve Ac\u0131badem Fulya Hastanesi&#8217;nde ent\u00fcbe edilerek yo\u011fun bak\u0131mda tedavi g\u00f6ren 77 ya\u015f\u0131ndaki \u0130nan\u0131r, hayata g\u00f6zlerini yumdu.<\/p>\n\n\n\n<h3 class=\"wp-block-heading\">HARB\u0130YE&#8217;DE ANILACAK, ULUS MEZARLI\u011eI&#8217;NA DEFNED\u0130LECEK<\/h3>\n\n\n\n<p class=\"wp-block-paragraph\">Vefat\u0131yla milyonlar\u0131 derinden sarsan efsanevi oyuncu i\u00e7in d\u00fczenlenecek cenaze t\u00f6reninin detaylar\u0131 belli oldu. Daha \u00f6nce Atat\u00fcrk K\u00fclt\u00fcr Merkezi&#8217;nde (<a href=\"https:\/\/www.sondakika.com\/akm\/\">AKM<\/a>) yap\u0131laca\u011f\u0131 duyurulan anma t\u00f6reninin adresi g\u00fcncellendi. Veda program\u0131na g\u00f6re, usta sanat\u00e7\u0131 i\u00e7in ilk t\u00f6ren 28 Haziran&nbsp;<a href=\"https:\/\/www.sondakika.com\/pazar\/\">Pazar<\/a>&nbsp;g\u00fcn\u00fc saat 13.00&#8217;te Harbiye Muhsin Ertu\u011frul Sahnesi&#8217;nde ger\u00e7ekle\u015ftirilecek. Buradaki anma t\u00f6reninin ard\u0131ndan Kadir \u0130nan\u0131r&#8217;\u0131n cenazesi, Barbaros Hayrettin Pa\u015fa Camisi&#8217;ne getirilecek. K\u0131l\u0131nacak cenaze namaz\u0131n\u0131 m\u00fcteakip usta akt\u00f6r, Ulus Mezarl\u0131\u011f\u0131&#8217;nda dualarla son yolculu\u011funa u\u011furlanacak. Defin sonras\u0131&nbsp;Akatlar K\u00fclt\u00fcr Merkezi&#8217;nde taziyeler kabul edilecek.<a href=\"https:\/\/www.sondakika.com\/haber\/haber-yesilcamin-efsane-ikilisini-olum-ayirdi-turkan-19993895\/\" target=\"_blank\" rel=\"noreferrer noopener\">Ye\u015fil\u00e7am&#8217;\u0131n efsane ikilisini \u00f6l\u00fcm ay\u0131rd\u0131: T\u00fcrkan \u015eoray ac\u0131 haberi al\u0131nca fenala\u015ft\u0131<\/a><\/p>\n\n\n\n<figure class=\"wp-block-image\"><img  title=\"\" decoding=\"async\" src=\"https:\/\/foto.sondakika.com\/haber\/2026\/06\/27\/kadir-inanirin-cenaze-programi-15227733-2226_1_m.jpg\"  alt=\"kadir-inanirin-cenaze-programi-15227733-2226_1_m Kadir \u0130nan\u0131r&#039;\u0131n cenaze program\u0131 de\u011fi\u015fti\" \/><\/figure>\n\n\n\n<h3 class=\"wp-block-heading\">LEVENT \u0130NANIR: \u00c7OK D\u0130REND\u0130, \u00c7OK YORULMU\u015eTU<\/h3>\n\n\n\n<p class=\"wp-block-paragraph\">Vefat haberinin ard\u0131ndan hastane \u00f6n\u00fcnde bas\u0131n mensuplar\u0131na a\u00e7\u0131klamalarda bulunan Kadir \u0130nan\u0131r&#8217;\u0131n ye\u011feni, oyuncu Levent \u0130nan\u0131r, day\u0131s\u0131n\u0131n ne kadar sevildi\u011fini bu s\u00fcre\u00e7te bir kez daha anlad\u0131klar\u0131n\u0131 ifade etti. G\u00f6zya\u015flar\u0131na hakim olmakta zorlanan \u0130nan\u0131r, \u015funlar\u0131 s\u00f6yledi:<\/p>\n\n\n\n<p class=\"wp-block-paragraph\">&#8220;Ona, tan\u0131d\u0131\u011f\u0131 tan\u0131mad\u0131\u011f\u0131 herkes dua etti. Bu s\u00fcre\u00e7te film \u00e7ekmek i\u00e7in Diyarbak\u0131r&#8217;da, Bing\u00f6l&#8217;de bulundum. \u0130nan\u0131n sokakta y\u00fcr\u00fcyemedim. Onun bu kadar sevildi\u011fini bilmiyordum.&#8221;<\/p>\n\n\n\n<p class=\"wp-block-paragraph\">Day\u0131s\u0131n\u0131n hastal\u0131kla b\u00fcy\u00fck bir m\u00fccadele verdi\u011fini vurgulayan Levent \u0130nan\u0131r, s\u00f6zlerini \u015f\u00f6yle s\u00fcrd\u00fcrd\u00fc:<\/p>\n\n\n\n<p class=\"wp-block-paragraph\">&#8220;Canl\u0131 \u015fahidiyim. Doktorlar da sa\u011f olsun. \u00dcst \u00fcste 8 y\u0131lda \u00e7ok s\u0131k\u0131nt\u0131lar ya\u015fad\u0131. Bu kadar dayanabildi. En son ent\u00fcbe s\u00fcrecinden \u00f6nce g\u00f6r\u00fc\u015ft\u00fck. \u00c7ok iyiydi ama direniyordu. Hatta espri yapt\u0131 ama \u00e7ok yorulmu\u015f, \u00e7ok y\u0131pranm\u0131\u015ft\u0131. Mekan\u0131 cennet olsun.&#8221;<\/p>\n\n\n\n<figure class=\"wp-block-image\"><img  title=\"\" decoding=\"async\" src=\"https:\/\/foto.sondakika.com\/haber\/2026\/06\/27\/kadir-inanirin-cenaze-programi-39444033-5667_1_m.jpg\"  alt=\"kadir-inanirin-cenaze-programi-39444033-5667_1_m Kadir \u0130nan\u0131r&#039;\u0131n cenaze program\u0131 de\u011fi\u015fti\" \/><\/figure>\n\n\n\n<h3 class=\"wp-block-heading\">HASTANEDEN RESM\u0130 A\u00c7IKLAMA GELD\u0130<\/h3>\n\n\n\n<p class=\"wp-block-paragraph\">Kadir \u0130nan\u0131r&#8217;\u0131n tedavi s\u00fcrecini y\u00fcr\u00fcten Ac\u0131badem Fulya Hastanesi Ba\u015fhekimi Prof. Dr. H\u00fcsn\u00fc G\u00f6rgen, sanat\u00e7\u0131n\u0131n vefat nedenine ili\u015fkin kamuoyunu bilgilendiren yaz\u0131l\u0131 bir a\u00e7\u0131klama payla\u015ft\u0131. T\u0131bbi s\u00fcrecin \u00f6zetlendi\u011fi a\u00e7\u0131klamada \u015fu ifadelere yer verildi:<\/p>\n\n\n\n<p class=\"wp-block-paragraph\">&#8220;\u0130leri evre akci\u011fer kanseri ile m\u00fccadele eden Kadir \u0130nan\u0131r, 13 May\u0131s&#8217;tan itibaren kanserin yaratt\u0131\u011f\u0131 solunum s\u0131k\u0131nt\u0131s\u0131 ve pn\u00f6moni nedeniyle hastanemizde tedavi g\u00f6r\u00fcyordu. Solunum yetmezli\u011finin derinle\u015fmesi \u00fczerine 14 May\u0131s&#8217;ta yo\u011fun bak\u0131ma al\u0131nd\u0131. Akut b\u00f6brek yetmezli\u011fi ve ileri evre akci\u011fer kanserine ba\u011fl\u0131 solunum yetmezli\u011fi nedeniyle durumu a\u011f\u0131r seyreden Kadir \u0130nan\u0131r, bug\u00fcn \u00e7oklu organ yetmezli\u011fi nedeniyle saat 18.05&#8217;te hayat\u0131n\u0131 kaybetti. Kendisine Allah&#8217;tan rahmet, ailesine ve t\u00fcm sevenlerine sab\u0131rlar diliyoruz.&#8221;<\/p>\n\n\n\n<figure class=\"wp-block-image\"><img  title=\"\" decoding=\"async\" src=\"https:\/\/foto.sondakika.com\/haber\/2026\/06\/27\/kadir-inanirin-cenaze-programi-70220071-1293_1_m.jpg\"  alt=\"kadir-inanirin-cenaze-programi-70220071-1293_1_m Kadir \u0130nan\u0131r&#039;\u0131n cenaze program\u0131 de\u011fi\u015fti\" \/><\/figure>\n\n\n\n<h3 class=\"wp-block-heading\"><\/h3>\n","protected":false},"excerpt":{"rendered":"<p>Hayat\u0131n\u0131 kaybederek t\u00fcm T\u00fcrkiye&#8217;yi yasa bo\u011fan T\u00fcrk sinemas\u0131n\u0131n efsane ismi Kadir \u0130nan\u0131r&#8217;\u0131n cenaze program\u0131nda son&#8230;<\/p>\n","protected":false},"author":1,"featured_media":2509,"comment_status":"closed","ping_status":"closed","sticky":false,"template":"","format":"standard","meta":{"footnotes":""},"categories":[51],"tags":[],"ppma_author":[57],"class_list":["post-2508","post","type-post","status-publish","format-standard","has-post-thumbnail","hentry","category-magazin"],"authors":[{"term_id":57,"user_id":1,"is_guest":0,"slug":"admin","display_name":"Alp Aslan","avatar_url":"https:\/\/secure.gravatar.com\/avatar\/07c18c5ad3350b025db8f3328450e071acb435c703e565899c880c63362f137a?s=96&d=mm&r=g","author_category":"1","first_name":"Alp Aslan","last_name":"ER\u0130N","user_url":"http:\/\/www.gundem59.com.tr","job_title":"","description":""}],"_links":{"self":[{"href":"https:\/\/gundem59.com.tr\/index.php?rest_route=\/wp\/v2\/posts\/2508","targetHints":{"allow":["GET"]}}],"collection":[{"href":"https:\/\/gundem59.com.tr\/index.php?rest_route=\/wp\/v2\/posts"}],"about":[{"href":"https:\/\/gundem59.com.tr\/index.php?rest_route=\/wp\/v2\/types\/post"}],"author":[{"embeddable":true,"href":"https:\/\/gundem59.com.tr\/index.php?rest_route=\/wp\/v2\/users\/1"}],"replies":[{"embeddable":true,"href":"https:\/\/gundem59.com.tr\/index.php?rest_route=%2Fwp%2Fv2%2Fcomments&post=2508"}],"version-history":[{"count":1,"href":"https:\/\/gundem59.com.tr\/index.php?rest_route=\/wp\/v2\/posts\/2508\/revisions"}],"predecessor-version":[{"id":2510,"href":"https:\/\/gundem59.com.tr\/index.php?rest_route=\/wp\/v2\/posts\/2508\/revisions\/2510"}],"wp:featuredmedia":[{"embeddable":true,"href":"https:\/\/gundem59.com.tr\/index.php?rest_route=\/wp\/v2\/media\/2509"}],"wp:attachment":[{"href":"https:\/\/gundem59.com.tr\/index.php?rest_route=%2Fwp%2Fv2%2Fmedia&parent=2508"}],"wp:term":[{"taxonomy":"category","embeddable":true,"href":"https:\/\/gundem59.com.tr\/index.php?rest_route=%2Fwp%2Fv2%2Fcategories&post=2508"},{"taxonomy":"post_tag","embeddable":true,"href":"https:\/\/gundem59.com.tr\/index.php?rest_route=%2Fwp%2Fv2%2Ftags&post=2508"},{"taxonomy":"author","embeddable":true,"href":"https:\/\/gundem59.com.tr\/index.php?rest_route=%2Fwp%2Fv2%2Fppma_author&post=2508"}],"curies":[{"name":"wp","href":"https:\/\/api.w.org\/{rel}","templated":true}]}}