{"id":2505,"date":"2026-06-27T11:50:30","date_gmt":"2026-06-27T11:50:30","guid":{"rendered":"https:\/\/gundem59.com.tr\/?p=2505"},"modified":"2026-06-27T11:50:31","modified_gmt":"2026-06-27T11:50:31","slug":"velimesede-alternatif-yol-trafige-acildi-ulasim-rahatladi","status":"publish","type":"post","link":"https:\/\/gundem59.com.tr\/?p=2505","title":{"rendered":"Velime\u015fe\u2019de Alternatif Yol Trafi\u011fe A\u00e7\u0131ld\u0131: Ula\u015f\u0131m Rahatlad\u0131"},"content":{"rendered":"\n<p class=\"wp-block-paragraph\"><strong>Tekirda\u011f\u2019\u0131n Ergene il\u00e7esine ba\u011fl\u0131 Velime\u015fe Mahallesi\u2019nde, g\u00fcvenlik gerek\u00e7esiyle kapat\u0131lan hemzemin ge\u00e7idin ard\u0131ndan yap\u0131m\u0131 tamamlanan alternatif yol vatanda\u015flar\u0131n hizmetine sunuldu. Tekirda\u011f B\u00fcy\u00fck\u015fehir Belediyesi taraf\u0131ndan k\u0131sa s\u00fcrede tamamlanan \u00e7al\u0131\u015fma sayesinde b\u00f6lgedeki ula\u015f\u0131m yeniden rahatlad\u0131.<\/strong><\/p>\n\n\n\n<p class=\"wp-block-paragraph\">Tekirda\u011f Valili\u011fi taraf\u0131ndan, Velime\u015fe Mahallesi Km:141+866 mevkiinde bulunan hemzemin ge\u00e7it ve ba\u011flant\u0131l\u0131 yollar\u0131n, ara\u00e7 ve tren trafi\u011finin olu\u015fturdu\u011fu risk nedeniyle can ve mal g\u00fcvenli\u011fini korumak amac\u0131yla trafi\u011fe kapat\u0131lmas\u0131n\u0131n ard\u0131ndan Tekirda\u011f B\u00fcy\u00fck\u015fehir Belediyesi harekete ge\u00e7ti.<\/p>\n\n\n\n<h3 class=\"wp-block-heading\">\u0130ki Daire Ba\u015fkanl\u0131\u011f\u0131ndan Ortak \u00c7al\u0131\u015fma<\/h3>\n\n\n\n<p class=\"wp-block-paragraph\">Kapatma karar\u0131n\u0131n ard\u0131ndan Ula\u015f\u0131m Dairesi Ba\u015fkanl\u0131\u011f\u0131 ekipleri taraf\u0131ndan alternatif g\u00fczerg\u00e2h planlamas\u0131 yap\u0131l\u0131rken, Fen \u0130\u015fleri Dairesi Ba\u015fkanl\u0131\u011f\u0131 ekipleri de sahada yo\u011fun bir \u00e7al\u0131\u015fma y\u00fcr\u00fctt\u00fc.<\/p>\n\n\n\n<p class=\"wp-block-paragraph\">Bu kapsamda \u00c7orlu Caddesi ile \u0130stasyon Caddesi\u2019ni birbirine ba\u011flayan <strong>1 kilometre uzunlu\u011fundaki Tatar Yolu Caddesi<\/strong> k\u0131sa s\u00fcrede tamamlanarak trafi\u011fe a\u00e7\u0131ld\u0131. Kav\u015fak ba\u011flant\u0131lar\u0131yla birlikte 9 metre geni\u015fli\u011finde in\u015fa edilen yol i\u00e7in zemin g\u00fc\u00e7lendirme \u00e7al\u0131\u015fmalar\u0131 kapsam\u0131nda <strong>4 bin 850 ton ta\u015f dolgu ve mekanik malzeme<\/strong>, ard\u0131ndan ise <strong>2 bin 50 ton s\u0131cak asfalt<\/strong> kullan\u0131ld\u0131.<\/p>\n\n\n\n<h3 class=\"wp-block-heading\">Trafik G\u00fcvenli\u011fi \u0130\u00e7in Ek D\u00fczenlemeler Yap\u0131ld\u0131<\/h3>\n\n\n\n<p class=\"wp-block-paragraph\">Yeni yolun hizmete a\u00e7\u0131lmas\u0131yla birlikte s\u00fcr\u00fc\u015f g\u00fcvenli\u011fini art\u0131rmak amac\u0131yla kav\u015fak d\u00fczenlemeleri de ger\u00e7ekle\u015ftirildi. \u00c7orlu Caddesi kesi\u015fiminde 200 metre bord\u00fcr kullan\u0131larak modern bir kav\u015fak olu\u015fturulurken, alternatif g\u00fczerg\u00e2h \u00fczerindeki yatay ve d\u00fc\u015fey trafik i\u015faretlemeleri tamamland\u0131.<\/p>\n\n\n\n<p class=\"wp-block-paragraph\">Ayr\u0131ca toplu ta\u015f\u0131ma g\u00fczerg\u00e2hlar\u0131 da yeni yol a\u011f\u0131na entegre edilerek vatanda\u015flar\u0131n ula\u015f\u0131mda herhangi bir aksakl\u0131k ya\u015famamas\u0131 sa\u011fland\u0131.<\/p>\n\n\n\n<h3 class=\"wp-block-heading\">Katl\u0131 Kav\u015fak Projesinde S\u00fcre\u00e7 Devam Ediyor<\/h3>\n\n\n\n<p class=\"wp-block-paragraph\">\u00d6te yandan Velime\u015fe\u2019deki ula\u015f\u0131m sorununa kal\u0131c\u0131 \u00e7\u00f6z\u00fcm getirmesi planlanan <strong>\u201cErgene \u0130l\u00e7esi Velime\u015fe Mahallesi Km:141+866 Hemzemin Ge\u00e7idi \u00dczerine Katl\u0131 Kav\u015fak Uygulama Projesi\u201d<\/strong> i\u00e7in \u00e7al\u0131\u015fmalar s\u00fcr\u00fcyor. Tekirda\u011f B\u00fcy\u00fck\u015fehir Belediyesi taraf\u0131ndan haz\u0131rlanan projenin, halen Karayollar\u0131 Genel M\u00fcd\u00fcrl\u00fc\u011f\u00fc\u2019nde onay a\u015famas\u0131nda oldu\u011fu belirtildi.<\/p>\n\n\n\n<p class=\"wp-block-paragraph\">Projenin hayata ge\u00e7irilmesiyle birlikte Velime\u015fe\u2019de ula\u015f\u0131m\u0131n daha g\u00fcvenli, kesintisiz ve modern bir yap\u0131ya kavu\u015fmas\u0131 hedefleniyor.<audio autoplay=\"\"><\/audio><\/p>\n","protected":false},"excerpt":{"rendered":"<p>Tekirda\u011f\u2019\u0131n Ergene il\u00e7esine ba\u011fl\u0131 Velime\u015fe Mahallesi\u2019nde, g\u00fcvenlik gerek\u00e7esiyle kapat\u0131lan hemzemin ge\u00e7idin ard\u0131ndan yap\u0131m\u0131 tamamlanan alternatif&#8230;<\/p>\n","protected":false},"author":1,"featured_media":2506,"comment_status":"closed","ping_status":"closed","sticky":false,"template":"","format":"standard","meta":{"footnotes":""},"categories":[56],"tags":[],"ppma_author":[57],"class_list":["post-2505","post","type-post","status-publish","format-standard","has-post-thumbnail","hentry","category-guncel"],"authors":[{"term_id":57,"user_id":1,"is_guest":0,"slug":"admin","display_name":"Alp Aslan","avatar_url":"https:\/\/secure.gravatar.com\/avatar\/07c18c5ad3350b025db8f3328450e071acb435c703e565899c880c63362f137a?s=96&d=mm&r=g","author_category":"1","first_name":"Alp Aslan","last_name":"ER\u0130N","user_url":"http:\/\/www.gundem59.com.tr","job_title":"","description":""}],"_links":{"self":[{"href":"https:\/\/gundem59.com.tr\/index.php?rest_route=\/wp\/v2\/posts\/2505","targetHints":{"allow":["GET"]}}],"collection":[{"href":"https:\/\/gundem59.com.tr\/index.php?rest_route=\/wp\/v2\/posts"}],"about":[{"href":"https:\/\/gundem59.com.tr\/index.php?rest_route=\/wp\/v2\/types\/post"}],"author":[{"embeddable":true,"href":"https:\/\/gundem59.com.tr\/index.php?rest_route=\/wp\/v2\/users\/1"}],"replies":[{"embeddable":true,"href":"https:\/\/gundem59.com.tr\/index.php?rest_route=%2Fwp%2Fv2%2Fcomments&post=2505"}],"version-history":[{"count":1,"href":"https:\/\/gundem59.com.tr\/index.php?rest_route=\/wp\/v2\/posts\/2505\/revisions"}],"predecessor-version":[{"id":2507,"href":"https:\/\/gundem59.com.tr\/index.php?rest_route=\/wp\/v2\/posts\/2505\/revisions\/2507"}],"wp:featuredmedia":[{"embeddable":true,"href":"https:\/\/gundem59.com.tr\/index.php?rest_route=\/wp\/v2\/media\/2506"}],"wp:attachment":[{"href":"https:\/\/gundem59.com.tr\/index.php?rest_route=%2Fwp%2Fv2%2Fmedia&parent=2505"}],"wp:term":[{"taxonomy":"category","embeddable":true,"href":"https:\/\/gundem59.com.tr\/index.php?rest_route=%2Fwp%2Fv2%2Fcategories&post=2505"},{"taxonomy":"post_tag","embeddable":true,"href":"https:\/\/gundem59.com.tr\/index.php?rest_route=%2Fwp%2Fv2%2Ftags&post=2505"},{"taxonomy":"author","embeddable":true,"href":"https:\/\/gundem59.com.tr\/index.php?rest_route=%2Fwp%2Fv2%2Fppma_author&post=2505"}],"curies":[{"name":"wp","href":"https:\/\/api.w.org\/{rel}","templated":true}]}}