{"id":250,"date":"2026-04-12T07:23:04","date_gmt":"2026-04-12T07:23:04","guid":{"rendered":"https:\/\/gundem59.com.tr\/?p=250"},"modified":"2026-04-12T07:23:05","modified_gmt":"2026-04-12T07:23:05","slug":"buyuksehir-ve-teskiden-marmaraereglisine-dev-altyapi-hamlesi","status":"publish","type":"post","link":"https:\/\/gundem59.com.tr\/?p=250","title":{"rendered":"B\u00dcY\u00dcK\u015eEH\u0130R VE TESK\u0130&#8217;DEN MARMARAERE\u011eL\u0130S\u0130&#8217;NE DEV ALTYAPI HAMLES\u0130"},"content":{"rendered":"\n<p class=\"wp-block-paragraph\">Tekirda\u011f B\u00fcy\u00fck\u015fehir Belediyesi ve Tekirda\u011f Su ve Kanalizasyon \u0130daresi (TESK\u0130), Marmaraere\u011flisi\u2019nde y\u0131llard\u0131r devam eden altyap\u0131 sorununu \u00e7\u00f6z\u00fcme kavu\u015fturma ad\u0131na \u00f6nemli bir projeyi daha hayata ge\u00e7iriyor. Marmaraere\u011flisi Yeni\u00e7iftlik Mahallesi\u2019nde yakla\u015f\u0131k 30 kilometrelik modern kanalizasyon hatt\u0131n\u0131n temeli d\u00fczenlenen t\u00f6renle at\u0131ld\u0131.<\/p>\n\n\n\n<p class=\"wp-block-paragraph\"><strong>\u201cMAZERET \u00dcRETMED\u0130K, HAREKETE GE\u00c7T\u0130K\u201d<\/strong><\/p>\n\n\n\n<p class=\"wp-block-paragraph\">T\u00f6rende konu\u015fan Tekirda\u011f B\u00fcy\u00fck\u015fehir Belediye Ba\u015fkan\u0131 Dr. Candan Y\u00fcceer, Marmaraere\u011flisi\u2019nde y\u0131llard\u0131r s\u00fcregelen altyap\u0131 sorununa kal\u0131c\u0131 \u00e7\u00f6z\u00fcm getirdiklerini belirterek, \u201cMarmaraere\u011flisi\u2019nde y\u0131llard\u0131r devam eden altyap\u0131 sorununu \u00e7\u00f6z\u00fcyoruz. Mazeret \u00fcretmedik, seyirci kalmad\u0131k, harekete ge\u00e7tik. Bu sorunu \u00e7\u00f6zmek i\u00e7in bug\u00fcn ne\u015fteri vurduk. Hi\u00e7bir mahallemizde altyap\u0131 sorunu kalmay\u0131ncaya kadar da \u00e7al\u0131\u015fmalar\u0131m\u0131za devam edece\u011fiz.\u201d dedi.<\/p>\n\n\n\n<p class=\"wp-block-paragraph\"><strong>\u201c259 ARA\u00c7 VE \u0130\u015e MAK\u0130NES\u0130N\u0130 B\u00dcNYEM\u0130ZE KATTIK\u201d<\/strong><\/p>\n\n\n\n<p class=\"wp-block-paragraph\">Ba\u015fkan Y\u00fcceer, TESK\u0130\u2019nin ara\u00e7 ve ekipman kapasitesini \u00f6nemli \u00f6l\u00e7\u00fcde g\u00fc\u00e7lendirdiklerini vurgulayarak, \u201cG\u00f6reve geldi\u011fimizde TESK\u0130\u2019nin ara\u00e7lar\u0131n\u0131n b\u00fcy\u00fck k\u0131sm\u0131 kiral\u0131kt\u0131. Bu durum hizmet kalitesini ve h\u0131z\u0131n\u0131 d\u00fc\u015f\u00fcr\u00fcyordu. Vidanj\u00f6r say\u0131m\u0131z da yetersizdi. Be\u015f vidanj\u00f6rle ba\u015flad\u0131k, bug\u00fcn ise 30 vidanj\u00f6re ula\u015ft\u0131k. Kombine ara\u00e7lar\u0131m\u0131zla birlikte toplamda 259 ara\u00e7 ve i\u015f makinesini b\u00fcnyemize katt\u0131k. Bu tablo, vatanda\u015flar\u0131m\u0131z\u0131n \u00f6dedi\u011fi vergilerin do\u011fru ve tasarruflu \u015fekilde hizmete d\u00f6n\u00fc\u015ft\u00fc\u011f\u00fcn\u00fcn a\u00e7\u0131k bir g\u00f6stergesidir.\u201d ifadelerini kulland\u0131.<\/p>\n\n\n\n<p class=\"wp-block-paragraph\"><strong>MARMARAERE\u011eL\u0130S\u0130 VE YEN\u0130\u00c7\u0130FTL\u0130K\u2019E KR\u0130T\u0130K YATIRIM<\/strong><\/p>\n\n\n\n<p class=\"wp-block-paragraph\">Marmaraere\u011flisi ve Yeni\u00e7iftlik\u2019in altyap\u0131 sorunlar\u0131yla uzun s\u00fcredir m\u00fccadele etti\u011fini ancak s\u00f6z konusu proje ile mevcut sorunlar\u0131n k\u0131sa s\u00fcre i\u00e7inde \u00e7\u00f6z\u00fclece\u011fine dikkat \u00e7eken Candan Ba\u015fkan, \u201cMarmaraere\u011flisi ve Yeni\u00e7iftlik, Marmara\u2019n\u0131n k\u0131y\u0131s\u0131nda adeta cennetten bir k\u00f6\u015fe. Ancak ayn\u0131 zamanda altyap\u0131 sorunlar\u0131yla m\u00fccadele eden dertli b\u00f6lgeler. Biz bu tabloya seyirci kalamazd\u0131k. \u2018Bu sorunu \u00e7\u00f6zece\u011fiz\u2019 dedik ve bug\u00fcn yakla\u015f\u0131k 30 kilometrelik modern kanalizasyon hatt\u0131n\u0131n temelini at\u0131yoruz. Bu proje Yeni\u00e7iftlik, Derea\u011fz\u0131 ve Yenice mahallelerini kaps\u0131yor. Hedefimiz; t\u00fcm mahallerimizde altyap\u0131 sorununu kal\u0131c\u0131 olarak \u00e7\u00f6zmek.\u201ddedi.<\/p>\n\n\n\n<p class=\"wp-block-paragraph\"><strong>\u201cMARMARAERE\u011eL\u0130S\u0130\u2019NE S\u00d6Z VERD\u0130K, YAPIYORUZ\u201d<\/strong><\/p>\n\n\n\n<p class=\"wp-block-paragraph\">Altyap\u0131 yat\u0131r\u0131mlar\u0131n\u0131n g\u00f6r\u00fcnmeyen ancak hayati \u00f6neme sahip yat\u0131r\u0131mlar oldu\u011funa vurgu yapan Ba\u015fkan Y\u00fcceer, \u201cBu yat\u0131r\u0131m Marmaraere\u011flisi\u2019ne ve Yeni\u00e7iftlik\u2019e verdi\u011fimiz s\u00f6z\u00fcn en somut halidir. Altyap\u0131 yat\u0131r\u0131mlar\u0131 zahmetli ve maliyetlidir ancak biz sorumluluktan ka\u00e7m\u0131yoruz. \u00c7\u00fcnk\u00fc ger\u00e7ek belediyecilik, g\u00fcn\u00fc kurtarmak de\u011fil, gelece\u011fi in\u015fa etmektir.\u201d diye konu\u015ftu.<\/p>\n\n\n\n<p class=\"wp-block-paragraph\"><strong>GELECE\u011e\u0130 KAPSAYAN ALTYAPI YATIRIMI<\/strong><\/p>\n\n\n\n<p class=\"wp-block-paragraph\">Projenin yaln\u0131zca bug\u00fcn\u00fc de\u011fil, gelece\u011fi de kapsayacak \u015fekilde planland\u0131\u011f\u0131n\u0131 belirten Y\u00fcceer, s\u00f6zlerini \u015f\u00f6yle noktalad\u0131: \u201cBu projeyi \u00f6n\u00fcm\u00fczdeki 30 y\u0131l\u0131n n\u00fcfus projeksiyonunu dikkate alarak planlad\u0131k. Yaz aylar\u0131nda artan n\u00fcfusu da g\u00f6z \u00f6n\u00fcnde bulundurduk. S\u00fcre\u00e7te kaz\u0131lar ve ge\u00e7ici s\u0131k\u0131nt\u0131lar ya\u015fanabilir ancak \u00e7al\u0131\u015fmalar\u0131 en k\u0131sa s\u00fcrede tamamlayaca\u011f\u0131z. Bug\u00fcn att\u0131\u011f\u0131m\u0131z temelin Yeni\u00e7iftlik\u2019e ve Marmaraere\u011flisi\u2019ne hay\u0131rl\u0131 olmas\u0131n\u0131 diliyorum.\u201d<\/p>\n\n\n\n<p class=\"wp-block-paragraph\"><strong>\u00c7EVRE VE HALK SA\u011eLI\u011eI G\u00dcVENCE ALTINA ALINACAK<\/strong><\/p>\n\n\n\n<p class=\"wp-block-paragraph\">TESK\u0130 Genel M\u00fcd\u00fcr\u00fc Dr. Onur \u00d6zg\u00fcl de t\u00f6rende yapt\u0131\u011f\u0131 konu\u015fmada, proje kapsam\u0131nda at\u0131k sular\u0131n modern ar\u0131tma tesislerine ula\u015ft\u0131r\u0131laca\u011f\u0131n\u0131 belirterek bu sayede hem \u00e7evrenin korunaca\u011f\u0131n\u0131 hem de halk sa\u011fl\u0131\u011f\u0131n\u0131n g\u00fcvence alt\u0131na al\u0131naca\u011f\u0131n\u0131 ifade etti. Genel M\u00fcd\u00fcr Dr. \u00d6zg\u00fcl, \u00e7al\u0131\u015fman\u0131n tamamlanmas\u0131yla birlikte yakla\u015f\u0131k 3 bin hanenin de at\u0131k su sorununun \u00e7\u00f6z\u00fclece\u011fini ve b\u00f6lgede uzun s\u00fcredir ya\u015fanan vidanj\u00f6r ihtiyac\u0131n\u0131n ortadan kald\u0131r\u0131laca\u011f\u0131n\u0131 kaydetti.<\/p>\n\n\n\n<p class=\"wp-block-paragraph\">Yeni\u00e7iftlik Mahallesi\u2019nde ger\u00e7ekle\u015ftirilen temel atma t\u00f6renine il\u00e7e belediye ba\u015fkanlar\u0131, kurum ve kurulu\u015f temsilcileri, meclis \u00fcyeleri, sivil toplum kurulu\u015flar\u0131 ve siyasi parti temsilcileri ile \u00e7ok say\u0131da vatanda\u015f kat\u0131ld\u0131.<\/p>\n","protected":false},"excerpt":{"rendered":"<p>Tekirda\u011f B\u00fcy\u00fck\u015fehir Belediyesi ve Tekirda\u011f Su ve Kanalizasyon \u0130daresi (TESK\u0130), Marmaraere\u011flisi\u2019nde y\u0131llard\u0131r devam eden altyap\u0131&#8230;<\/p>\n","protected":false},"author":1,"featured_media":251,"comment_status":"open","ping_status":"open","sticky":false,"template":"","format":"standard","meta":{"footnotes":""},"categories":[1],"tags":[],"ppma_author":[57],"class_list":["post-250","post","type-post","status-publish","format-standard","has-post-thumbnail","hentry","category-tekirdag-gundemi"],"authors":[{"term_id":57,"user_id":1,"is_guest":0,"slug":"admin","display_name":"Alp Aslan","avatar_url":"https:\/\/secure.gravatar.com\/avatar\/07c18c5ad3350b025db8f3328450e071acb435c703e565899c880c63362f137a?s=96&d=mm&r=g","author_category":"1","first_name":"Alp Aslan","last_name":"ER\u0130N","user_url":"http:\/\/www.gundem59.com.tr","job_title":"","description":""}],"_links":{"self":[{"href":"https:\/\/gundem59.com.tr\/index.php?rest_route=\/wp\/v2\/posts\/250","targetHints":{"allow":["GET"]}}],"collection":[{"href":"https:\/\/gundem59.com.tr\/index.php?rest_route=\/wp\/v2\/posts"}],"about":[{"href":"https:\/\/gundem59.com.tr\/index.php?rest_route=\/wp\/v2\/types\/post"}],"author":[{"embeddable":true,"href":"https:\/\/gundem59.com.tr\/index.php?rest_route=\/wp\/v2\/users\/1"}],"replies":[{"embeddable":true,"href":"https:\/\/gundem59.com.tr\/index.php?rest_route=%2Fwp%2Fv2%2Fcomments&post=250"}],"version-history":[{"count":1,"href":"https:\/\/gundem59.com.tr\/index.php?rest_route=\/wp\/v2\/posts\/250\/revisions"}],"predecessor-version":[{"id":252,"href":"https:\/\/gundem59.com.tr\/index.php?rest_route=\/wp\/v2\/posts\/250\/revisions\/252"}],"wp:featuredmedia":[{"embeddable":true,"href":"https:\/\/gundem59.com.tr\/index.php?rest_route=\/wp\/v2\/media\/251"}],"wp:attachment":[{"href":"https:\/\/gundem59.com.tr\/index.php?rest_route=%2Fwp%2Fv2%2Fmedia&parent=250"}],"wp:term":[{"taxonomy":"category","embeddable":true,"href":"https:\/\/gundem59.com.tr\/index.php?rest_route=%2Fwp%2Fv2%2Fcategories&post=250"},{"taxonomy":"post_tag","embeddable":true,"href":"https:\/\/gundem59.com.tr\/index.php?rest_route=%2Fwp%2Fv2%2Ftags&post=250"},{"taxonomy":"author","embeddable":true,"href":"https:\/\/gundem59.com.tr\/index.php?rest_route=%2Fwp%2Fv2%2Fppma_author&post=250"}],"curies":[{"name":"wp","href":"https:\/\/api.w.org\/{rel}","templated":true}]}}