{"id":2499,"date":"2026-06-27T10:46:35","date_gmt":"2026-06-27T10:46:35","guid":{"rendered":"https:\/\/gundem59.com.tr\/?p=2499"},"modified":"2026-06-27T10:46:35","modified_gmt":"2026-06-27T10:46:35","slug":"tekirdagda-kaza-1-olu-2-yarali","status":"publish","type":"post","link":"https:\/\/gundem59.com.tr\/?p=2499","title":{"rendered":"Tekirda\u011f&#8217;da Kaza: 1 \u00d6l\u00fc, 2 Yaral\u0131"},"content":{"rendered":"\n<p class=\"wp-block-paragraph\">Tekirda\u011f&#8217;da otomobilin motosiklete \u00e7arpmas\u0131 sonucu 1 ki\u015fi hayat\u0131n\u0131 kaybetti, 2 ki\u015fi yaraland\u0131.<\/p>\n\n\n\n<p class=\"wp-block-paragraph\"><a href=\"https:\/\/www.sondakika.com\/tekirdag\/\">Tekirda\u011f<\/a>&#8216;da otomobilin motosiklete \u00e7arpmas\u0131 sonucu 1 ki\u015fi \u00f6ld\u00fc, 2 ki\u015fi yaraland\u0131.<\/p>\n\n\n\n<p class=\"wp-block-paragraph\">\u00d6.G&#8217;nin kulland\u0131\u011f\u0131 16 KEG 22 plakal\u0131 otomobil, Yukar\u0131k\u0131l\u0131\u00e7l\u0131 Mahallesi&#8217;nde, Erol Korkmaz (50) idaresindeki plakas\u0131z motosiklete \u00e7arpt\u0131.<\/p>\n\n\n\n<p class=\"wp-block-paragraph\">\u00c7evredekilerin bildirmesi \u00fczerine olay yerine sa\u011fl\u0131k ve jandarma ekipleri sevk edildi.<\/p>\n\n\n\n<p class=\"wp-block-paragraph\">Kazada, motosiklet s\u00fcr\u00fcc\u00fcs\u00fc Korkmaz hayat\u0131n\u0131 kaybetti, otomobildeki C.G. ile A.\u00d6. yaraland\u0131.<\/p>\n\n\n\n<p class=\"wp-block-paragraph\">Yaral\u0131lar, Tekirda\u011f \u0130smail Fehmi Cumal\u0131o\u011flu \u015eehir Hastanesine kald\u0131r\u0131ld\u0131.<\/p>\n\n\n\n<p class=\"wp-block-paragraph\">Korkmaz&#8217;\u0131n cesedi de cumhuriyet savc\u0131s\u0131n\u0131n incelemesinin ard\u0131ndan ayn\u0131 hastanenin morguna kald\u0131r\u0131ld\u0131.<\/p>\n\n\n\n<p class=\"wp-block-paragraph\">Otomobil s\u00fcr\u00fcc\u00fcs\u00fc g\u00f6zalt\u0131na al\u0131nd\u0131.<\/p>\n","protected":false},"excerpt":{"rendered":"<p>Tekirda\u011f&#8217;da otomobilin motosiklete \u00e7arpmas\u0131 sonucu 1 ki\u015fi hayat\u0131n\u0131 kaybetti, 2 ki\u015fi yaraland\u0131. Tekirda\u011f&#8216;da otomobilin motosiklete&#8230;<\/p>\n","protected":false},"author":1,"featured_media":2500,"comment_status":"closed","ping_status":"closed","sticky":false,"template":"","format":"standard","meta":{"footnotes":""},"categories":[56],"tags":[],"ppma_author":[57],"class_list":["post-2499","post","type-post","status-publish","format-standard","has-post-thumbnail","hentry","category-guncel"],"authors":[{"term_id":57,"user_id":1,"is_guest":0,"slug":"admin","display_name":"Alp Aslan","avatar_url":"https:\/\/secure.gravatar.com\/avatar\/07c18c5ad3350b025db8f3328450e071acb435c703e565899c880c63362f137a?s=96&d=mm&r=g","author_category":"1","first_name":"Alp Aslan","last_name":"ER\u0130N","user_url":"http:\/\/www.gundem59.com.tr","job_title":"","description":""}],"_links":{"self":[{"href":"https:\/\/gundem59.com.tr\/index.php?rest_route=\/wp\/v2\/posts\/2499","targetHints":{"allow":["GET"]}}],"collection":[{"href":"https:\/\/gundem59.com.tr\/index.php?rest_route=\/wp\/v2\/posts"}],"about":[{"href":"https:\/\/gundem59.com.tr\/index.php?rest_route=\/wp\/v2\/types\/post"}],"author":[{"embeddable":true,"href":"https:\/\/gundem59.com.tr\/index.php?rest_route=\/wp\/v2\/users\/1"}],"replies":[{"embeddable":true,"href":"https:\/\/gundem59.com.tr\/index.php?rest_route=%2Fwp%2Fv2%2Fcomments&post=2499"}],"version-history":[{"count":1,"href":"https:\/\/gundem59.com.tr\/index.php?rest_route=\/wp\/v2\/posts\/2499\/revisions"}],"predecessor-version":[{"id":2501,"href":"https:\/\/gundem59.com.tr\/index.php?rest_route=\/wp\/v2\/posts\/2499\/revisions\/2501"}],"wp:featuredmedia":[{"embeddable":true,"href":"https:\/\/gundem59.com.tr\/index.php?rest_route=\/wp\/v2\/media\/2500"}],"wp:attachment":[{"href":"https:\/\/gundem59.com.tr\/index.php?rest_route=%2Fwp%2Fv2%2Fmedia&parent=2499"}],"wp:term":[{"taxonomy":"category","embeddable":true,"href":"https:\/\/gundem59.com.tr\/index.php?rest_route=%2Fwp%2Fv2%2Fcategories&post=2499"},{"taxonomy":"post_tag","embeddable":true,"href":"https:\/\/gundem59.com.tr\/index.php?rest_route=%2Fwp%2Fv2%2Ftags&post=2499"},{"taxonomy":"author","embeddable":true,"href":"https:\/\/gundem59.com.tr\/index.php?rest_route=%2Fwp%2Fv2%2Fppma_author&post=2499"}],"curies":[{"name":"wp","href":"https:\/\/api.w.org\/{rel}","templated":true}]}}