{"id":2493,"date":"2026-06-27T10:42:37","date_gmt":"2026-06-27T10:42:37","guid":{"rendered":"https:\/\/gundem59.com.tr\/?p=2493"},"modified":"2026-06-27T10:42:38","modified_gmt":"2026-06-27T10:42:38","slug":"tamsis-degerlendirme-toplantisi-tekirdagda-yapildi","status":"publish","type":"post","link":"https:\/\/gundem59.com.tr\/?p=2493","title":{"rendered":"TAMS\u0130S De\u011ferlendirme Toplant\u0131s\u0131 Tekirda\u011f&#8217;da Yap\u0131ld\u0131"},"content":{"rendered":"\n<p class=\"wp-block-paragraph\">Tar\u0131m Reformu Genel M\u00fcd\u00fcrl\u00fc\u011f\u00fc, Tekirda\u011f&#8217;da TAMS\u0130S uygulamalar\u0131 i\u00e7in toplant\u0131 ve inceleme d\u00fczenledi.<\/p>\n\n\n\n<p class=\"wp-block-paragraph\"><a href=\"https:\/\/www.sondakika.com\/tarim\/\">Tar\u0131m<\/a>&nbsp;Reformu Genel M\u00fcd\u00fcrl\u00fc\u011f\u00fcnce,&nbsp;<a href=\"https:\/\/www.sondakika.com\/tekirdag\/\">Tekirda\u011f<\/a>&#8216;da Tar\u0131msal Maliyet Sistemi (TAMS\u0130S) uygulamalar\u0131na y\u00f6nelik de\u011ferlendirme toplant\u0131s\u0131 d\u00fczenlendi.<\/p>\n\n\n\n<p class=\"wp-block-paragraph\">\u0130l Tar\u0131m ve Orman M\u00fcd\u00fcrl\u00fc\u011f\u00fcnde ger\u00e7ekle\u015ftirilen toplant\u0131da, ay\u00e7i\u00e7e\u011fi \u00fcretim maliyetlerinin TAMS\u0130S uygulamalar\u0131 kapsam\u0131nda de\u011ferlendirilmesi, veri giri\u015f s\u00fcrecinin incelenmesi, veri do\u011frulama y\u00f6ntemlerinin g\u00f6zden ge\u00e7irilmesi ve maliyet hesaplama y\u00f6ntemlerinin geli\u015ftirilmesi ele al\u0131nd\u0131.<\/p>\n\n\n\n<p class=\"wp-block-paragraph\">Toplant\u0131da, &#8220;Veri Toplama ve Kontrol&#8221; ile &#8220;\u00dcretim Maliyeti Unsurlar\u0131n\u0131n De\u011ferlendirilmesi&#8221; ba\u015fl\u0131klar\u0131nda g\u00f6r\u00fc\u015f al\u0131\u015fveri\u015finde bulunuldu.<\/p>\n\n\n\n<p class=\"wp-block-paragraph\">Kat\u0131l\u0131mc\u0131lar, TAMS\u0130S uygulamalar\u0131n\u0131n etkinli\u011finin art\u0131r\u0131lmas\u0131na y\u00f6nelik de\u011ferlendirmelerde bulundu.<\/p>\n\n\n\n<p class=\"wp-block-paragraph\">Toplant\u0131n\u0131n ard\u0131ndan heyet, an\u0131za ekim y\u00f6ntemiyle yeti\u015ftirilen ay\u00e7i\u00e7e\u011fi ekili alanlarda teknik inceleme yaparak uygulamalar\u0131 yerinde de\u011ferlendirdi.<\/p>\n\n\n\n<p class=\"wp-block-paragraph\">Toplant\u0131ya, \u0130l Tar\u0131m ve Orman M\u00fcd\u00fcr\u00fc Mehmet Aksoy, Tar\u0131m Reformu Genel M\u00fcd\u00fcrl\u00fc\u011f\u00fc, Bitkisel \u00dcretim Genel M\u00fcd\u00fcrl\u00fc\u011f\u00fc, Tekirda\u011f, Edirne ile K\u0131rklareli il ve il\u00e7e tar\u0131m ve orman m\u00fcd\u00fcrl\u00fcklerinde g\u00f6rev yapan teknik personel kat\u0131ld\u0131.<\/p>\n","protected":false},"excerpt":{"rendered":"<p>Tar\u0131m Reformu Genel M\u00fcd\u00fcrl\u00fc\u011f\u00fc, Tekirda\u011f&#8217;da TAMS\u0130S uygulamalar\u0131 i\u00e7in toplant\u0131 ve inceleme d\u00fczenledi. Tar\u0131m&nbsp;Reformu Genel M\u00fcd\u00fcrl\u00fc\u011f\u00fcnce,&nbsp;Tekirda\u011f&#8216;da&#8230;<\/p>\n","protected":false},"author":1,"featured_media":2494,"comment_status":"closed","ping_status":"closed","sticky":false,"template":"","format":"standard","meta":{"footnotes":""},"categories":[56],"tags":[],"ppma_author":[57],"class_list":["post-2493","post","type-post","status-publish","format-standard","has-post-thumbnail","hentry","category-guncel"],"authors":[{"term_id":57,"user_id":1,"is_guest":0,"slug":"admin","display_name":"Alp Aslan","avatar_url":"https:\/\/secure.gravatar.com\/avatar\/07c18c5ad3350b025db8f3328450e071acb435c703e565899c880c63362f137a?s=96&d=mm&r=g","author_category":"1","first_name":"Alp Aslan","last_name":"ER\u0130N","user_url":"http:\/\/www.gundem59.com.tr","job_title":"","description":""}],"_links":{"self":[{"href":"https:\/\/gundem59.com.tr\/index.php?rest_route=\/wp\/v2\/posts\/2493","targetHints":{"allow":["GET"]}}],"collection":[{"href":"https:\/\/gundem59.com.tr\/index.php?rest_route=\/wp\/v2\/posts"}],"about":[{"href":"https:\/\/gundem59.com.tr\/index.php?rest_route=\/wp\/v2\/types\/post"}],"author":[{"embeddable":true,"href":"https:\/\/gundem59.com.tr\/index.php?rest_route=\/wp\/v2\/users\/1"}],"replies":[{"embeddable":true,"href":"https:\/\/gundem59.com.tr\/index.php?rest_route=%2Fwp%2Fv2%2Fcomments&post=2493"}],"version-history":[{"count":1,"href":"https:\/\/gundem59.com.tr\/index.php?rest_route=\/wp\/v2\/posts\/2493\/revisions"}],"predecessor-version":[{"id":2495,"href":"https:\/\/gundem59.com.tr\/index.php?rest_route=\/wp\/v2\/posts\/2493\/revisions\/2495"}],"wp:featuredmedia":[{"embeddable":true,"href":"https:\/\/gundem59.com.tr\/index.php?rest_route=\/wp\/v2\/media\/2494"}],"wp:attachment":[{"href":"https:\/\/gundem59.com.tr\/index.php?rest_route=%2Fwp%2Fv2%2Fmedia&parent=2493"}],"wp:term":[{"taxonomy":"category","embeddable":true,"href":"https:\/\/gundem59.com.tr\/index.php?rest_route=%2Fwp%2Fv2%2Fcategories&post=2493"},{"taxonomy":"post_tag","embeddable":true,"href":"https:\/\/gundem59.com.tr\/index.php?rest_route=%2Fwp%2Fv2%2Ftags&post=2493"},{"taxonomy":"author","embeddable":true,"href":"https:\/\/gundem59.com.tr\/index.php?rest_route=%2Fwp%2Fv2%2Fppma_author&post=2493"}],"curies":[{"name":"wp","href":"https:\/\/api.w.org\/{rel}","templated":true}]}}