{"id":2490,"date":"2026-06-27T10:40:39","date_gmt":"2026-06-27T10:40:39","guid":{"rendered":"https:\/\/gundem59.com.tr\/?p=2490"},"modified":"2026-06-27T10:40:40","modified_gmt":"2026-06-27T10:40:40","slug":"sehit-polisler-icin-mevlit-programi-duzenlendi","status":"publish","type":"post","link":"https:\/\/gundem59.com.tr\/?p=2490","title":{"rendered":"\u015eehit Polisler \u0130\u00e7in Mevlit Program\u0131 D\u00fczenlendi"},"content":{"rendered":"\n<p class=\"wp-block-paragraph\">Tekirda\u011f&#8217;\u0131n \u00c7orlu il\u00e7esinde, 17 May\u0131s&#8217;ta \u015fehit olan polis memurlar\u0131 Erkan T\u00fct\u00fcnc\u00fcler ve Emrah Ko\u00e7 i\u00e7in Hac\u0131 Mehmet \u015eirik\u00e7i Camisi&#8217;nde mevlit okutuldu. Programa vali yard\u0131mc\u0131s\u0131, kaymakam, emniyet m\u00fcd\u00fcr\u00fc ve \u015fehit yak\u0131nlar\u0131 kat\u0131ld\u0131.<\/p>\n\n\n\n<p class=\"wp-block-paragraph\"><a href=\"https:\/\/www.sondakika.com\/tekirdag\/\">Tekirda\u011f<\/a>&#8216;\u0131n&nbsp;<a href=\"https:\/\/www.sondakika.com\/corlu\/\">\u00c7orlu<\/a>&nbsp;il\u00e7esinde \u015fehit polis memurlar\u0131 Erkan T\u00fct\u00fcnc\u00fcler ve Emrah Ko\u00e7 i\u00e7in mevlit program\u0131 d\u00fczenlendi.<\/p>\n\n\n\n<p class=\"wp-block-paragraph\">Hac\u0131 Mehmet \u015eirik\u00e7i Camisi&#8217;nde ger\u00e7ekle\u015ftirilen programda Kur&#8217;an-\u0131 Kerim okunarak \u015fehit polis memurlar\u0131 i\u00e7in dua edildi.<\/p>\n\n\n\n<p class=\"wp-block-paragraph\">Programa, Tekirda\u011f Vali Yard\u0131mc\u0131s\u0131 Musa Aydemir, \u00c7orlu Kaymakam\u0131 Niyazi Erten, \u0130l Emniyet M\u00fcd\u00fcr\u00fc Ahmet Metin Turanl\u0131, \u00c7orlu Belediye Ba\u015fkan\u0131 Ahmet Sar\u0131kurt, kurum m\u00fcd\u00fcrleri, gaziler, \u015fehit aileleri ve vatanda\u015flar kat\u0131ld\u0131.<\/p>\n\n\n\n<p class=\"wp-block-paragraph\">\u00c7orlu il\u00e7esi Re\u015fadiye Mahallesi Kumyol Caddesi&#8217;ndeki i\u015f merkezine hakk\u0131nda psikolojik rahats\u0131zl\u0131\u011f\u0131 nedeniyle tedavi g\u00f6rmesine y\u00f6nelik mahkeme karar\u0131 bulundu\u011fu belirtilen Orhan Altan&#8217;\u0131n b\u00f6lgede oldu\u011funa dair ihbar \u00fczerine 17 May\u0131s&#8217;ta polis ekipleri sevk edilmi\u015fti.<\/p>\n\n\n\n<p class=\"wp-block-paragraph\">\u0130\u015f merkezine giden polis memurlar\u0131 Erkan T\u00fct\u00fcnc\u00fcler ile Emrah Ko\u00e7, Altan&#8217;\u0131n b\u0131\u00e7akl\u0131 ve silahl\u0131 sald\u0131r\u0131s\u0131na u\u011frayarak \u015fehit olmu\u015ftu.<\/p>\n","protected":false},"excerpt":{"rendered":"<p>Tekirda\u011f&#8217;\u0131n \u00c7orlu il\u00e7esinde, 17 May\u0131s&#8217;ta \u015fehit olan polis memurlar\u0131 Erkan T\u00fct\u00fcnc\u00fcler ve Emrah Ko\u00e7 i\u00e7in&#8230;<\/p>\n","protected":false},"author":1,"featured_media":2491,"comment_status":"closed","ping_status":"closed","sticky":false,"template":"","format":"standard","meta":{"footnotes":""},"categories":[56],"tags":[],"ppma_author":[57],"class_list":["post-2490","post","type-post","status-publish","format-standard","has-post-thumbnail","hentry","category-guncel"],"authors":[{"term_id":57,"user_id":1,"is_guest":0,"slug":"admin","display_name":"Alp Aslan","avatar_url":"https:\/\/secure.gravatar.com\/avatar\/07c18c5ad3350b025db8f3328450e071acb435c703e565899c880c63362f137a?s=96&d=mm&r=g","author_category":"1","first_name":"Alp Aslan","last_name":"ER\u0130N","user_url":"http:\/\/www.gundem59.com.tr","job_title":"","description":""}],"_links":{"self":[{"href":"https:\/\/gundem59.com.tr\/index.php?rest_route=\/wp\/v2\/posts\/2490","targetHints":{"allow":["GET"]}}],"collection":[{"href":"https:\/\/gundem59.com.tr\/index.php?rest_route=\/wp\/v2\/posts"}],"about":[{"href":"https:\/\/gundem59.com.tr\/index.php?rest_route=\/wp\/v2\/types\/post"}],"author":[{"embeddable":true,"href":"https:\/\/gundem59.com.tr\/index.php?rest_route=\/wp\/v2\/users\/1"}],"replies":[{"embeddable":true,"href":"https:\/\/gundem59.com.tr\/index.php?rest_route=%2Fwp%2Fv2%2Fcomments&post=2490"}],"version-history":[{"count":1,"href":"https:\/\/gundem59.com.tr\/index.php?rest_route=\/wp\/v2\/posts\/2490\/revisions"}],"predecessor-version":[{"id":2492,"href":"https:\/\/gundem59.com.tr\/index.php?rest_route=\/wp\/v2\/posts\/2490\/revisions\/2492"}],"wp:featuredmedia":[{"embeddable":true,"href":"https:\/\/gundem59.com.tr\/index.php?rest_route=\/wp\/v2\/media\/2491"}],"wp:attachment":[{"href":"https:\/\/gundem59.com.tr\/index.php?rest_route=%2Fwp%2Fv2%2Fmedia&parent=2490"}],"wp:term":[{"taxonomy":"category","embeddable":true,"href":"https:\/\/gundem59.com.tr\/index.php?rest_route=%2Fwp%2Fv2%2Fcategories&post=2490"},{"taxonomy":"post_tag","embeddable":true,"href":"https:\/\/gundem59.com.tr\/index.php?rest_route=%2Fwp%2Fv2%2Ftags&post=2490"},{"taxonomy":"author","embeddable":true,"href":"https:\/\/gundem59.com.tr\/index.php?rest_route=%2Fwp%2Fv2%2Fppma_author&post=2490"}],"curies":[{"name":"wp","href":"https:\/\/api.w.org\/{rel}","templated":true}]}}