{"id":2487,"date":"2026-06-27T10:38:46","date_gmt":"2026-06-27T10:38:46","guid":{"rendered":"https:\/\/gundem59.com.tr\/?p=2487"},"modified":"2026-06-27T10:38:46","modified_gmt":"2026-06-27T10:38:46","slug":"tekirdagin-lavanta-tarlalari-turizmi-canlandiriyor","status":"publish","type":"post","link":"https:\/\/gundem59.com.tr\/?p=2487","title":{"rendered":"Tekirda\u011f&#8217;\u0131n Lavanta Tarlalar\u0131 Turizmi Canland\u0131r\u0131yor"},"content":{"rendered":"\n<p class=\"wp-block-paragraph\">Tekirda\u011f&#8217;daki lavanta tarlalar\u0131, turistlerin ilgisini \u00e7ekerek kentin turizmine katk\u0131 sa\u011fl\u0131yor.<\/p>\n\n\n\n<p class=\"wp-block-paragraph\"><a href=\"https:\/\/www.sondakika.com\/tekirdag\/\">Tekirda\u011f<\/a>&#8216;daki lavanta tarlalar\u0131, mor renge b\u00fcr\u00fcnen g\u00f6r\u00fcnt\u00fcs\u00fc ve ho\u015f kokusuyla yerli ve yabanc\u0131 turistlerin ilgisini \u00e7ekerek kent turizmine katk\u0131 sa\u011fl\u0131yor.<\/p>\n\n\n\n<p class=\"wp-block-paragraph\">Kent merkezi ile \u00f6zellikle S\u00fcleymanpa\u015fa il\u00e7esinde bulunan lavanta tarlalar\u0131, haziran ay\u0131ndan itibaren ziyaret\u00e7ilerini a\u011f\u0131rlamaya ba\u015flad\u0131.<\/p>\n\n\n\n<p class=\"wp-block-paragraph\">\u00c7i\u00e7eklenme d\u00f6neminde mora b\u00fcr\u00fcnen tarlalar, do\u011fayla i\u00e7 i\u00e7e vakit ge\u00e7irmek isteyenler ile foto\u011fraf tutkunlar\u0131n\u0131n u\u011frak noktas\u0131 haline geldi.<\/p>\n\n\n\n<p class=\"wp-block-paragraph\">Yak\u0131n illerin yan\u0131 s\u0131ra yurt d\u0131\u015f\u0131ndan gelen turistler de lavanta tarlalar\u0131n\u0131 ziyaret ederek olu\u015fturulan dekor alanlar\u0131nda foto\u011fraf \u00e7ektiriyor.<\/p>\n\n\n\n<p class=\"wp-block-paragraph\">Do\u011fal st\u00fcdyo g\u00f6r\u00fcn\u00fcm\u00fcndeki tarlalarda ziyaret\u00e7iler, en g\u00fczel foto\u011fraf karesini yakalamaya \u00e7al\u0131\u015f\u0131rken lavantalar\u0131n aras\u0131nda y\u00fcr\u00fcy\u00fc\u015f yapma imkan\u0131 da buluyor.<\/p>\n\n\n\n<p class=\"wp-block-paragraph\">\u0130l&nbsp;<a href=\"https:\/\/www.sondakika.com\/kultur\/\">K\u00fclt\u00fcr<\/a>&nbsp;ve&nbsp;<a href=\"https:\/\/www.sondakika.com\/turizm\/\">Turizm<\/a>&nbsp;M\u00fcd\u00fcr\u00fc \u00d6mer Faruk Karak\u00fc\u00e7\u00fck, AA muhabirine, lavanta tarlalar\u0131n\u0131n yaz sezonunda Tekirda\u011f&#8217;\u0131n \u00f6nemli turizm noktalar\u0131ndan biri haline geldi\u011fini s\u00f6yledi.<\/p>\n\n\n\n<p class=\"wp-block-paragraph\">Tekirda\u011f&#8217;\u0131n lavanta tarlalar\u0131yla ilgi \u00e7ekmeye devam etti\u011fini ifade eden Karak\u00fc\u00e7\u00fck, &#8220;\u015eehirde bu mevsimde \u00e7ok g\u00fczel renkler var. Ay\u00e7i\u00e7ek tarlalar\u0131 ve lavanta tarlalar\u0131yla her yer farkl\u0131 bir renk. Tekirda\u011f&#8217;da 12 lavanta bah\u00e7esi var. Bunlar kentin turizmine katk\u0131 sa\u011flayan bah\u00e7eler. Lavantalar\u0131n en g\u00fczel, en canl\u0131 oldu\u011fu d\u00f6nemde herkesi \u015fehrimize bu g\u00fczellikleri g\u00f6rmeye bekliyoruz.&#8221; dedi.<\/p>\n\n\n\n<p class=\"wp-block-paragraph\">Karak\u00fc\u00e7\u00fck, lavanta tarlalar\u0131n\u0131n yerli ve yabanc\u0131 turistleri kente \u00e7ekerek turizm hareketlili\u011fine ve b\u00f6lge ekonomisine katk\u0131 sundu\u011funu dile getirdi.<\/p>\n","protected":false},"excerpt":{"rendered":"<p>Tekirda\u011f&#8217;daki lavanta tarlalar\u0131, turistlerin ilgisini \u00e7ekerek kentin turizmine katk\u0131 sa\u011fl\u0131yor. Tekirda\u011f&#8216;daki lavanta tarlalar\u0131, mor renge&#8230;<\/p>\n","protected":false},"author":1,"featured_media":2488,"comment_status":"closed","ping_status":"closed","sticky":false,"template":"","format":"standard","meta":{"footnotes":""},"categories":[56],"tags":[],"ppma_author":[57],"class_list":["post-2487","post","type-post","status-publish","format-standard","has-post-thumbnail","hentry","category-guncel"],"authors":[{"term_id":57,"user_id":1,"is_guest":0,"slug":"admin","display_name":"Alp Aslan","avatar_url":"https:\/\/secure.gravatar.com\/avatar\/07c18c5ad3350b025db8f3328450e071acb435c703e565899c880c63362f137a?s=96&d=mm&r=g","author_category":"1","first_name":"Alp Aslan","last_name":"ER\u0130N","user_url":"http:\/\/www.gundem59.com.tr","job_title":"","description":""}],"_links":{"self":[{"href":"https:\/\/gundem59.com.tr\/index.php?rest_route=\/wp\/v2\/posts\/2487","targetHints":{"allow":["GET"]}}],"collection":[{"href":"https:\/\/gundem59.com.tr\/index.php?rest_route=\/wp\/v2\/posts"}],"about":[{"href":"https:\/\/gundem59.com.tr\/index.php?rest_route=\/wp\/v2\/types\/post"}],"author":[{"embeddable":true,"href":"https:\/\/gundem59.com.tr\/index.php?rest_route=\/wp\/v2\/users\/1"}],"replies":[{"embeddable":true,"href":"https:\/\/gundem59.com.tr\/index.php?rest_route=%2Fwp%2Fv2%2Fcomments&post=2487"}],"version-history":[{"count":1,"href":"https:\/\/gundem59.com.tr\/index.php?rest_route=\/wp\/v2\/posts\/2487\/revisions"}],"predecessor-version":[{"id":2489,"href":"https:\/\/gundem59.com.tr\/index.php?rest_route=\/wp\/v2\/posts\/2487\/revisions\/2489"}],"wp:featuredmedia":[{"embeddable":true,"href":"https:\/\/gundem59.com.tr\/index.php?rest_route=\/wp\/v2\/media\/2488"}],"wp:attachment":[{"href":"https:\/\/gundem59.com.tr\/index.php?rest_route=%2Fwp%2Fv2%2Fmedia&parent=2487"}],"wp:term":[{"taxonomy":"category","embeddable":true,"href":"https:\/\/gundem59.com.tr\/index.php?rest_route=%2Fwp%2Fv2%2Fcategories&post=2487"},{"taxonomy":"post_tag","embeddable":true,"href":"https:\/\/gundem59.com.tr\/index.php?rest_route=%2Fwp%2Fv2%2Ftags&post=2487"},{"taxonomy":"author","embeddable":true,"href":"https:\/\/gundem59.com.tr\/index.php?rest_route=%2Fwp%2Fv2%2Fppma_author&post=2487"}],"curies":[{"name":"wp","href":"https:\/\/api.w.org\/{rel}","templated":true}]}}