{"id":2480,"date":"2026-06-27T00:02:45","date_gmt":"2026-06-27T00:02:45","guid":{"rendered":"https:\/\/gundem59.com.tr\/?p=2480"},"modified":"2026-06-27T00:02:46","modified_gmt":"2026-06-27T00:02:46","slug":"22-geleneksel-yayla-senlikleri-basladi","status":"publish","type":"post","link":"https:\/\/gundem59.com.tr\/?p=2480","title":{"rendered":"22. Geleneksel Yayla \u015eenlikleri Ba\u015flad\u0131"},"content":{"rendered":"\n<p class=\"wp-block-paragraph\">Tekirda\u011f&#8217;da d\u00fczenlenen \u015fenlikte, y\u00f6resel lezzetler ve k\u00fclt\u00fcrel etkinlikler sergilendi.<\/p>\n\n\n\n<p class=\"wp-block-paragraph\"><a href=\"https:\/\/www.sondakika.com\/tekirdag\/\">Tekirda\u011f<\/a>&nbsp;<a href=\"https:\/\/www.sondakika.com\/karadeniz\/\">Karadeniz<\/a>&nbsp;\u0130lleri&nbsp;<a href=\"https:\/\/www.sondakika.com\/kultur\/\">K\u00fclt\u00fcr<\/a>, Yard\u0131mla\u015fma ve Dayan\u0131\u015fma Derne\u011fi ile S\u00fcleymanpa\u015fa Belediyesi i\u015fbirli\u011finde d\u00fczenlenen &#8220;22. Geleneksel Yayla \u015eenlikleri&#8221; ba\u015flad\u0131.<\/p>\n\n\n\n<p class=\"wp-block-paragraph\">Karadeniz Mahallesi&#8217;ndeki \u015fenlik alan\u0131nda ba\u015flayan etkinli\u011fe kat\u0131lan protokol \u00fcyelerini Dernek Ba\u015fkan\u0131 Muharrem Aky\u00fcz ve beraberindekiler kemen\u00e7e e\u015fli\u011finde kar\u015f\u0131lad\u0131. \u015eenlik alan\u0131ndaki stantlar\u0131 gezen protokol \u00fcyeleri, esnafla sohbet etti.<\/p>\n\n\n\n<p class=\"wp-block-paragraph\">Vatanda\u015flar, \u015fenlikte Trabzon ekme\u011fi, Ak\u00e7aabat k\u00f6ftesi, Vakf\u0131kebir tereya\u011f\u0131, kuymak, lahana sarmas\u0131 gibi Karadeniz B\u00f6lgesi&#8217;ne ait y\u00f6resel yemek ve \u00fcr\u00fcnlerin sergilendi\u011fi stantlar\u0131 gezme f\u0131rsat\u0131 buldu.<\/p>\n\n\n\n<p class=\"wp-block-paragraph\">CHP Tekirda\u011f Milletvekili \u0130lhami \u00d6zcan Aygun, 22. Geleneksel Yayla \u015eenlikleri&#8217;nin Karadeniz ve Trakya&#8217;y\u0131 birle\u015ftirdi\u011fini belirterek, \u015fenliklerin her y\u0131l daha da geli\u015fti\u011fini s\u00f6yledi.<\/p>\n\n\n\n<p class=\"wp-block-paragraph\">S\u00fcleymanpa\u015fa Belediye Ba\u015fkan Yard\u0131mc\u0131s\u0131 Emin Benan Utku da Karadenizliler Derne\u011fi taraf\u0131ndan y\u0131llard\u0131r d\u00fczenlenen \u015fenli\u011fe belediye olarak destek olmaktan duyduklar\u0131 mutlulu\u011fu dile getirdi.<\/p>\n\n\n\n<p class=\"wp-block-paragraph\">S\u00fcleymanpa\u015fa&#8217;da farkl\u0131 k\u00fclt\u00fcrlerin bir arada ya\u015fad\u0131\u011f\u0131n\u0131 aktaran Utku, \u015fenliklerin \u00e7ok say\u0131da ziyaret\u00e7iyi a\u011f\u0131rlayaca\u011f\u0131n\u0131 ifade etti.<\/p>\n\n\n\n<p class=\"wp-block-paragraph\">Dernek Ba\u015fkan\u0131 Muharrem Aky\u00fcz de Karadeniz k\u00fclt\u00fcr\u00fcn\u00fc 22 y\u0131ld\u0131r memleketlerinden uzakta ya\u015fatt\u0131klar\u0131n\u0131 ifade ederek, kendilerine destek olarak \u015fenliklerin b\u00fcy\u00fcyerek s\u00fcrmesine katk\u0131s\u0131 olanlara te\u015fekk\u00fcr etti.<\/p>\n\n\n\n<p class=\"wp-block-paragraph\">Aky\u00fcz, yayla \u015fenli\u011finin Karadeniz&#8217;in \u00f6nemli bir k\u00fclt\u00fcr\u00fc oldu\u011funu, insanlar\u0131n bu etkinliklerle kayna\u015ft\u0131\u011f\u0131n\u0131 belirtti.<\/p>\n\n\n\n<p class=\"wp-block-paragraph\">Konu\u015fmalar\u0131n ard\u0131ndan y\u00f6resel k\u0131yafet giyen kad\u0131nlar ve \u015fenli\u011fe kat\u0131lanlar, kemen\u00e7e e\u015fli\u011finde horon oynay\u0131p e\u011flendi.<\/p>\n\n\n\n<p class=\"wp-block-paragraph\">Etkinli\u011fe, \u0130l Emniyet M\u00fcd\u00fcr\u00fc Ahmet Metin Turanl\u0131, kurum m\u00fcd\u00fcrleri ve parti temsilcileri kat\u0131ld\u0131.<\/p>\n\n\n\n<p class=\"wp-block-paragraph\">\u00c7e\u015fitli etkinlikler ve konserlerle devam edecek \u015fenlik, pazar g\u00fcn\u00fc sona erecek.<\/p>\n","protected":false},"excerpt":{"rendered":"<p>Tekirda\u011f&#8217;da d\u00fczenlenen \u015fenlikte, y\u00f6resel lezzetler ve k\u00fclt\u00fcrel etkinlikler sergilendi. Tekirda\u011f&nbsp;Karadeniz&nbsp;\u0130lleri&nbsp;K\u00fclt\u00fcr, Yard\u0131mla\u015fma ve Dayan\u0131\u015fma Derne\u011fi ile&#8230;<\/p>\n","protected":false},"author":1,"featured_media":2481,"comment_status":"closed","ping_status":"closed","sticky":false,"template":"","format":"standard","meta":{"footnotes":""},"categories":[50],"tags":[],"ppma_author":[57],"class_list":["post-2480","post","type-post","status-publish","format-standard","has-post-thumbnail","hentry","category-kultur-ve-sanat"],"authors":[{"term_id":57,"user_id":1,"is_guest":0,"slug":"admin","display_name":"Alp Aslan","avatar_url":"https:\/\/secure.gravatar.com\/avatar\/07c18c5ad3350b025db8f3328450e071acb435c703e565899c880c63362f137a?s=96&d=mm&r=g","author_category":"1","first_name":"Alp Aslan","last_name":"ER\u0130N","user_url":"http:\/\/www.gundem59.com.tr","job_title":"","description":""}],"_links":{"self":[{"href":"https:\/\/gundem59.com.tr\/index.php?rest_route=\/wp\/v2\/posts\/2480","targetHints":{"allow":["GET"]}}],"collection":[{"href":"https:\/\/gundem59.com.tr\/index.php?rest_route=\/wp\/v2\/posts"}],"about":[{"href":"https:\/\/gundem59.com.tr\/index.php?rest_route=\/wp\/v2\/types\/post"}],"author":[{"embeddable":true,"href":"https:\/\/gundem59.com.tr\/index.php?rest_route=\/wp\/v2\/users\/1"}],"replies":[{"embeddable":true,"href":"https:\/\/gundem59.com.tr\/index.php?rest_route=%2Fwp%2Fv2%2Fcomments&post=2480"}],"version-history":[{"count":1,"href":"https:\/\/gundem59.com.tr\/index.php?rest_route=\/wp\/v2\/posts\/2480\/revisions"}],"predecessor-version":[{"id":2482,"href":"https:\/\/gundem59.com.tr\/index.php?rest_route=\/wp\/v2\/posts\/2480\/revisions\/2482"}],"wp:featuredmedia":[{"embeddable":true,"href":"https:\/\/gundem59.com.tr\/index.php?rest_route=\/wp\/v2\/media\/2481"}],"wp:attachment":[{"href":"https:\/\/gundem59.com.tr\/index.php?rest_route=%2Fwp%2Fv2%2Fmedia&parent=2480"}],"wp:term":[{"taxonomy":"category","embeddable":true,"href":"https:\/\/gundem59.com.tr\/index.php?rest_route=%2Fwp%2Fv2%2Fcategories&post=2480"},{"taxonomy":"post_tag","embeddable":true,"href":"https:\/\/gundem59.com.tr\/index.php?rest_route=%2Fwp%2Fv2%2Ftags&post=2480"},{"taxonomy":"author","embeddable":true,"href":"https:\/\/gundem59.com.tr\/index.php?rest_route=%2Fwp%2Fv2%2Fppma_author&post=2480"}],"curies":[{"name":"wp","href":"https:\/\/api.w.org\/{rel}","templated":true}]}}