{"id":2477,"date":"2026-06-26T23:59:56","date_gmt":"2026-06-26T23:59:56","guid":{"rendered":"https:\/\/gundem59.com.tr\/?p=2477"},"modified":"2026-06-26T23:59:56","modified_gmt":"2026-06-26T23:59:56","slug":"tekirdagda-milli-aile-haftasi-coskusu","status":"publish","type":"post","link":"https:\/\/gundem59.com.tr\/?p=2477","title":{"rendered":"Tekirda\u011f&#8217;da &#8216;Milli Aile Haftas\u0131&#8217; Co\u015fkusu"},"content":{"rendered":"\n<p class=\"wp-block-paragraph\">Tekirda\u011f \u0130l Milli E\u011fitim M\u00fcd\u00fcrl\u00fc\u011f\u00fc, &#8216;Milli Aile Haftas\u0131&#8217; kapsam\u0131nda d\u00fczenlenen programla aile kurumunun \u00f6nemine vurgu yapt\u0131. Resim sergisi, m\u00fczik dinletisi ve tiyatro g\u00f6sterisi gibi etkinliklerle aile de\u011ferleri \u00f6n plana \u00e7\u0131kar\u0131ld\u0131.<\/p>\n\n\n\n<p class=\"wp-block-paragraph\"><a href=\"https:\/\/www.sondakika.com\/tekirdag\/\">Tekirda\u011f<\/a>&nbsp;\u0130l Milli&nbsp;<a href=\"https:\/\/www.sondakika.com\/egitim\/\">E\u011fitim<\/a>&nbsp;M\u00fcd\u00fcrl\u00fc\u011f\u00fcn&#8217;ce &#8220;Milli Aile Haftas\u0131&#8221; kapsam\u0131nda Yahya Kemal Beyatl\u0131&nbsp;<a href=\"https:\/\/www.sondakika.com\/kultur\/\">K\u00fclt\u00fcr<\/a>&nbsp;Merkezi&#8217;nde program d\u00fczenlendi. \u00d6\u011frenciler, \u00f6\u011fretmenler ve velilerin yo\u011fun kat\u0131l\u0131m g\u00f6sterdi\u011fi etkinlikte aile kurumunun \u00f6nemine dikkat \u00e7ekildi.<\/p>\n\n\n\n<p class=\"wp-block-paragraph\">Program, \u00f6\u011frencilerin haz\u0131rlad\u0131\u011f\u0131 &#8220;Ailem ve Ben&#8221; temal\u0131 resim sergisinin gezilmesiyle ba\u015flad\u0131. Sayg\u0131 duru\u015fu ve \u0130stiklal Mar\u015f\u0131&#8217;n\u0131n okunmas\u0131yla devam eden etkinlikte, resim yar\u0131\u015fmas\u0131nda dereceye giren \u00f6\u011frencilere \u00f6d\u00fclleri takdim edildi. Program kapsam\u0131nda \u00f6\u011frenciler taraf\u0131ndan m\u00fczik dinletisi sunulurken, aile de\u011ferlerini konu alan tiyatro g\u00f6sterisi de izleyicilerden b\u00fcy\u00fck be\u011feni toplad\u0131.<\/p>\n\n\n\n<p class=\"wp-block-paragraph\">Programda konu\u015fan Tekirda\u011f \u0130l Milli E\u011fitim M\u00fcd\u00fcr\u00fc Abd\u00fclaziz Yeniol, Cumhurba\u015fkan\u0131 Recep Tayyip Erdo\u011fan&#8217;\u0131n himayelerinde 2025 y\u0131l\u0131n\u0131n &#8220;Aile Y\u0131l\u0131&#8221; ilan edildi\u011fini hat\u0131rlatarak, bu kapsamda Tekirda\u011f&#8217;da \u00e7e\u015fitli etkinlikler ger\u00e7ekle\u015ftirdiklerini s\u00f6yledi.<\/p>\n\n\n\n<p class=\"wp-block-paragraph\">Ailenin toplumun en k\u00fc\u00e7\u00fck ancak en g\u00fc\u00e7l\u00fc yap\u0131 ta\u015f\u0131 oldu\u011funu belirten Yeniol, &#8220;Aile dedi\u011fimiz kurum toplumun en k\u00fc\u00e7\u00fck birimi olsa da \u00e7ocuklar\u0131n ilk e\u011fitim ald\u0131\u011f\u0131 yerdir. Bir \u00e7ocu\u011fun ilk \u00f6\u011fretmenleri annesi ve babas\u0131d\u0131r. Bizim amac\u0131m\u0131z e\u011fitimi sadece okulun d\u00f6rt duvar\u0131 aras\u0131nda b\u0131rakmamak, ailelerin de bu s\u00fcrece aktif \u015fekilde kat\u0131lmas\u0131n\u0131 sa\u011flamakt\u0131r. Bug\u00fcn \u00f6\u011frencilerimiz, anneleri ve babalar\u0131yla birlikte \u00e7ok anlaml\u0131 etkinliklere imza att\u0131lar. Sevgi, \u015fefkat, merhamet ve aile gelenekleri \u00fczerine kurulu de\u011ferlerin \u00e7ocuklar\u0131m\u0131za kazand\u0131r\u0131lmas\u0131 b\u00fcy\u00fck \u00f6nem ta\u015f\u0131yor. Sahneledi\u011fimiz g\u00f6steriler de bu mesajlar\u0131 g\u00fc\u00e7l\u00fc \u015fekilde yans\u0131tt\u0131&#8221; dedi.<\/p>\n\n\n\n<p class=\"wp-block-paragraph\">Yeniol, Milli E\u011fitim Bakanl\u0131\u011f\u0131&#8217;n\u0131n aile odakl\u0131 e\u011fitim anlay\u0131\u015f\u0131 do\u011frultusunda y\u00fcr\u00fct\u00fclen \u00e7al\u0131\u015fmalar\u0131n \u00f6n\u00fcm\u00fczdeki s\u00fcre\u00e7te de devam edece\u011fini ifade ederek, program\u0131n haz\u0131rlanmas\u0131nda eme\u011fi ge\u00e7en \u00f6\u011fretmenlere, \u00f6\u011frencilere ve velilere te\u015fekk\u00fcr etti.<\/p>\n\n\n\n<p class=\"wp-block-paragraph\">Renkli g\u00f6r\u00fcnt\u00fclere sahne olan program foto\u011fraf \u00e7ekimiyle sona erdi.<\/p>\n","protected":false},"excerpt":{"rendered":"<p>Tekirda\u011f \u0130l Milli E\u011fitim M\u00fcd\u00fcrl\u00fc\u011f\u00fc, &#8216;Milli Aile Haftas\u0131&#8217; kapsam\u0131nda d\u00fczenlenen programla aile kurumunun \u00f6nemine vurgu&#8230;<\/p>\n","protected":false},"author":1,"featured_media":2478,"comment_status":"closed","ping_status":"closed","sticky":false,"template":"","format":"standard","meta":{"footnotes":""},"categories":[1],"tags":[],"ppma_author":[57],"class_list":["post-2477","post","type-post","status-publish","format-standard","has-post-thumbnail","hentry","category-tekirdag-gundemi"],"authors":[{"term_id":57,"user_id":1,"is_guest":0,"slug":"admin","display_name":"Alp Aslan","avatar_url":"https:\/\/secure.gravatar.com\/avatar\/07c18c5ad3350b025db8f3328450e071acb435c703e565899c880c63362f137a?s=96&d=mm&r=g","author_category":"1","first_name":"Alp Aslan","last_name":"ER\u0130N","user_url":"http:\/\/www.gundem59.com.tr","job_title":"","description":""}],"_links":{"self":[{"href":"https:\/\/gundem59.com.tr\/index.php?rest_route=\/wp\/v2\/posts\/2477","targetHints":{"allow":["GET"]}}],"collection":[{"href":"https:\/\/gundem59.com.tr\/index.php?rest_route=\/wp\/v2\/posts"}],"about":[{"href":"https:\/\/gundem59.com.tr\/index.php?rest_route=\/wp\/v2\/types\/post"}],"author":[{"embeddable":true,"href":"https:\/\/gundem59.com.tr\/index.php?rest_route=\/wp\/v2\/users\/1"}],"replies":[{"embeddable":true,"href":"https:\/\/gundem59.com.tr\/index.php?rest_route=%2Fwp%2Fv2%2Fcomments&post=2477"}],"version-history":[{"count":1,"href":"https:\/\/gundem59.com.tr\/index.php?rest_route=\/wp\/v2\/posts\/2477\/revisions"}],"predecessor-version":[{"id":2479,"href":"https:\/\/gundem59.com.tr\/index.php?rest_route=\/wp\/v2\/posts\/2477\/revisions\/2479"}],"wp:featuredmedia":[{"embeddable":true,"href":"https:\/\/gundem59.com.tr\/index.php?rest_route=\/wp\/v2\/media\/2478"}],"wp:attachment":[{"href":"https:\/\/gundem59.com.tr\/index.php?rest_route=%2Fwp%2Fv2%2Fmedia&parent=2477"}],"wp:term":[{"taxonomy":"category","embeddable":true,"href":"https:\/\/gundem59.com.tr\/index.php?rest_route=%2Fwp%2Fv2%2Fcategories&post=2477"},{"taxonomy":"post_tag","embeddable":true,"href":"https:\/\/gundem59.com.tr\/index.php?rest_route=%2Fwp%2Fv2%2Ftags&post=2477"},{"taxonomy":"author","embeddable":true,"href":"https:\/\/gundem59.com.tr\/index.php?rest_route=%2Fwp%2Fv2%2Fppma_author&post=2477"}],"curies":[{"name":"wp","href":"https:\/\/api.w.org\/{rel}","templated":true}]}}