{"id":2474,"date":"2026-06-26T23:57:12","date_gmt":"2026-06-26T23:57:12","guid":{"rendered":"https:\/\/gundem59.com.tr\/?p=2474"},"modified":"2026-06-27T00:11:38","modified_gmt":"2026-06-27T00:11:38","slug":"saadet-partisi-suleymanpasa-ilce-baskanligindan-muharrem-ayinda-asure-ikrami","status":"publish","type":"post","link":"https:\/\/gundem59.com.tr\/?p=2474","title":{"rendered":"Saadet Partisi S\u00fcleymanpa\u015fa \u0130l\u00e7e Ba\u015fkanl\u0131\u011f\u0131\u2019ndan Muharrem Ay\u0131\u2019nda A\u015fure \u0130kram\u0131"},"content":{"rendered":"\n<p class=\"wp-block-paragraph\">Saadet Partisi S\u00fcleymanpa\u015fa \u0130l\u00e7e Ba\u015fkanl\u0131\u011f\u0131, Muharrem Ay\u0131 dolay\u0131s\u0131yla vatanda\u015flara a\u015fure ikram\u0131nda bulundu. D\u00fczenlenen etkinlikte birlik, beraberlik ve payla\u015fma k\u00fclt\u00fcr\u00fcn\u00fcn \u00f6nemine vurgu yap\u0131ld\u0131.<\/p>\n\n\n\n<figure class=\"wp-block-image size-large\"><img  title=\"\" loading=\"lazy\" decoding=\"async\" width=\"461\" height=\"1024\" src=\"https:\/\/gundem59.com.tr\/wp-content\/uploads\/2026\/06\/WhatsApp-Image-2026-06-27-at-00.12.15-461x1024.jpeg\"  alt=\"WhatsApp-Image-2026-06-27-at-00.12.15-461x1024 Saadet Partisi S\u00fcleymanpa\u015fa \u0130l\u00e7e Ba\u015fkanl\u0131\u011f\u0131\u2019ndan Muharrem Ay\u0131\u2019nda A\u015fure \u0130kram\u0131\"  class=\"wp-image-2475\" srcset=\"https:\/\/gundem59.com.tr\/wp-content\/uploads\/2026\/06\/WhatsApp-Image-2026-06-27-at-00.12.15-461x1024.jpeg 461w, https:\/\/gundem59.com.tr\/wp-content\/uploads\/2026\/06\/WhatsApp-Image-2026-06-27-at-00.12.15-135x300.jpeg 135w, https:\/\/gundem59.com.tr\/wp-content\/uploads\/2026\/06\/WhatsApp-Image-2026-06-27-at-00.12.15-768x1708.jpeg 768w, https:\/\/gundem59.com.tr\/wp-content\/uploads\/2026\/06\/WhatsApp-Image-2026-06-27-at-00.12.15-691x1536.jpeg 691w, https:\/\/gundem59.com.tr\/wp-content\/uploads\/2026\/06\/WhatsApp-Image-2026-06-27-at-00.12.15.jpeg 921w\" sizes=\"auto, (max-width: 461px) 100vw, 461px\" \/><\/figure>\n\n\n\n<p class=\"wp-block-paragraph\">Program kapsam\u0131nda vatanda\u015flarla bir araya gelen Saadet Partisi S\u00fcleymanpa\u015fa \u0130l\u00e7e Ba\u015fkan\u0131 Cebrail Aksu, G\u00fcndem 59 Gazetesi ve internet haber sitesine yapt\u0131\u011f\u0131 a\u00e7\u0131klamada Muharrem Ay\u0131\u2019n\u0131n hay\u0131rlara vesile olmas\u0131n\u0131 temenni etti.<\/p>\n\n\n\n<p class=\"wp-block-paragraph\">Aksu, a\u015fure da\u011f\u0131t\u0131m\u0131n\u0131n yan\u0131 s\u0131ra vatanda\u015flar\u0131 Saadet Partisi Genel Ba\u015fkan\u0131 Mahmut Ar\u0131kan taraf\u0131ndan kamuoyuna tan\u0131t\u0131lan \u201cT\u00fcrkiye Kalk\u0131nma Plan\u0131\u201d hakk\u0131nda da bilgilendirdiklerini belirtti.<\/p>\n\n\n\n<p class=\"wp-block-paragraph\">S\u00f6z konusu plan\u0131n, 41 master proje, 50 ana fabrika ve y\u00fczlerce uydu tesisten olu\u015ftu\u011funu ifade eden Aksu, T\u00fcrkiye\u2019nin \u00fcretim g\u00fcc\u00fcn\u00fc art\u0131rmay\u0131 ve ekonomik kalk\u0131nmay\u0131 hedefleyen projelerin vatanda\u015flarla payla\u015f\u0131ld\u0131\u011f\u0131n\u0131 s\u00f6yledi.<\/p>\n\n\n\n<p class=\"wp-block-paragraph\">Etkinlik boyunca vatanda\u015flara a\u015fure ikram edilirken, Muharrem Ay\u0131\u2019n\u0131n manevi iklimine uygun olarak birlik ve dayan\u0131\u015fma mesajlar\u0131 verildi.<\/p>\n","protected":false},"excerpt":{"rendered":"<p>Saadet Partisi S\u00fcleymanpa\u015fa \u0130l\u00e7e Ba\u015fkanl\u0131\u011f\u0131, Muharrem Ay\u0131 dolay\u0131s\u0131yla vatanda\u015flara a\u015fure ikram\u0131nda bulundu. D\u00fczenlenen etkinlikte birlik,&#8230;<\/p>\n","protected":false},"author":1,"featured_media":2483,"comment_status":"closed","ping_status":"closed","sticky":false,"template":"","format":"standard","meta":{"footnotes":""},"categories":[14],"tags":[],"ppma_author":[57],"class_list":["post-2474","post","type-post","status-publish","format-standard","has-post-thumbnail","hentry","category-suleymanpasa"],"authors":[{"term_id":57,"user_id":1,"is_guest":0,"slug":"admin","display_name":"Alp Aslan","avatar_url":"https:\/\/secure.gravatar.com\/avatar\/07c18c5ad3350b025db8f3328450e071acb435c703e565899c880c63362f137a?s=96&d=mm&r=g","author_category":"1","first_name":"Alp Aslan","last_name":"ER\u0130N","user_url":"http:\/\/www.gundem59.com.tr","job_title":"","description":""}],"_links":{"self":[{"href":"https:\/\/gundem59.com.tr\/index.php?rest_route=\/wp\/v2\/posts\/2474","targetHints":{"allow":["GET"]}}],"collection":[{"href":"https:\/\/gundem59.com.tr\/index.php?rest_route=\/wp\/v2\/posts"}],"about":[{"href":"https:\/\/gundem59.com.tr\/index.php?rest_route=\/wp\/v2\/types\/post"}],"author":[{"embeddable":true,"href":"https:\/\/gundem59.com.tr\/index.php?rest_route=\/wp\/v2\/users\/1"}],"replies":[{"embeddable":true,"href":"https:\/\/gundem59.com.tr\/index.php?rest_route=%2Fwp%2Fv2%2Fcomments&post=2474"}],"version-history":[{"count":1,"href":"https:\/\/gundem59.com.tr\/index.php?rest_route=\/wp\/v2\/posts\/2474\/revisions"}],"predecessor-version":[{"id":2476,"href":"https:\/\/gundem59.com.tr\/index.php?rest_route=\/wp\/v2\/posts\/2474\/revisions\/2476"}],"wp:featuredmedia":[{"embeddable":true,"href":"https:\/\/gundem59.com.tr\/index.php?rest_route=\/wp\/v2\/media\/2483"}],"wp:attachment":[{"href":"https:\/\/gundem59.com.tr\/index.php?rest_route=%2Fwp%2Fv2%2Fmedia&parent=2474"}],"wp:term":[{"taxonomy":"category","embeddable":true,"href":"https:\/\/gundem59.com.tr\/index.php?rest_route=%2Fwp%2Fv2%2Fcategories&post=2474"},{"taxonomy":"post_tag","embeddable":true,"href":"https:\/\/gundem59.com.tr\/index.php?rest_route=%2Fwp%2Fv2%2Ftags&post=2474"},{"taxonomy":"author","embeddable":true,"href":"https:\/\/gundem59.com.tr\/index.php?rest_route=%2Fwp%2Fv2%2Fppma_author&post=2474"}],"curies":[{"name":"wp","href":"https:\/\/api.w.org\/{rel}","templated":true}]}}